{"id":1157,"date":"2009-06-29T20:25:04","date_gmt":"2009-06-29T18:25:04","guid":{"rendered":"http:\/\/www.alpoma.net\/tecob\/?p=1157"},"modified":"2009-06-29T20:25:58","modified_gmt":"2009-06-29T18:25:58","slug":"%c2%bfmeses-de-28-dias","status":"publish","type":"post","link":"https:\/\/alpoma.net\/tecob\/?p=1157","title":{"rendered":"\u00bfMeses de 28 d\u00edas?"},"content":{"rendered":"<p>Propuestas para modificar los calendarios aparecen cada poco, de hecho, pueden hasta coleccionarse, a pesar de que muy pocas a lo largo de la historia han sido puestas en pr\u00e1ctica. Hoy he encontrado una de lo m\u00e1s pintoresco, apareci\u00f3 publicada en la revista <em>Alrededor del Mundo<\/em>, en su n\u00famero 1.590, editada en Madrid el <strong>7 de diciembre de 1929<\/strong>. Cuando menos, guarda cierto inter\u00e9s y, por ello, he pensado en compartir el recorte, realizado a partir de un PDF escaneado de la <em>Biblioteca Nacional<\/em>, con los lectores de <em>TecOb<\/em>:<\/p>\n<p><strong><a href=\"http:\/\/farm4.static.flickr.com\/3538\/3671944489_3f045c2b79_o.jpg\" class=\"enlaces\">Meses uniformes de 28 d\u00edas<\/a><\/strong> [Imagen 1Mb.]<\/p>\n<p><img decoding=\"async\" src=\"http:\/\/farm4.static.flickr.com\/3543\/3672753290_57d29055f8_o.jpg\" alt=\"img\" \/><\/p>\n","protected":false},"excerpt":{"rendered":"<div class=\"mh-excerpt\"><p>Propuestas para modificar los calendarios aparecen cada poco, de hecho, pueden hasta coleccionarse, a pesar de que muy pocas a lo largo de la historia han sido puestas en pr\u00e1ctica. <a class=\"mh-excerpt-more\" href=\"https:\/\/alpoma.net\/tecob\/?p=1157\" title=\"\u00bfMeses de 28 d\u00edas?\">[&#8230;]<\/a><\/p>\n<\/div>","protected":false},"author":1,"featured_media":10424,"comment_status":"open","ping_status":"open","sticky":false,"template":"","format":"standard","meta":{"jetpack_post_was_ever_published":false,"_jetpack_newsletter_access":"","_jetpack_dont_email_post_to_subs":false,"_jetpack_newsletter_tier_id":0,"_jetpack_memberships_contains_paywalled_content":false,"_jetpack_memberships_contains_paid_content":false,"footnotes":""},"categories":[3],"tags":[],"class_list":["post-1157","post","type-post","status-publish","format-standard","has-post-thumbnail","hentry","category-obsolescencia"],"jetpack_featured_media_url":"https:\/\/alpoma.net\/tecob\/wp-content\/uploads\/2009\/06\/3672753290_57d29055f8_o.jpg","jetpack_shortlink":"https:\/\/wp.me\/p93Dc1-iF","jetpack-related-posts":[{"id":6115,"url":"https:\/\/alpoma.net\/tecob\/?p=6115","url_meta":{"origin":1157,"position":0},"title":"De puentes prefabricados","author":"alpoma","date":"27 enero 2012","format":false,"excerpt":"Mmmm... antes de ir a dormir he decidido revisar algunos feeds que tengo acumulados y, \u00a1sorpresa! He aqu\u00ed un v\u00eddeo que me ha llamado mucho la atenci\u00f3n. Por lo general, a la hora de contruir pasos ferroviarios, el puente se levanta en la localizaci\u00f3n final con la t\u00e9cnica del caj\u00f3n\u2026","rel":"","context":"En \u00abInnovaci\u00f3n\u00bb","block_context":{"text":"Innovaci\u00f3n","link":"https:\/\/alpoma.net\/tecob\/?cat=4"},"img":{"alt_text":"","src":"","width":0,"height":0},"classes":[]},{"id":15333,"url":"https:\/\/alpoma.net\/tecob\/?p=15333","url_meta":{"origin":1157,"position":1},"title":"#NaukasGuardo &#8211; Ciencia desde la Monta\u00f1a Palentina","author":"alpoma","date":"21 marzo 2024","format":false,"excerpt":"Hoy va una nota breve, porque en los pr\u00f3ximos d\u00edas ya ampliar\u00e9 el tema con m\u00e1s informaci\u00f3n. S\u00f3lo comentar que llevo varios meses organizando el primer evento de divulgaci\u00f3n cient\u00edfica de Naukas que se celebra en un \u00e1rea rural (hasta ahora siempre se han realizado en ciudades grandes). El lugar,\u2026","rel":"","context":"En \u00abPersonal\u00bb","block_context":{"text":"Personal","link":"https:\/\/alpoma.net\/tecob\/?cat=2"},"img":{"alt_text":"","src":"https:\/\/i0.wp.com\/alpoma.net\/tecob\/wp-content\/uploads\/2024\/03\/naukas-guardo-2024-b.png?resize=350%2C200&ssl=1","width":350,"height":200,"srcset":"https:\/\/i0.wp.com\/alpoma.net\/tecob\/wp-content\/uploads\/2024\/03\/naukas-guardo-2024-b.png?resize=350%2C200&ssl=1 1x, https:\/\/i0.wp.com\/alpoma.net\/tecob\/wp-content\/uploads\/2024\/03\/naukas-guardo-2024-b.png?resize=525%2C300&ssl=1 1.5x, https:\/\/i0.wp.com\/alpoma.net\/tecob\/wp-content\/uploads\/2024\/03\/naukas-guardo-2024-b.png?resize=700%2C400&ssl=1 2x"},"classes":[]},{"id":3167,"url":"https:\/\/alpoma.net\/tecob\/?p=3167","url_meta":{"origin":1157,"position":2},"title":"Amazings.es: El telescopio gigante que acab\u00f3 en la chatarra","author":"alpoma","date":"21 julio 2010","format":false,"excerpt":"Invito a todos los lectores de TecOb a leer la que es mi primera colaboraci\u00f3n para amazings.es, la historia de un telescopio gigante con poca fortuna... Esta es la historia de una m\u00e1quina, un monstruo met\u00e1lico que fue concebido casi como una broma, se llev\u00f3 por delante un presupuesto nada\u2026","rel":"","context":"En \u00abObsolescencia\u00bb","block_context":{"text":"Obsolescencia","link":"https:\/\/alpoma.net\/tecob\/?cat=3"},"img":{"alt_text":"","src":"https:\/\/i0.wp.com\/www.alpoma.net\/tecob\/wp-content\/uploads\/2010\/07\/4616864-300x246.jpg?resize=350%2C200","width":350,"height":200},"classes":[]},{"id":10120,"url":"https:\/\/alpoma.net\/tecob\/?p=10120","url_meta":{"origin":1157,"position":3},"title":"Ubaldo Pasar\u00f3n, el tipo que \u00abinvent\u00f3\u00bb la navegaci\u00f3n a\u00e9rea y fue tomado por loco","author":"alpoma","date":"18 septiembre 2014","format":false,"excerpt":"Antes de entrar en harina conviene recordar algunas fechas. Julio Verne public\u00f3 La vuelta al mundo en ochenta d\u00edas en el a\u00f1o 1872. Henri Giffard vol\u00f3, con el que es considerado el primer dirigible de la historia, all\u00e1 por el a\u00f1o 1852, aunque no fue hasta finales del siglo XIX\u2026","rel":"","context":"En \u00abMade in Spain\u00bb","block_context":{"text":"Made in Spain","link":"https:\/\/alpoma.net\/tecob\/?cat=10"},"img":{"alt_text":"","src":"https:\/\/i0.wp.com\/alpoma.net\/tecob\/wp-content\/uploads\/2014\/09\/ubaldo_pasaron.png?resize=350%2C200&ssl=1","width":350,"height":200,"srcset":"https:\/\/i0.wp.com\/alpoma.net\/tecob\/wp-content\/uploads\/2014\/09\/ubaldo_pasaron.png?resize=350%2C200&ssl=1 1x, https:\/\/i0.wp.com\/alpoma.net\/tecob\/wp-content\/uploads\/2014\/09\/ubaldo_pasaron.png?resize=525%2C300&ssl=1 1.5x"},"classes":[]},{"id":540,"url":"https:\/\/alpoma.net\/tecob\/?p=540","url_meta":{"origin":1157,"position":4},"title":"1816, el a\u00f1o sin verano","author":"alpoma","date":"19 junio 2016","format":false,"excerpt":"Publiqu\u00e9 este articulo hace ahora diez a\u00f1os, en el verano de 2006. Ahora que se cumplen dos siglos del \"a\u00f1o sin verano\" y como complemento a mi art\u00edculo del pasado viernes sobre Andrew Crosse y Frankenstein, lo rescato de las brumas del tiempo... El verano de 1816 no puede decirse\u2026","rel":"","context":"En \u00abClima\u00bb","block_context":{"text":"Clima","link":"https:\/\/alpoma.net\/tecob\/?cat=8"},"img":{"alt_text":"","src":"https:\/\/i0.wp.com\/alpoma.net\/tecob\/wp-content\/uploads\/2006\/07\/192859965_468160e56a_o.jpg?resize=350%2C200&ssl=1","width":350,"height":200,"srcset":"https:\/\/i0.wp.com\/alpoma.net\/tecob\/wp-content\/uploads\/2006\/07\/192859965_468160e56a_o.jpg?resize=350%2C200&ssl=1 1x, https:\/\/i0.wp.com\/alpoma.net\/tecob\/wp-content\/uploads\/2006\/07\/192859965_468160e56a_o.jpg?resize=525%2C300&ssl=1 1.5x"},"classes":[]},{"id":3760,"url":"https:\/\/alpoma.net\/tecob\/?p=3760","url_meta":{"origin":1157,"position":5},"title":"El d\u00eda que los nazis llegaron a Canad\u00e1","author":"alpoma","date":"29 noviembre 2010","format":false,"excerpt":"Tanto en la costa este, como en la opuesta, y a lo largo de los Estados Unidos, se cuentan muchas viejas historias acerca de agentes nazis infiltrados, esp\u00edas que entraban en el pa\u00eds partiendo de submarinos. En la costa oeste, como no pod\u00eda ser de otro modo, sobre todo se\u2026","rel":"","context":"En \u00abObsolescencia\u00bb","block_context":{"text":"Obsolescencia","link":"https:\/\/alpoma.net\/tecob\/?cat=3"},"img":{"alt_text":"Weather_Station_Kurt","src":"https:\/\/i0.wp.com\/farm5.static.flickr.com\/4103\/5218447111_c557ecfc10_z.jpg?resize=350%2C200","width":350,"height":200},"classes":[]}],"jetpack_sharing_enabled":true,"_links":{"self":[{"href":"https:\/\/alpoma.net\/tecob\/index.php?rest_route=\/wp\/v2\/posts\/1157","targetHints":{"allow":["GET"]}}],"collection":[{"href":"https:\/\/alpoma.net\/tecob\/index.php?rest_route=\/wp\/v2\/posts"}],"about":[{"href":"https:\/\/alpoma.net\/tecob\/index.php?rest_route=\/wp\/v2\/types\/post"}],"author":[{"embeddable":true,"href":"https:\/\/alpoma.net\/tecob\/index.php?rest_route=\/wp\/v2\/users\/1"}],"replies":[{"embeddable":true,"href":"https:\/\/alpoma.net\/tecob\/index.php?rest_route=%2Fwp%2Fv2%2Fcomments&post=1157"}],"version-history":[{"count":0,"href":"https:\/\/alpoma.net\/tecob\/index.php?rest_route=\/wp\/v2\/posts\/1157\/revisions"}],"wp:featuredmedia":[{"embeddable":true,"href":"https:\/\/alpoma.net\/tecob\/index.php?rest_route=\/wp\/v2\/media\/10424"}],"wp:attachment":[{"href":"https:\/\/alpoma.net\/tecob\/index.php?rest_route=%2Fwp%2Fv2%2Fmedia&parent=1157"}],"wp:term":[{"taxonomy":"category","embeddable":true,"href":"https:\/\/alpoma.net\/tecob\/index.php?rest_route=%2Fwp%2Fv2%2Fcategories&post=1157"},{"taxonomy":"post_tag","embeddable":true,"href":"https:\/\/alpoma.net\/tecob\/index.php?rest_route=%2Fwp%2Fv2%2Ftags&post=1157"}],"curies":[{"name":"wp","href":"https:\/\/api.w.org\/{rel}","templated":true}]}}