{"id":1152,"date":"2009-06-23T18:29:31","date_gmt":"2009-06-23T16:29:31","guid":{"rendered":"http:\/\/www.alpoma.net\/tecob\/?p=1152"},"modified":"2009-07-01T12:55:51","modified_gmt":"2009-07-01T10:55:51","slug":"coblentz-y-la-molibdenita","status":"publish","type":"post","link":"https:\/\/alpoma.net\/tecob\/?p=1152","title":{"rendered":"Coblentz y la molibdenita"},"content":{"rendered":"<p>Este es un asunto que me lleva intrigando desde hace a\u00f1os, as\u00ed que me he decidido a publicar algo sobre \u00e9l, con la esperanza de que alg\u00fan lector ma\u00f1oso de <em>TecOb<\/em> pueda resolver mis dudas. Como toda historia, \u00e9sta tambi\u00e9n tiene un principio. La cuesti\u00f3n comenz\u00f3 con <strong><a href=\"http:\/\/www.alpoma.net\/tecob\/?p=186\" class=\"enlaces\">un art\u00edculo<\/a><\/strong> en este mismo blog, en el que me preguntaba qu\u00e9 tipo de mineral era uno que hace tiempo habita en mi colecci\u00f3n de <em>pedruscos<\/em> pero que todav\u00eda no he inventariado adecuadamente. Durante un tiempo pens\u00e9 que era <strong>molibdenita<\/strong>, pero ya no lo tengo tan claro y, en realidad, no importa demasiado. <\/p>\n<p>Pero una cosa llev\u00f3 a otra, que s\u00ed importa, por lo curioso e intrigante del experimento. Buscando informaci\u00f3n sobre la molibdenita, llegu\u00e9 a alguien que sugiri\u00f3 su uso como generador de energ\u00eda electr\u00edca partiendo de la radiaci\u00f3n solar. <strong>\u00bfDe verdad exponiendo cristales de molibdenita al sol se genera energ\u00eda el\u00e9ctrica?<\/strong> Podr\u00eda ser, hay algunos minerales que ofrecen tal comportamiento, pero en el caso de ese mineral de molibdeno parec\u00eda haber algo especial. Desde que William Coblentz describiera este comportamiento, pr\u00e1cticamente nadie ha hecho caso al mismo y no deja de ser raro, teniendo en cuenta que han pasado m\u00e1s de ochenta a\u00f1os desde entonces.<\/p>\n<p>Veamos, <strong>\u00bfalg\u00fan lector de <em>TecOb<\/em> tiene a mano cristales de molibdenita?<\/strong> Si es as\u00ed, le sugiero que realice un <strong>sencillo experimento<\/strong> siguiendo las indicaciones que se dejan ver en las siguientes letras y que, c\u00f3mo no, espero que me comente el resultado de la experiencia.<\/p>\n<p><strong>\u00bfQui\u00e9n era el tal Coblentz y por qu\u00e9 le interesaba la molibdenita?<\/strong> A estas dos preguntas habr\u00e1 que responder que <strong><a href=\"http:\/\/en.wikipedia.org\/wiki\/William_Coblentz\" class=\"enlaces\">William Coblentz<\/a> <\/strong>fue uno de los cient\u00edficos m\u00e1s destacados de su \u00e9poca, manteni\u00e9ndose en activo pr\u00e1cticamente durante toda la primera mitad del siglo XX, con resultados extraordinarios. Es considerado como uno de los padres de la espectroscopia y la radiometr\u00eda infrarroja. Aplic\u00f3 estas t\u00e9cnicas en astronom\u00eda y en multitud de experimentos f\u00edsicos. Y, tras \u00abjugar\u00bb con cientos de materiales buscando lo mejor para sus radi\u00f3metros, lleg\u00f3 a la conclusi\u00f3n de que <strong>exponiendo cristales de molibdenita a los rayos solares se pod\u00eda generar energ\u00eda el\u00e9ctrica<\/strong>.  Se apasion\u00f3 con ese mineral, y a \u00e9l y a su efecto \u00abactinoel\u00e9ctrico\u00bb, como lo denominaba, dedic\u00f3 varias patentes. Lo curioso del tema se encuentra en que, seg\u00fan sus palabras, pod\u00eda generar una cantidad considerable de energ\u00eda el\u00e9ctrica, pero \u00fanicamente cuando expon\u00edan ciertas \u00abmotas\u00bb presentes en el interior de algunos cristales de molibdenita, he ah\u00ed el misterio. <strong>\u00bfEn qu\u00e9 se diferenciaban esas porciones de cristal del resto de \u00e1reas aleda\u00f1as?<\/strong><\/p>\n<p><img decoding=\"async\" src=\"http:\/\/farm4.static.flickr.com\/3341\/3654598442_4bc5a3c573_o.jpg\" alt=\"img\" \/><\/p>\n<p>Para entender mejor todo esto, acudir\u00e9 a la prensa de la \u00e9poca. En <em>traducci\u00f3n-adaptaci\u00f3n<\/em> casera, he aqu\u00ed un fragmento de un art\u00edculo publicado en <em><a href=\"http:\/\/books.google.es\/books?id=8-EDAAAAMBAJ&#038;pg=PA418&#038;dq=coblentz+molybdenite&#038;as_brr=1&#038;ei=E_VAStGFDpf2MPTq0N8O\" class=\"enlaces\"><strong>Popular Mechanics<\/strong><\/a><\/em> en el mes de marzo de 1932:<\/p>\n<blockquote><p>El Doctor Coblentz maneja una peque\u00f1a caja, como un pastillero, del que salen dos finos cables, como antenas de insecto. Los dos cables est\u00e1n soldados a ambos extremos de una pieza de molibdenita colocada en el interior de la caja. Una mirada cercana nos muestra la presencia de una peque\u00f1a mota incrustada en el interior del cristal. \u00c9l dirige la caja hacia el sol, penetrando la luz hasta contactar con el mineral. Entonces, \u00a1la aguja del amper\u00edmetro pega un salto! En cuanto se cubre la abertura, la aguja retorna a su posici\u00f3n de reposo. <\/p><\/blockquote>\n<p>Poco m\u00e1s hay que a\u00f1adir. Recomiendo la lectura minuciosa de ese art\u00edculo, y tambi\u00e9n de <strong><a href=\"http:\/\/books.google.es\/books?id=fdgDAAAAMBAJ&#038;pg=RA1-PA50&#038;dq=coblentz+molybdenite&#038;as_brr=1&#038;ei=E_VAStGFDpf2MPTq0N8O\" class=\"enlaces\">este otro<\/a><\/strong>, de la edici\u00f3n de julio de 1926. El misterio reside en esas motas y en su supuesto poder \u00abfotovoltaico\u00bb, aunque para ser precisos este efecto de generaci\u00f3n de energ\u00eda el\u00e9ctrica a partir de la luz no tiene mucho que ver con ese t\u00e9rmino, no al menos como se emplea en la actualidad. Vale, he lanzado el reto. <strong>\u00bfQui\u00e9n se anima a reproducir el experimento de Coblentz?<\/strong> Si nadie se ofrece,<strong> \u00bfpuede alguien al menos orientarme sobre d\u00f3nde adquirir cristales de molibdenita de forma sencilla?<\/strong> Ya se sabe, la curiosidad mat\u00f3 al gato. \ud83d\ude09<\/p>\n<p><strong>Documentos adicionales<\/strong>: <a href=\"http:\/\/www.google.com\/patents?q=%22william+w.+coblentz%22&#038;btnG=Search+Patents\" class=\"enlaces\">Patentes de William W. Coblentz<\/a>, en concreto, recomiendo la lectura de esta: <em><a href=\"http:\/\/www.google.com\/patents?id=8oh5AAAAEBAJ&#038;printsec=abstract&#038;zoom=4&#038;source=gbs_summary_r&#038;cad=0_0\">Optical means for generating, amplifying and controlling electric currents<\/a><\/em>. <\/p>\n<p>Por cierto, no viene mal recordar aqu\u00ed el <strong><a href=\"http:\/\/www.alpoma.net\/tecob\/?p=784\" class=\"enlaces\">Poema Marciano<\/a><\/strong>, de Catherine Cate Coblentz. <\/p>\n<p class=\"otros3\"><strong>ACTUALIZACI\u00d3N<\/strong> (1 de julio de 2009): <a href=\"http:\/\/tabulanonrasa.blogspot.com\/\" class=\"enlaces\">Jordi<\/a> me ha pasado un documento excepcional que me ha permitido entender algunas cosas relativas a este asunto. Por lo que he podido averiguar, tirando del hilo, aunque durante mucho tiempo no se profundiz\u00f3 mucho sobre el tema, parece que el empleo de ciertos minerales, posiblemente entre ellos finas l\u00e1minas de molibdenita, o combinaciones que la contengan, pueden tener un futuro prometedor en el desarrollo de nuevos dispositivos fotovoltaicos. <strong>Referencia de inter\u00e9s<\/strong>: <em><a href=\"http:\/\/www.iop.org\/EJ\/abstract\/0022-3727\/1\/12\/305\/\">The photovoltage in thin crystals of MoS<sub>2<\/sub><\/a><\/em>. B. L. Evans et al 1968 J. Phys. D: Appl. Phys. 1 1619-1623.<\/p>\n","protected":false},"excerpt":{"rendered":"<div class=\"mh-excerpt\"><p>Este es un asunto que me lleva intrigando desde hace a\u00f1os, as\u00ed que me he decidido a publicar algo sobre \u00e9l, con la esperanza de que alg\u00fan lector ma\u00f1oso de <a class=\"mh-excerpt-more\" href=\"https:\/\/alpoma.net\/tecob\/?p=1152\" title=\"Coblentz y la molibdenita\">[&#8230;]<\/a><\/p>\n<\/div>","protected":false},"author":1,"featured_media":10762,"comment_status":"open","ping_status":"open","sticky":false,"template":"","format":"standard","meta":{"jetpack_post_was_ever_published":false,"_jetpack_newsletter_access":"","_jetpack_dont_email_post_to_subs":false,"_jetpack_newsletter_tier_id":0,"_jetpack_memberships_contains_paywalled_content":false,"_jetpack_memberships_contains_paid_content":false,"footnotes":""},"categories":[9,2],"tags":[],"class_list":["post-1152","post","type-post","status-publish","format-standard","has-post-thumbnail","hentry","category-experimentos","category-personal"],"jetpack_featured_media_url":"https:\/\/alpoma.net\/tecob\/wp-content\/uploads\/2009\/06\/3654598442_4bc5a3c573_o.jpg","jetpack_shortlink":"https:\/\/wp.me\/p93Dc1-iA","jetpack-related-posts":[{"id":1048,"url":"https:\/\/alpoma.net\/tecob\/?p=1048","url_meta":{"origin":1152,"position":0},"title":"Noherlesoom, el astr\u00f3nomo del pueblo","author":"alpoma","date":"16 diciembre 2008","format":false,"excerpt":"Versi\u00f3n para la web del art\u00edculo que publiqu\u00e9 en el n\u00famero de diciembre de 2008 de Historia de Iberia Vieja. Jam\u00e1s hombre alguno fue tan combatido en su prestigio cient\u00edfico como Le\u00f3n Hermoso. Sus partidarios llegaron hasta concederle la virtud de la adivinaci\u00f3n, sus enemigos hasta negarle el conocimiento de\u2026","rel":"","context":"En \u00abMade in Spain\u00bb","block_context":{"text":"Made in Spain","link":"https:\/\/alpoma.net\/tecob\/?cat=10"},"img":{"alt_text":"","src":"https:\/\/i0.wp.com\/alpoma.net\/tecob\/wp-content\/uploads\/2008\/12\/3111733042_a00814d467_m.jpg?resize=350%2C200&ssl=1","width":350,"height":200},"classes":[]},{"id":13435,"url":"https:\/\/alpoma.net\/tecob\/?p=13435","url_meta":{"origin":1152,"position":1},"title":"Crea tu propia calculadora Curta (s\u00f3lo para los m\u00e1s osados de la impresi\u00f3n 3D)","author":"alpoma","date":"6 julio 2018","format":false,"excerpt":"\u00a1Qu\u00e9 recuerdos me trae esto! Desde hace muchos a\u00f1os, las calculadoras mec\u00e1nicas Curta son uno de mis artilugios favoritos. Por eso, el 24 de febrero de 2005, esos ingenios fueron protagonistas del primer art\u00edculo que publiqu\u00e9 en este blog. Con el tiempo he ido publicando m\u00e1s detalles sobre la incre\u00edble\u2026","rel":"","context":"En \u00abExperimentos\u00bb","block_context":{"text":"Experimentos","link":"https:\/\/alpoma.net\/tecob\/?cat=9"},"img":{"alt_text":"","src":"https:\/\/i0.wp.com\/alpoma.net\/tecob\/wp-content\/uploads\/2018\/07\/calculadora-curta.jpg?resize=350%2C200&ssl=1","width":350,"height":200},"classes":[]},{"id":2982,"url":"https:\/\/alpoma.net\/tecob\/?p=2982","url_meta":{"origin":1152,"position":2},"title":"Relojes a vapor","author":"alpoma","date":"22 junio 2010","format":false,"excerpt":"En un mundo paralelo, donde las fantas\u00edas de corte steampunk fueran reales, seguramente no ser\u00eda extra\u00f1o encontrar grandes relojes urbanos movidos por vapor. Como nuestra l\u00ednea hist\u00f3rica de acontecimientos hace ya mucho que abandon\u00f3 la era del carb\u00f3n y el acero, al menos por lo que al vapor se refiere,\u2026","rel":"","context":"En \u00abObsolescencia\u00bb","block_context":{"text":"Obsolescencia","link":"https:\/\/alpoma.net\/tecob\/?cat=3"},"img":{"alt_text":"","src":"https:\/\/i0.wp.com\/alpoma.net\/tecob\/wp-content\/uploads\/2010\/06\/4724871412_54980732b5.jpg?resize=350%2C200&ssl=1","width":350,"height":200},"classes":[]},{"id":2343,"url":"https:\/\/alpoma.net\/tecob\/?p=2343","url_meta":{"origin":1152,"position":3},"title":"La d\u00e9cima de Beethoven","author":"alpoma","date":"10 marzo 2010","format":false,"excerpt":"Ludwig van Beethoven \u00fanicamente compuso nueve sinfon\u00edas y no hay m\u00e1s que a\u00f1adir, pero perm\u00edtaseme hoy ser un tanto heterodoxo y hasta poco respetuoso con mi admirado genio de Bonn, porque me referir\u00e9 a la d\u00e9cima de sus sinfon\u00edas. La d\u00e9cima sinfon\u00eda de Beethoven no existe, sobre todo porque antes\u2026","rel":"","context":"En \u00abM\u00fasica\u00bb","block_context":{"text":"M\u00fasica","link":"https:\/\/alpoma.net\/tecob\/?cat=42"},"img":{"alt_text":"Beethoven","src":"https:\/\/i0.wp.com\/www.alpoma.net\/tecob\/wp-content\/uploads\/2010\/03\/beethoven2-273x300.jpg?resize=350%2C200","width":350,"height":200},"classes":[]},{"id":709,"url":"https:\/\/alpoma.net\/tecob\/?p=709","url_meta":{"origin":1152,"position":4},"title":"El sonido de la guillotina","author":"alpoma","date":"19 abril 2007","format":false,"excerpt":"Nunca he escuchado el sonido de una guillotina \"trabajando\" y espero no tener que hacerlo nunca. No obstante, se trata de un recurso muy efectivo en algunos casos, como el que voy a referir brevemente. He de reconocer que, en cuanto a la \u00f3pera, soy bastante mani\u00e1tico. Muy pocas \u00f3peras\u2026","rel":"","context":"En \u00abM\u00fasica\u00bb","block_context":{"text":"M\u00fasica","link":"https:\/\/alpoma.net\/tecob\/?cat=42"},"img":{"alt_text":"","src":"","width":0,"height":0},"classes":[]},{"id":1447,"url":"https:\/\/alpoma.net\/tecob\/?p=1447","url_meta":{"origin":1152,"position":5},"title":"Reactores nucleares naturales","author":"alpoma","date":"29 octubre 2009","format":false,"excerpt":"Escrib\u00ed en TecOb sobre este asunto hace a\u00f1os, pero una reciente anotaci\u00f3n en BLDGBLOG me ha animado para ampliar un poco lo entonces narrado. No se escandalice ning\u00fan ecologista radical por asociar mentalmente un reactor nuclear con algo natural porque, si se para a pensar un poco, comprobar\u00e1 que vivimos\u2026","rel":"","context":"En \u00abGeo\u00bb","block_context":{"text":"Geo","link":"https:\/\/alpoma.net\/tecob\/?cat=5"},"img":{"alt_text":"","src":"https:\/\/i0.wp.com\/alpoma.net\/tecob\/wp-content\/uploads\/2009\/10\/4054075450_8e2a3d5719_o.jpg?resize=350%2C200&ssl=1","width":350,"height":200},"classes":[]}],"jetpack_sharing_enabled":true,"_links":{"self":[{"href":"https:\/\/alpoma.net\/tecob\/index.php?rest_route=\/wp\/v2\/posts\/1152","targetHints":{"allow":["GET"]}}],"collection":[{"href":"https:\/\/alpoma.net\/tecob\/index.php?rest_route=\/wp\/v2\/posts"}],"about":[{"href":"https:\/\/alpoma.net\/tecob\/index.php?rest_route=\/wp\/v2\/types\/post"}],"author":[{"embeddable":true,"href":"https:\/\/alpoma.net\/tecob\/index.php?rest_route=\/wp\/v2\/users\/1"}],"replies":[{"embeddable":true,"href":"https:\/\/alpoma.net\/tecob\/index.php?rest_route=%2Fwp%2Fv2%2Fcomments&post=1152"}],"version-history":[{"count":0,"href":"https:\/\/alpoma.net\/tecob\/index.php?rest_route=\/wp\/v2\/posts\/1152\/revisions"}],"wp:featuredmedia":[{"embeddable":true,"href":"https:\/\/alpoma.net\/tecob\/index.php?rest_route=\/wp\/v2\/media\/10762"}],"wp:attachment":[{"href":"https:\/\/alpoma.net\/tecob\/index.php?rest_route=%2Fwp%2Fv2%2Fmedia&parent=1152"}],"wp:term":[{"taxonomy":"category","embeddable":true,"href":"https:\/\/alpoma.net\/tecob\/index.php?rest_route=%2Fwp%2Fv2%2Fcategories&post=1152"},{"taxonomy":"post_tag","embeddable":true,"href":"https:\/\/alpoma.net\/tecob\/index.php?rest_route=%2Fwp%2Fv2%2Ftags&post=1152"}],"curies":[{"name":"wp","href":"https:\/\/api.w.org\/{rel}","templated":true}]}}