{"id":1151,"date":"2009-06-19T18:49:11","date_gmt":"2009-06-19T16:49:11","guid":{"rendered":"http:\/\/www.alpoma.net\/tecob\/?p=1151"},"modified":"2009-06-19T18:50:24","modified_gmt":"2009-06-19T16:50:24","slug":"bombardeando-el-falso-paris","status":"publish","type":"post","link":"https:\/\/alpoma.net\/tecob\/?p=1151","title":{"rendered":"Bombardeando el falso Par\u00eds"},"content":{"rendered":"<p>En el momento en que se ide\u00f3 este proyecto pudo tener su utilidad. Ciertamente, a finales de la Gran Guerra, hacia 1917, la tecnolog\u00eda a\u00e9rea dedicada a la destrucci\u00f3n desde el aire, los primitivos aviones bombarderos, no eran precisamente certeros en sus ataque, ni tan siquiera en la identificaci\u00f3n desde las alturas de sus objetivos. \u00bfPor qu\u00e9 no crear entonces una ciudad fict\u00edcia que desorientara a los pilotos y fuera bombardeada, salvando a la ciudad real? Sin radares, navegando visualmente, sobre todo entre brumas, pudo haber funcionado. No he encontrado mucha informaci\u00f3n sobre la idea, pero me parece fascinante. Seg\u00fan este recorte de la edici\u00f3n del 6 de noviembre de 1920 de <em>The Illustrated London News<\/em>, aunque al terminar la guerra no hab\u00eda sido completada, s\u00ed se hab\u00eda levantado en las cercan\u00edas de Par\u00eds una gran simulaci\u00f3n de ciudad, con sus calles, luces, v\u00edas y dem\u00e1s juegos ficticios, dedicada a atraer sobre s\u00ed bombardeos enemigos, desorientando a los pilotos alemanes y, as\u00ed, salvando a los parisinos de algunos bombardeos.<\/p>\n<p><img decoding=\"async\" src=\"http:\/\/farm4.static.flickr.com\/3411\/3641000713_aa9b995997_o.jpg\" alt=\"img\" class=\"otros\"\/><\/p>\n<p><a href=\"http:\/\/longstreet.typepad.com\/thesciencebookstore\/2009\/06\/the-false-parisa-city-created-to-be-bombed-19171918.html\" >| V\u00eda Ptak Science Books |<\/a><\/p>\n","protected":false},"excerpt":{"rendered":"<div class=\"mh-excerpt\"><p>En el momento en que se ide\u00f3 este proyecto pudo tener su utilidad. Ciertamente, a finales de la Gran Guerra, hacia 1917, la tecnolog\u00eda a\u00e9rea dedicada a la destrucci\u00f3n desde <a class=\"mh-excerpt-more\" href=\"https:\/\/alpoma.net\/tecob\/?p=1151\" title=\"Bombardeando el falso Par\u00eds\">[&#8230;]<\/a><\/p>\n<\/div>","protected":false},"author":1,"featured_media":10412,"comment_status":"open","ping_status":"open","sticky":false,"template":"","format":"standard","meta":{"jetpack_post_was_ever_published":false,"_jetpack_newsletter_access":"","_jetpack_dont_email_post_to_subs":false,"_jetpack_newsletter_tier_id":0,"_jetpack_memberships_contains_paywalled_content":false,"_jetpack_memberships_contains_paid_content":false,"footnotes":""},"categories":[3],"tags":[],"class_list":["post-1151","post","type-post","status-publish","format-standard","has-post-thumbnail","hentry","category-obsolescencia"],"jetpack_featured_media_url":"https:\/\/alpoma.net\/tecob\/wp-content\/uploads\/2009\/06\/3641000713_aa9b995997_o.jpg","jetpack_shortlink":"https:\/\/wp.me\/p93Dc1-iz","jetpack-related-posts":[{"id":5153,"url":"https:\/\/alpoma.net\/tecob\/?p=5153","url_meta":{"origin":1151,"position":0},"title":"La muerte de Granados","author":"alpoma","date":"28 julio 2011","format":false,"excerpt":"Me sorprendi\u00f3 ayer el doodle de Google con una ilustraci\u00f3n en memoria del 144 aniversario del nacimiento del genial Enrique Granados el 27 de julio de 1867. Eso me hizo recordar que, con 48 a\u00f1os, encontr\u00f3 la muerte de forma inesperada sin haber alcanzado la cima de su arte. Ciertamente,\u2026","rel":"","context":"En \u00abMade in Spain\u00bb","block_context":{"text":"Made in Spain","link":"https:\/\/alpoma.net\/tecob\/?cat=10"},"img":{"alt_text":"","src":"https:\/\/i0.wp.com\/alpoma.net\/tecob\/wp-content\/uploads\/2011\/07\/5984683011_a133243f47_o.jpg?resize=350%2C200&ssl=1","width":350,"height":200,"srcset":"https:\/\/i0.wp.com\/alpoma.net\/tecob\/wp-content\/uploads\/2011\/07\/5984683011_a133243f47_o.jpg?resize=350%2C200&ssl=1 1x, https:\/\/i0.wp.com\/alpoma.net\/tecob\/wp-content\/uploads\/2011\/07\/5984683011_a133243f47_o.jpg?resize=525%2C300&ssl=1 1.5x"},"classes":[]},{"id":710,"url":"https:\/\/alpoma.net\/tecob\/?p=710","url_meta":{"origin":1151,"position":1},"title":"El final de Diesel","author":"alpoma","date":"21 abril 2007","format":false,"excerpt":"Las aguas del Canal de la Mancha se mostraban intranquilas aquella noche del 29 de septiembre de 1913. Surc\u00e1ndolas, un vapor que hab\u00eda partido de Amberes, avanzaba con premura hacia Inglaterra. En cubierta, contemplando el paisaje mar\u00edtimo y el oscuro cielo oto\u00f1al, un hombre so\u00f1ador y aventurero ignoraba que su\u2026","rel":"","context":"En \u00abObsolescencia\u00bb","block_context":{"text":"Obsolescencia","link":"https:\/\/alpoma.net\/tecob\/?cat=3"},"img":{"alt_text":"","src":"https:\/\/i0.wp.com\/alpoma.net\/tecob\/wp-content\/uploads\/2007\/04\/467356462_90913235b6.jpg?resize=350%2C200&ssl=1","width":350,"height":200},"classes":[]},{"id":7147,"url":"https:\/\/alpoma.net\/tecob\/?p=7147","url_meta":{"origin":1151,"position":2},"title":"Agust\u00edn de Betancourt y la m\u00e1quina secreta","author":"alpoma","date":"1 septiembre 2012","format":false,"excerpt":"Versi\u00f3n reducida del art\u00edculo que publiqu\u00e9 en la revista Historia de Iberia Vieja en su edici\u00f3n correspondiente al mes de septiembre de 2012. Don Agust\u00edn de Betancourt, deseando hacer un modelo de la m\u00e1quina de vapor, se determin\u00f3 a pasar a Inglaterra, a fin de indagar todos los descubrimientos \u00fatiles\u2026","rel":"","context":"En \u00abMade in Spain\u00bb","block_context":{"text":"Made in Spain","link":"https:\/\/alpoma.net\/tecob\/?cat=10"},"img":{"alt_text":"watt_boulton","src":"https:\/\/i0.wp.com\/farm9.staticflickr.com\/8302\/7904645158_2720b5fb51_n.jpg?resize=350%2C200","width":350,"height":200},"classes":[]},{"id":3406,"url":"https:\/\/alpoma.net\/tecob\/?p=3406","url_meta":{"origin":1151,"position":3},"title":"Un mal d\u00eda en la oficina","author":"alpoma","date":"22 agosto 2010","format":false,"excerpt":"Este es un post un tanto experimental. Tengo la intenci\u00f3n de seguir este nuevo camino en TecOb, o al menos intentarlo. Se trata de elaborar un poco m\u00e1s las historias, siguiendo lo habitual en los art\u00edculos largos, pero acompa\u00f1ando el texto con infograf\u00edas realizadas para el propio art\u00edculo. Espero cr\u00edticas\u2026","rel":"","context":"En \u00abObsolescencia\u00bb","block_context":{"text":"Obsolescencia","link":"https:\/\/alpoma.net\/tecob\/?cat=3"},"img":{"alt_text":"Infografia_NY","src":"https:\/\/i0.wp.com\/farm5.static.flickr.com\/4114\/4915890527_975ea1a566_o.jpg?resize=350%2C200","width":350,"height":200,"srcset":"https:\/\/i0.wp.com\/farm5.static.flickr.com\/4114\/4915890527_975ea1a566_o.jpg?resize=350%2C200 1x, https:\/\/i0.wp.com\/farm5.static.flickr.com\/4114\/4915890527_975ea1a566_o.jpg?resize=525%2C300 1.5x"},"classes":[]},{"id":2471,"url":"https:\/\/alpoma.net\/tecob\/?p=2471","url_meta":{"origin":1151,"position":4},"title":"Un palacio de la \u00f3pera en medio de la selva","author":"alpoma","date":"11 abril 2010","format":false,"excerpt":"Manaos es uno de esos casos de ciudad repleta de contrastes extra\u00f1os que merece la pena repasar una y otra vez. Esta urbe se localiza al norte de Brasil y, siendo la capital del estado de Amazonas, no sorprender\u00e1 que est\u00e9 situada en tierras ba\u00f1adas por las aguas del gran\u2026","rel":"","context":"En \u00abGeo\u00bb","block_context":{"text":"Geo","link":"https:\/\/alpoma.net\/tecob\/?cat=5"},"img":{"alt_text":"","src":"https:\/\/i0.wp.com\/alpoma.net\/tecob\/wp-content\/uploads\/2010\/04\/4510501257_ee43090693_o.jpg?resize=350%2C200&ssl=1","width":350,"height":200,"srcset":"https:\/\/i0.wp.com\/alpoma.net\/tecob\/wp-content\/uploads\/2010\/04\/4510501257_ee43090693_o.jpg?resize=350%2C200&ssl=1 1x, https:\/\/i0.wp.com\/alpoma.net\/tecob\/wp-content\/uploads\/2010\/04\/4510501257_ee43090693_o.jpg?resize=525%2C300&ssl=1 1.5x"},"classes":[]},{"id":5394,"url":"https:\/\/alpoma.net\/tecob\/?p=5394","url_meta":{"origin":1151,"position":5},"title":"Lord Kelvin, h\u00e9roe de la Segunda Guerra Mundial","author":"alpoma","date":"30 septiembre 2011","format":false,"excerpt":"\u00bfNo habr\u00e1 algo mal en el t\u00edtulo de este post? Mmmmm, teniendo en cuenta que el genial William Thomson, primer bar\u00f3n Kelvin, falleci\u00f3 en 1907, no parece que tenga mucho sentido pensar que tuviera algo que ver con la Segunda Guerra Mundial. Sin embargo, una de sus creaciones facilit\u00f3 las\u2026","rel":"","context":"En \u00abObsolescencia\u00bb","block_context":{"text":"Obsolescencia","link":"https:\/\/alpoma.net\/tecob\/?cat=3"},"img":{"alt_text":"","src":"https:\/\/i0.wp.com\/alpoma.net\/tecob\/wp-content\/uploads\/2011\/09\/6196435916_3f66147bd1_z.jpg?resize=350%2C200&ssl=1","width":350,"height":200,"srcset":"https:\/\/i0.wp.com\/alpoma.net\/tecob\/wp-content\/uploads\/2011\/09\/6196435916_3f66147bd1_z.jpg?resize=350%2C200&ssl=1 1x, https:\/\/i0.wp.com\/alpoma.net\/tecob\/wp-content\/uploads\/2011\/09\/6196435916_3f66147bd1_z.jpg?resize=525%2C300&ssl=1 1.5x"},"classes":[]}],"jetpack_sharing_enabled":true,"_links":{"self":[{"href":"https:\/\/alpoma.net\/tecob\/index.php?rest_route=\/wp\/v2\/posts\/1151","targetHints":{"allow":["GET"]}}],"collection":[{"href":"https:\/\/alpoma.net\/tecob\/index.php?rest_route=\/wp\/v2\/posts"}],"about":[{"href":"https:\/\/alpoma.net\/tecob\/index.php?rest_route=\/wp\/v2\/types\/post"}],"author":[{"embeddable":true,"href":"https:\/\/alpoma.net\/tecob\/index.php?rest_route=\/wp\/v2\/users\/1"}],"replies":[{"embeddable":true,"href":"https:\/\/alpoma.net\/tecob\/index.php?rest_route=%2Fwp%2Fv2%2Fcomments&post=1151"}],"version-history":[{"count":0,"href":"https:\/\/alpoma.net\/tecob\/index.php?rest_route=\/wp\/v2\/posts\/1151\/revisions"}],"wp:featuredmedia":[{"embeddable":true,"href":"https:\/\/alpoma.net\/tecob\/index.php?rest_route=\/wp\/v2\/media\/10412"}],"wp:attachment":[{"href":"https:\/\/alpoma.net\/tecob\/index.php?rest_route=%2Fwp%2Fv2%2Fmedia&parent=1151"}],"wp:term":[{"taxonomy":"category","embeddable":true,"href":"https:\/\/alpoma.net\/tecob\/index.php?rest_route=%2Fwp%2Fv2%2Fcategories&post=1151"},{"taxonomy":"post_tag","embeddable":true,"href":"https:\/\/alpoma.net\/tecob\/index.php?rest_route=%2Fwp%2Fv2%2Ftags&post=1151"}],"curies":[{"name":"wp","href":"https:\/\/api.w.org\/{rel}","templated":true}]}}