{"id":1137,"date":"2009-05-28T19:33:15","date_gmt":"2009-05-28T17:33:15","guid":{"rendered":"http:\/\/www.alpoma.net\/tecob\/?p=1137"},"modified":"2009-05-28T19:33:25","modified_gmt":"2009-05-28T17:33:25","slug":"la-chica-halcon","status":"publish","type":"post","link":"https:\/\/alpoma.net\/tecob\/?p=1137","title":{"rendered":"La chica halc\u00f3n"},"content":{"rendered":"<p><img decoding=\"async\" src=\"http:\/\/farm3.static.flickr.com\/2428\/3573889856_35b37fa51e_m.jpg\" alt=\"img\" class=\"dch\"\/>Con este apodo, junto con el de <em><strong>la flecha humana<\/strong><\/em>, fue conocida <strong><a href=\"http:\/\/www.ctie.monash.edu.au\/hargrave\/dutrieu.html\" class=\"enlaces\">H\u00e9l\u00e8ne Dutrieu<\/a><\/strong> y no faltaron razones para ello. El 26 de junio de 1961 fallec\u00eda en Par\u00eds esta aventurera sin igual, a la edad de 83 a\u00f1os. \u00bfPor qu\u00e9 afirmo que se trat\u00f3 de un personaje \u00fanico? Muy sencillo, porque de pocas personas puede decirse que hayan sido campeones mundiales de ciclismo, pilotos de carreas automovil\u00edsticas y de motos, de avi\u00f3n, gestores de hospitales y servicios de emergencia, adem\u00e1s de conductores de ambulancias en medio de los peligros de una cruel guerra y, por si fuera poco, con patentes de invenci\u00f3n surgidas de su ingenio. \u00bfQui\u00e9n ofrece m\u00e1s aventura? H\u00e9l\u00e8ne Dutrieu naci\u00f3 en 1877 en B\u00e9lgica y pronto demostr\u00f3 que su inquieto esp\u00edritu llevar\u00eda muy lejos su aparentemente fr\u00e1gil figura. A finales del siglo XIX logr\u00f3 todo tipo de <strong>\u00e9xitos ciclistas<\/strong>, como el r\u00e9cord mundial de distancia en una hora de 1895, o diversas pruebas de velocidad que le valieron el citado mote de <em>la flecha humana<\/em>. Hasta aqu\u00ed podr\u00eda tratarse del caso de un deportista de \u00e9lite m\u00e1s, alguien que logra sobresalir en la disciplina de su elecci\u00f3n, consiguiendo fama mundial. Pero no, H\u00e9l\u00e8ne era de ese tipo de personas que nunca est\u00e1n satisfechas con sus logros, siempre aspiraba a m\u00e1s y, he aqu\u00ed lo m\u00e1s sobresaliente, no s\u00f3lo se centr\u00f3 en un deporte o campo, sino que logr\u00f3 \u00e9xitos en todas aquellas disciplinas a las que se dedic\u00f3. \u00bfImagina alguien hoy d\u00eda a un ciclista de fama mundial que, sucesivamente, fuera capaz de convertirse en c\u00e9lebre piloto de motos y aviador? Naturalmente, los primeros a\u00f1os del siglo XX eran propicios para ver el nacimiento de este tipo de estrellas, pero eso no resta m\u00e9rito a la audacia de H\u00e9l\u00e8ne porque, adem\u00e1s, fue <strong>inventora<\/strong>. <\/p>\n<p><img decoding=\"async\" src=\"http:\/\/farm3.static.flickr.com\/2001\/3573064093_ab22e82c03_o.jpg\" alt=\"img\" \/><\/p>\n<p>Despu\u00e9s de varios a\u00f1os recorriendo el mundo en prueba ciclistas, de autom\u00f3viles y motos, y tras varios accidentes de los que sali\u00f3 milagrosamente viva, H\u00e9l\u00e8ne volvi\u00f3 la vista a los cielos. En 1908 se convirti\u00f3 en piloto de pruebas con el modelo <em>Santos-Dumont dise\u00f1o n\u00famero 19 Demoiselle<\/em> (<em>Se\u00f1orita<\/em>). Se estrell\u00f3 en su primer vuelo, pero eso no detuvo su carrera aventurera y en 1910 se convirti\u00f3 en la primera piloto femenina en volar con un pasajero y, al poco tiempo, fue la <strong>cuarta mujer en el mundo en lograr una licencia oficial de vuelo<\/strong>. De esos tiempos viene lo de <em><strong>chica halc\u00f3n<\/strong><\/em>, <strong>capaz de causar esc\u00e1ndalos, de sorprendente inocencia vistos hoy d\u00eda, como cuando afirm\u00f3 a la prensa que volaba sin vestir cors\u00e9<\/strong>, cosa que no gust\u00f3 a sus contempor\u00e1neos. Posteriormente acumul\u00f3 todo tipo de premios y r\u00e9cords, sobre todo relacionados con vuelos de larga duraci\u00f3n y altitud. En 1912 se convirti\u00f3 en la<strong> primera mujer en pilotar un hidroavi\u00f3n <\/strong>y en 1913 de fue concedido el privilegio de pertenecer a la <em>Legi\u00f3n de Honor <\/em>francesa. Eran tiempos alegres, en un mundo que cambiaba r\u00e1pidamente, pero todo termin\u00f3 en 1914. La <strong>Gran Guerra <\/strong>vio a H\u00e9l\u00e8ne convertida en intr\u00e9pida conductora de ambulancias y en directora de un hospital de campa\u00f1a en el que, adem\u00e1s, se encargaba de organizar la operaciones de emergencia encaminadas a rescatar a soldados heridos en combate. Terminada la guerra decidi\u00f3 cambiar de aires, se cas\u00f3 con un franc\u00e9s en 1922 y se trabaj\u00f3 como periodista, adem\u00e1s de ser presidenta de la secci\u00f3n femenina del <em>Aero Club de Francia<\/em>. <\/p>\n<p>Por cierto, <strong><a href=\"http:\/\/www.google.com\/patents?id=rqkrAAAAEBAJ&#038;dq=Dutrieu\" class=\"enlaces\">he aqu\u00ed una de sus patentes<\/a><\/strong>, la estadounidense n\u00famero 749.607, registrada en agosto de 1903 y otorgada a H\u00e9l\u00e8ne Dutrieu sobre un artilugio muy curioso para circuitos de carreras ciclistas.<\/p>\n<p><img decoding=\"async\" src=\"http:\/\/farm4.static.flickr.com\/3560\/3573055099_4197282283_o.jpg\" alt=\"img\" \/><\/p>\n","protected":false},"excerpt":{"rendered":"<div class=\"mh-excerpt\"><p>Con este apodo, junto con el de la flecha humana, fue conocida H\u00e9l\u00e8ne Dutrieu y no faltaron razones para ello. El 26 de junio de 1961 fallec\u00eda en Par\u00eds esta <a class=\"mh-excerpt-more\" href=\"https:\/\/alpoma.net\/tecob\/?p=1137\" title=\"La chica halc\u00f3n\">[&#8230;]<\/a><\/p>\n<\/div>","protected":false},"author":1,"featured_media":11049,"comment_status":"open","ping_status":"open","sticky":false,"template":"","format":"standard","meta":{"jetpack_post_was_ever_published":false,"_jetpack_newsletter_access":"","_jetpack_dont_email_post_to_subs":false,"_jetpack_newsletter_tier_id":0,"_jetpack_memberships_contains_paywalled_content":false,"_jetpack_memberships_contains_paid_content":false,"footnotes":""},"categories":[3],"tags":[],"class_list":["post-1137","post","type-post","status-publish","format-standard","has-post-thumbnail","hentry","category-obsolescencia"],"jetpack_featured_media_url":"https:\/\/alpoma.net\/tecob\/wp-content\/uploads\/2009\/05\/3573889856_35b37fa51e_m.jpg","jetpack_shortlink":"https:\/\/wp.me\/p93Dc1-il","jetpack-related-posts":[{"id":1153,"url":"https:\/\/alpoma.net\/tecob\/?p=1153","url_meta":{"origin":1137,"position":0},"title":"Marie Marvingt y la primera ambulancia a\u00e9rea","author":"alpoma","date":"9 octubre 2016","format":false,"excerpt":"Una nota de ayer publicada por @JoseM_SGP me hizo recordar cierta exposici\u00f3n de 2014 acerca de esta fascinante mujer y, sobre todo, me hizo pensar que, hace ahora cien a\u00f1os, ella se encontraba volando por los cielos europeos. \u00bfQu\u00e9 mejor ocasi\u00f3n que recuperar este art\u00edculo que publiqu\u00e9 en 2009 acerca\u2026","rel":"","context":"En \u00abObsolescencia\u00bb","block_context":{"text":"Obsolescencia","link":"https:\/\/alpoma.net\/tecob\/?cat=3"},"img":{"alt_text":"","src":"https:\/\/i0.wp.com\/alpoma.net\/tecob\/wp-content\/uploads\/2009\/06\/3660045267_29167ce303.jpg?resize=350%2C200&ssl=1","width":350,"height":200},"classes":[]},{"id":7147,"url":"https:\/\/alpoma.net\/tecob\/?p=7147","url_meta":{"origin":1137,"position":1},"title":"Agust\u00edn de Betancourt y la m\u00e1quina secreta","author":"alpoma","date":"1 septiembre 2012","format":false,"excerpt":"Versi\u00f3n reducida del art\u00edculo que publiqu\u00e9 en la revista Historia de Iberia Vieja en su edici\u00f3n correspondiente al mes de septiembre de 2012. Don Agust\u00edn de Betancourt, deseando hacer un modelo de la m\u00e1quina de vapor, se determin\u00f3 a pasar a Inglaterra, a fin de indagar todos los descubrimientos \u00fatiles\u2026","rel":"","context":"En \u00abMade in Spain\u00bb","block_context":{"text":"Made in Spain","link":"https:\/\/alpoma.net\/tecob\/?cat=10"},"img":{"alt_text":"watt_boulton","src":"https:\/\/i0.wp.com\/farm9.staticflickr.com\/8302\/7904645158_2720b5fb51_n.jpg?resize=350%2C200","width":350,"height":200},"classes":[]},{"id":4850,"url":"https:\/\/alpoma.net\/tecob\/?p=4850","url_meta":{"origin":1137,"position":2},"title":"El chaval que quiso construir un reactor nuclear","author":"alpoma","date":"31 mayo 2011","format":false,"excerpt":"En los a\u00f1os sesenta tuvo bastante \u00e9xito, o al menos fue muy conocido en ciertos \u00e1mbitos en los Estados Unidos, un libro ciertamente atractivo. Apareci\u00f3 bajo el t\u00edtulo The Golden Book of Chemistry Experiments y pronto llam\u00f3 la atenci\u00f3n de muchos qu\u00edmicos aficionados y futuros cient\u00edficos. S\u00ed, se anunciaba como\u2026","rel":"","context":"En \u00abObsolescencia\u00bb","block_context":{"text":"Obsolescencia","link":"https:\/\/alpoma.net\/tecob\/?cat=3"},"img":{"alt_text":"","src":"https:\/\/i0.wp.com\/alpoma.net\/tecob\/wp-content\/uploads\/2011\/05\/5781202445_71f837b94f_o.jpg?resize=350%2C200&ssl=1","width":350,"height":200,"srcset":"https:\/\/i0.wp.com\/alpoma.net\/tecob\/wp-content\/uploads\/2011\/05\/5781202445_71f837b94f_o.jpg?resize=350%2C200&ssl=1 1x, https:\/\/i0.wp.com\/alpoma.net\/tecob\/wp-content\/uploads\/2011\/05\/5781202445_71f837b94f_o.jpg?resize=525%2C300&ssl=1 1.5x"},"classes":[]},{"id":6067,"url":"https:\/\/alpoma.net\/tecob\/?p=6067","url_meta":{"origin":1137,"position":3},"title":"Los colmenares tradicionales y el oso pardo","author":"alpoma","date":"23 enero 2012","format":false,"excerpt":"Desde hace ya tanto tiempo que nadie recuerda el momento en que fue levantado, cuenta mi familia con un vetusto colmenar a las faldas de la imponente Pe\u00f1a Redonda, en la Monta\u00f1a Palentina, pintoresca construcci\u00f3n tradicional a la que corresponde esta fotograf\u00eda que tom\u00e9 en el verano de 2007. Ese\u2026","rel":"","context":"En \u00abObsolescencia\u00bb","block_context":{"text":"Obsolescencia","link":"https:\/\/alpoma.net\/tecob\/?cat=3"},"img":{"alt_text":"","src":"https:\/\/i0.wp.com\/alpoma.net\/tecob\/wp-content\/uploads\/2012\/01\/1032898092_de6e0edcc1_z.jpg?resize=350%2C200&ssl=1","width":350,"height":200,"srcset":"https:\/\/i0.wp.com\/alpoma.net\/tecob\/wp-content\/uploads\/2012\/01\/1032898092_de6e0edcc1_z.jpg?resize=350%2C200&ssl=1 1x, https:\/\/i0.wp.com\/alpoma.net\/tecob\/wp-content\/uploads\/2012\/01\/1032898092_de6e0edcc1_z.jpg?resize=525%2C300&ssl=1 1.5x"},"classes":[]},{"id":615,"url":"https:\/\/alpoma.net\/tecob\/?p=615","url_meta":{"origin":1137,"position":4},"title":"\u00c9milie du Ch\u00e2telet","author":"alpoma","date":"10 octubre 2006","format":false,"excerpt":"Puede encontrarse su nombre escrito de diversas formas. En el t\u00edtulo, he optado por la manera francesa, porque su nombre completo, Gabrielle-\u00c9milie Le Tonnelier de Breteuil, es un poco largo y, adem\u00e1s, se la sol\u00eda conocer por su t\u00edtulo, Marquesa de Ch\u00e2telet. El 17 de diciembre de este a\u00f1o habr\u00e1n\u2026","rel":"","context":"En \u00abInnovaci\u00f3n\u00bb","block_context":{"text":"Innovaci\u00f3n","link":"https:\/\/alpoma.net\/tecob\/?cat=4"},"img":{"alt_text":"chatelet","src":"https:\/\/i0.wp.com\/static.flickr.com\/92\/266227682_c4f1e2a90c_m.jpg?resize=350%2C200","width":350,"height":200},"classes":[]},{"id":1174,"url":"https:\/\/alpoma.net\/tecob\/?p=1174","url_meta":{"origin":1137,"position":5},"title":"Sobre libros encuadernados con piel humana","author":"alpoma","date":"17 julio 2009","format":false,"excerpt":"Un reciente art\u00edculo de Los Angeles Times me ha hecho buscar otro art\u00edculo que le\u00ed hace tiempo sobre un macabro tema en el que, por lo general, se suele mezclar la ficci\u00f3n y lo real. Se trata de los libros encuadernados con piel humana que, a decir de los bibli\u00f3filos\u2026","rel":"","context":"En \u00abObsolescencia\u00bb","block_context":{"text":"Obsolescencia","link":"https:\/\/alpoma.net\/tecob\/?cat=3"},"img":{"alt_text":"","src":"https:\/\/i0.wp.com\/alpoma.net\/tecob\/wp-content\/uploads\/2009\/07\/3729669088_cefa2335bf_m.jpg?resize=350%2C200&ssl=1","width":350,"height":200},"classes":[]}],"jetpack_sharing_enabled":true,"_links":{"self":[{"href":"https:\/\/alpoma.net\/tecob\/index.php?rest_route=\/wp\/v2\/posts\/1137","targetHints":{"allow":["GET"]}}],"collection":[{"href":"https:\/\/alpoma.net\/tecob\/index.php?rest_route=\/wp\/v2\/posts"}],"about":[{"href":"https:\/\/alpoma.net\/tecob\/index.php?rest_route=\/wp\/v2\/types\/post"}],"author":[{"embeddable":true,"href":"https:\/\/alpoma.net\/tecob\/index.php?rest_route=\/wp\/v2\/users\/1"}],"replies":[{"embeddable":true,"href":"https:\/\/alpoma.net\/tecob\/index.php?rest_route=%2Fwp%2Fv2%2Fcomments&post=1137"}],"version-history":[{"count":0,"href":"https:\/\/alpoma.net\/tecob\/index.php?rest_route=\/wp\/v2\/posts\/1137\/revisions"}],"wp:featuredmedia":[{"embeddable":true,"href":"https:\/\/alpoma.net\/tecob\/index.php?rest_route=\/wp\/v2\/media\/11049"}],"wp:attachment":[{"href":"https:\/\/alpoma.net\/tecob\/index.php?rest_route=%2Fwp%2Fv2%2Fmedia&parent=1137"}],"wp:term":[{"taxonomy":"category","embeddable":true,"href":"https:\/\/alpoma.net\/tecob\/index.php?rest_route=%2Fwp%2Fv2%2Fcategories&post=1137"},{"taxonomy":"post_tag","embeddable":true,"href":"https:\/\/alpoma.net\/tecob\/index.php?rest_route=%2Fwp%2Fv2%2Ftags&post=1137"}],"curies":[{"name":"wp","href":"https:\/\/api.w.org\/{rel}","templated":true}]}}