{"id":11350,"date":"2015-05-08T16:46:00","date_gmt":"2015-05-08T14:46:00","guid":{"rendered":"http:\/\/www.alpoma.net\/tecob\/?p=11350"},"modified":"2015-05-08T16:47:48","modified_gmt":"2015-05-08T14:47:48","slug":"morillas-cobo-y-su-motor-rotativo","status":"publish","type":"post","link":"https:\/\/alpoma.net\/tecob\/?p=11350","title":{"rendered":"Morillas Cobo y su motor rotativo"},"content":{"rendered":"<p>En mi nuevo libro, <em><strong><a href=\"http:\/\/glyphos.net\/?product=made-in-spain-cuando-inventabamos-nosotros\" target=\"_blank\">Made in Spain. Cuando invent\u00e1bamos nosotros<\/a><\/strong><\/em>, adem\u00e1s de los cap\u00edtulos que se centran en un personaje concreto, he incluido referencias breves, a modo de fichas, sobre los casos de otros<strong> inventores que merecen un recuerdo<\/strong> pero que, por diversos motivos, no encontraron m\u00e1s espacio en el papel.<\/p>\n<p>Uno de esos casos, que tengo en lista de espera para ahondar en su biograf\u00eda, es el de <strong>Jes\u00fas Morillas Cobo<\/strong>. Reproduzco aqu\u00ed lo que ya mencion\u00e9 en esas p\u00e1ginas y anteriomente en <em>TecOb<\/em> sobre este inventor:<\/p>\n<blockquote><p><em>&#8230;la intrigante historia del motor rotativo que vio la luz en la poblaci\u00f3n de Mancha Real, provincia de Ja\u00e9n, en los a\u00f1os treinta del siglo pasado. No tengo detalles concretos, por lo que la cuesti\u00f3n debe dejarse simplemente anotada, a la espera de m\u00e1s indagaciones. Un inventor del pueblo, que atend\u00eda al nombre de <strong>Jes\u00fas Morillas Cobo de Guzm\u00e1n<\/strong>, desarroll\u00f3 un motor sin pistones, sencillo, ligero y eficiente. Con ayuda de un talentoso mec\u00e1nico, se encargaron las piezas adecuadas y se mont\u00f3 un prototipo que, al parecer, funcion\u00f3 un tiempo en un molino de aceite. Aunque hubo contactos con diversas industrias automovil\u00edsticas espa\u00f1olas y europeas, el proyecto de comercializaci\u00f3n no sali\u00f3 adelante. Se trata de una historia intrigante de la que apenas quedan algunos fragmentos pero que lejos del escepticismo que algunos han mostrado, podr\u00eda guardar detr\u00e1s algo realmente interesante. He ah\u00ed, por ejemplo, las dos patentes espa\u00f1olas de 1928 que fueron concedidas a Jes\u00fas Morillas Cobo para un \u201cMotor de explosi\u00f3n de rotaci\u00f3n pura\u201d (patentes 106779 y 108069).<\/em><\/p><\/blockquote>\n<p>Sigo sin m\u00e1s datos, m\u00e1s que nada porque no he tenido tiempo de abordar en el asunto, aqu\u00ed que queda pendiente. Si alg\u00fan lector de <em>TecOb<\/em> tiene alguna pista m\u00e1s sobre este tema (tengo varias, pero hasta no contar con tiempo para ello la investigaci\u00f3n deber\u00e1 esperar) agradecer\u00eda que dejara un comentario o me enviara un correo electr\u00f3nico. \ud83d\ude09<\/p>\n<p>He recordado hoy a Morillas Cobo porque, aunque no tengo nuevos datos que ofrecer, me he cruzado con <strong>unas fotograf\u00edas que realic\u00e9 hace algunos meses <\/strong>en una visita al <strong>Archivo Hist\u00f3rico de la Oficina Espa\u00f1ola de Patentes y Marcas<\/strong> en Madrid. Son de mala calidad, tengo pendiente solicitar copia de los expedientes de esas dos patentes, pero como tengo las fotos a mano y estas patentes han visto la luz desde hace d\u00e9cadas, he pensado compartir ese material esta tarde. Aqu\u00ed est\u00e1n, corresponden a los gr\u00e1ficos de la patente 108069, titulada \u00abMotor de explosi\u00f3n de rotaci\u00f3n pura\u00bb, concedida en octubre de 1928. <\/p>\n<div data-carousel-extra='{&quot;blog_id&quot;:1,&quot;permalink&quot;:&quot;https:\/\/alpoma.net\/tecob\/?p=11350&quot;}' id='gallery-1' class='gallery galleryid-11350 gallery-columns-2 gallery-size-thumbnail'><figure class='gallery-item'>\n\t\t\t<div class='gallery-icon landscape'>\n\t\t\t\t<a href='https:\/\/alpoma.net\/tecob\/wp-content\/uploads\/2015\/05\/morillas_cobo_1.jpg'><img loading=\"lazy\" decoding=\"async\" width=\"300\" height=\"300\" src=\"https:\/\/alpoma.net\/tecob\/wp-content\/uploads\/2015\/05\/morillas_cobo_1-300x300.jpg\" class=\"attachment-thumbnail size-thumbnail\" alt=\"\" srcset=\"https:\/\/alpoma.net\/tecob\/wp-content\/uploads\/2015\/05\/morillas_cobo_1-300x300.jpg 300w, https:\/\/alpoma.net\/tecob\/wp-content\/uploads\/2015\/05\/morillas_cobo_1-150x150.jpg 150w, https:\/\/alpoma.net\/tecob\/wp-content\/uploads\/2015\/05\/morillas_cobo_1-200x200.jpg 200w\" sizes=\"auto, (max-width: 300px) 100vw, 300px\" data-attachment-id=\"11352\" data-permalink=\"https:\/\/alpoma.net\/tecob\/?attachment_id=11352\" data-orig-file=\"https:\/\/alpoma.net\/tecob\/wp-content\/uploads\/2015\/05\/morillas_cobo_1.jpg\" data-orig-size=\"1200,900\" data-comments-opened=\"0\" data-image-meta=\"{&quot;aperture&quot;:&quot;0&quot;,&quot;credit&quot;:&quot;&quot;,&quot;camera&quot;:&quot;&quot;,&quot;caption&quot;:&quot;&quot;,&quot;created_timestamp&quot;:&quot;0&quot;,&quot;copyright&quot;:&quot;&quot;,&quot;focal_length&quot;:&quot;0&quot;,&quot;iso&quot;:&quot;0&quot;,&quot;shutter_speed&quot;:&quot;0&quot;,&quot;title&quot;:&quot;&quot;,&quot;orientation&quot;:&quot;0&quot;}\" data-image-title=\"morillas_cobo_1\" data-image-description=\"\" data-image-caption=\"\" data-large-file=\"https:\/\/alpoma.net\/tecob\/wp-content\/uploads\/2015\/05\/morillas_cobo_1-1024x768.jpg\" \/><\/a>\n\t\t\t<\/div><\/figure><figure class='gallery-item'>\n\t\t\t<div class='gallery-icon landscape'>\n\t\t\t\t<a href='https:\/\/alpoma.net\/tecob\/wp-content\/uploads\/2015\/05\/morillas_cobo_2.jpg'><img loading=\"lazy\" decoding=\"async\" width=\"300\" height=\"300\" src=\"https:\/\/alpoma.net\/tecob\/wp-content\/uploads\/2015\/05\/morillas_cobo_2-300x300.jpg\" class=\"attachment-thumbnail size-thumbnail\" alt=\"\" srcset=\"https:\/\/alpoma.net\/tecob\/wp-content\/uploads\/2015\/05\/morillas_cobo_2-300x300.jpg 300w, https:\/\/alpoma.net\/tecob\/wp-content\/uploads\/2015\/05\/morillas_cobo_2-150x150.jpg 150w, https:\/\/alpoma.net\/tecob\/wp-content\/uploads\/2015\/05\/morillas_cobo_2-200x200.jpg 200w\" sizes=\"auto, (max-width: 300px) 100vw, 300px\" data-attachment-id=\"11353\" data-permalink=\"https:\/\/alpoma.net\/tecob\/?attachment_id=11353\" data-orig-file=\"https:\/\/alpoma.net\/tecob\/wp-content\/uploads\/2015\/05\/morillas_cobo_2.jpg\" data-orig-size=\"1200,1047\" data-comments-opened=\"0\" data-image-meta=\"{&quot;aperture&quot;:&quot;0&quot;,&quot;credit&quot;:&quot;&quot;,&quot;camera&quot;:&quot;&quot;,&quot;caption&quot;:&quot;&quot;,&quot;created_timestamp&quot;:&quot;0&quot;,&quot;copyright&quot;:&quot;&quot;,&quot;focal_length&quot;:&quot;0&quot;,&quot;iso&quot;:&quot;0&quot;,&quot;shutter_speed&quot;:&quot;0&quot;,&quot;title&quot;:&quot;&quot;,&quot;orientation&quot;:&quot;0&quot;}\" data-image-title=\"morillas_cobo_2\" data-image-description=\"\" data-image-caption=\"\" data-large-file=\"https:\/\/alpoma.net\/tecob\/wp-content\/uploads\/2015\/05\/morillas_cobo_2-1024x893.jpg\" \/><\/a>\n\t\t\t<\/div><\/figure>\n\t\t<\/div>\n\n","protected":false},"excerpt":{"rendered":"<div class=\"mh-excerpt\"><p>En mi nuevo libro, Made in Spain. Cuando invent\u00e1bamos nosotros, adem\u00e1s de los cap\u00edtulos que se centran en un personaje concreto, he incluido referencias breves, a modo de fichas, sobre <a class=\"mh-excerpt-more\" href=\"https:\/\/alpoma.net\/tecob\/?p=11350\" title=\"Morillas Cobo y su motor rotativo\">[&#8230;]<\/a><\/p>\n<\/div>","protected":false},"author":1,"featured_media":11351,"comment_status":"open","ping_status":"open","sticky":false,"template":"","format":"standard","meta":{"jetpack_post_was_ever_published":false,"_jetpack_newsletter_access":"","_jetpack_dont_email_post_to_subs":false,"_jetpack_newsletter_tier_id":0,"_jetpack_memberships_contains_paywalled_content":false,"_jetpack_memberships_contains_paid_content":false,"footnotes":""},"categories":[10],"tags":[152,146,153,147,148,149,114],"class_list":["post-11350","post","type-post","status-publish","format-standard","has-post-thumbnail","hentry","category-made_in_spain","tag-inventores-espanoles","tag-jesus-morillas-cobo","tag-made-in-spain","tag-morillas-cobo","tag-motor","tag-motor-rotativo","tag-motores"],"jetpack_featured_media_url":"https:\/\/alpoma.net\/tecob\/wp-content\/uploads\/2015\/05\/morillas_cobo.jpg","jetpack_shortlink":"https:\/\/wp.me\/p93Dc1-2X4","jetpack-related-posts":[{"id":10082,"url":"https:\/\/alpoma.net\/tecob\/?p=10082","url_meta":{"origin":11350,"position":0},"title":"Baradat-Esteve, la aventura de un motor futurista","author":"alpoma","date":"13 septiembre 2014","format":false,"excerpt":"Versi\u00f3n para TecOb del art\u00edculo que publiqu\u00e9 en la revista Historia de Iberia Vieja, edici\u00f3n de septiembre de 2014. El motor t\u00f3rico Baradat-Esteve (\u2026) puede decirse que ha de ocasionar una revoluci\u00f3n en la t\u00e9cnica de motores de explosi\u00f3n. En dicho motor los cilindros quedan sustituidos por un anillo hueco,\u2026","rel":"","context":"En \u00abMade in Spain\u00bb","block_context":{"text":"Made in Spain","link":"https:\/\/alpoma.net\/tecob\/?cat=10"},"img":{"alt_text":"","src":"https:\/\/i0.wp.com\/alpoma.net\/tecob\/wp-content\/uploads\/2014\/09\/motor_baradat_patente_1-scaled.jpg?resize=350%2C200&ssl=1","width":350,"height":200,"srcset":"https:\/\/i0.wp.com\/alpoma.net\/tecob\/wp-content\/uploads\/2014\/09\/motor_baradat_patente_1-scaled.jpg?resize=350%2C200&ssl=1 1x, https:\/\/i0.wp.com\/alpoma.net\/tecob\/wp-content\/uploads\/2014\/09\/motor_baradat_patente_1-scaled.jpg?resize=525%2C300&ssl=1 1.5x, https:\/\/i0.wp.com\/alpoma.net\/tecob\/wp-content\/uploads\/2014\/09\/motor_baradat_patente_1-scaled.jpg?resize=700%2C400&ssl=1 2x, https:\/\/i0.wp.com\/alpoma.net\/tecob\/wp-content\/uploads\/2014\/09\/motor_baradat_patente_1-scaled.jpg?resize=1050%2C600&ssl=1 3x, https:\/\/i0.wp.com\/alpoma.net\/tecob\/wp-content\/uploads\/2014\/09\/motor_baradat_patente_1-scaled.jpg?resize=1400%2C800&ssl=1 4x"},"classes":[]},{"id":12159,"url":"https:\/\/alpoma.net\/tecob\/?p=12159","url_meta":{"origin":11350,"position":1},"title":"Curtiss-Wright 2500 \u00a1El hover-coche!","author":"alpoma","date":"21 junio 2016","format":false,"excerpt":"Los veh\u00edculos aerodeslizadores, que se desplazan sobre un \"colch\u00f3n de aire\", o hovercraft, han logrado encontrar diversas aplicaciones sobre todo militares y deportivas pero, por suerte o por desgracia, nunca se ha comercializado un modelo para circular por carretera. Ahora bien, se ha intentado en varias ocasiones. De todas ellas,\u2026","rel":"","context":"En \u00abObsolescencia\u00bb","block_context":{"text":"Obsolescencia","link":"https:\/\/alpoma.net\/tecob\/?cat=3"},"img":{"alt_text":"","src":"https:\/\/i0.wp.com\/alpoma.net\/tecob\/wp-content\/uploads\/2016\/06\/hover-coche.png?resize=350%2C200&ssl=1","width":350,"height":200},"classes":[]},{"id":14081,"url":"https:\/\/alpoma.net\/tecob\/?p=14081","url_meta":{"origin":11350,"position":2},"title":"Los pioneros de la energ\u00eda de las olas en Espa\u00f1a","author":"alpoma","date":"2 enero 2019","format":false,"excerpt":"Versi\u00f3n para TecOb del art\u00edculo que publiqu\u00e9 en la revista Historia de Iberia Vieja, edici\u00f3n de diciembre de 2018. Los se\u00f1ores Sanrom\u00e1 y Llena, inventores propietarios de la Patente que nos ocupa, han solventado juiciosamente [las dificultades] del aprovechamiento del oleaje del mar como fuerza motriz, dejando solamente dentro del\u2026","rel":"","context":"En \u00abMade in Spain\u00bb","block_context":{"text":"Made in Spain","link":"https:\/\/alpoma.net\/tecob\/?cat=10"},"img":{"alt_text":"","src":"https:\/\/i0.wp.com\/alpoma.net\/tecob\/wp-content\/uploads\/2019\/01\/2.png?resize=350%2C200&ssl=1","width":350,"height":200,"srcset":"https:\/\/i0.wp.com\/alpoma.net\/tecob\/wp-content\/uploads\/2019\/01\/2.png?resize=350%2C200&ssl=1 1x, https:\/\/i0.wp.com\/alpoma.net\/tecob\/wp-content\/uploads\/2019\/01\/2.png?resize=525%2C300&ssl=1 1.5x, https:\/\/i0.wp.com\/alpoma.net\/tecob\/wp-content\/uploads\/2019\/01\/2.png?resize=700%2C400&ssl=1 2x, https:\/\/i0.wp.com\/alpoma.net\/tecob\/wp-content\/uploads\/2019\/01\/2.png?resize=1050%2C600&ssl=1 3x"},"classes":[]},{"id":10202,"url":"https:\/\/alpoma.net\/tecob\/?p=10202","url_meta":{"origin":11350,"position":3},"title":"Un adelanto de lo que ser\u00e1 mi libro \u00abMade in Spain: Cuando invent\u00e1bamos nosotros\u00bb","author":"alpoma","date":"10 noviembre 2014","format":false,"excerpt":"Si no hay contratiempos, antes de que termine este a\u00f1o 2014 ver\u00e1 la luz mi nuevo libro (adem\u00e1s de la ya presentada edici\u00f3n en papel de la novela El viaje de Argos). A lo largo de la \u00faltima d\u00e9cada he publicado en diversos medios, sobre todo en la revista Historia\u2026","rel":"","context":"En \u00abMade in Spain\u00bb","block_context":{"text":"Made in Spain","link":"https:\/\/alpoma.net\/tecob\/?cat=10"},"img":{"alt_text":"","src":"https:\/\/i0.wp.com\/alpoma.net\/tecob\/wp-content\/uploads\/2014\/11\/barreiros-300x2771.png?resize=350%2C200&ssl=1","width":350,"height":200},"classes":[]},{"id":14971,"url":"https:\/\/alpoma.net\/tecob\/?p=14971","url_meta":{"origin":11350,"position":4},"title":"El Solarium giratorio de Aix-les-Bains, un edificio asombroso","author":"alpoma","date":"21 marzo 2020","format":false,"excerpt":"Ya no existe, lo que es una pena, pero debi\u00f3 ser algo impresionante de contemplar. Aix-les-Bains es una localidad del oeste franc\u00e9s en la que se levant\u00f3 una de las estructuras m\u00e1s singulares que conozco. He aqu\u00ed una fotograf\u00eda de la \u00e9poca en la se erig\u00eda sobre el terreno el\u2026","rel":"","context":"En \u00abObsolescencia\u00bb","block_context":{"text":"Obsolescencia","link":"https:\/\/alpoma.net\/tecob\/?cat=3"},"img":{"alt_text":"","src":"https:\/\/i0.wp.com\/alpoma.net\/tecob\/wp-content\/uploads\/2020\/03\/solarium-1.jpg?resize=350%2C200&ssl=1","width":350,"height":200,"srcset":"https:\/\/i0.wp.com\/alpoma.net\/tecob\/wp-content\/uploads\/2020\/03\/solarium-1.jpg?resize=350%2C200&ssl=1 1x, https:\/\/i0.wp.com\/alpoma.net\/tecob\/wp-content\/uploads\/2020\/03\/solarium-1.jpg?resize=525%2C300&ssl=1 1.5x, https:\/\/i0.wp.com\/alpoma.net\/tecob\/wp-content\/uploads\/2020\/03\/solarium-1.jpg?resize=700%2C400&ssl=1 2x"},"classes":[]},{"id":534,"url":"https:\/\/alpoma.net\/tecob\/?p=534","url_meta":{"origin":11350,"position":5},"title":"Inventores del Siglo de Oro","author":"alpoma","date":"13 julio 2006","format":false,"excerpt":"Hace varios meses visitaron TecOb diversos inventores espa\u00f1oles que desarrollaron su labor en torno al que es conocido como Siglo de Oro espa\u00f1ol. Hoy, siguiendo de nuevo la estela de la magna obra del historiador de la tecnolog\u00eda vallisoletano Nicol\u00e1s Garc\u00eda Tapia, rese\u00f1ar\u00e9 brevemente otros genios olvidados de la t\u00e9cnica\u2026","rel":"","context":"En \u00abMade in Spain\u00bb","block_context":{"text":"Made in Spain","link":"https:\/\/alpoma.net\/tecob\/?cat=10"},"img":{"alt_text":"brujula","src":"https:\/\/i0.wp.com\/static.flickr.com\/70\/188953810_4e0ef41b2a_o.jpg?resize=350%2C200","width":350,"height":200},"classes":[]}],"jetpack_sharing_enabled":true,"_links":{"self":[{"href":"https:\/\/alpoma.net\/tecob\/index.php?rest_route=\/wp\/v2\/posts\/11350","targetHints":{"allow":["GET"]}}],"collection":[{"href":"https:\/\/alpoma.net\/tecob\/index.php?rest_route=\/wp\/v2\/posts"}],"about":[{"href":"https:\/\/alpoma.net\/tecob\/index.php?rest_route=\/wp\/v2\/types\/post"}],"author":[{"embeddable":true,"href":"https:\/\/alpoma.net\/tecob\/index.php?rest_route=\/wp\/v2\/users\/1"}],"replies":[{"embeddable":true,"href":"https:\/\/alpoma.net\/tecob\/index.php?rest_route=%2Fwp%2Fv2%2Fcomments&post=11350"}],"version-history":[{"count":0,"href":"https:\/\/alpoma.net\/tecob\/index.php?rest_route=\/wp\/v2\/posts\/11350\/revisions"}],"wp:featuredmedia":[{"embeddable":true,"href":"https:\/\/alpoma.net\/tecob\/index.php?rest_route=\/wp\/v2\/media\/11351"}],"wp:attachment":[{"href":"https:\/\/alpoma.net\/tecob\/index.php?rest_route=%2Fwp%2Fv2%2Fmedia&parent=11350"}],"wp:term":[{"taxonomy":"category","embeddable":true,"href":"https:\/\/alpoma.net\/tecob\/index.php?rest_route=%2Fwp%2Fv2%2Fcategories&post=11350"},{"taxonomy":"post_tag","embeddable":true,"href":"https:\/\/alpoma.net\/tecob\/index.php?rest_route=%2Fwp%2Fv2%2Ftags&post=11350"}],"curies":[{"name":"wp","href":"https:\/\/api.w.org\/{rel}","templated":true}]}}