{"id":11257,"date":"2015-04-13T12:00:04","date_gmt":"2015-04-13T10:00:04","guid":{"rendered":"http:\/\/www.alpoma.net\/tecob\/?p=11257"},"modified":"2015-04-13T12:01:19","modified_gmt":"2015-04-13T10:01:19","slug":"una-solucion-de-1927-para-aparcar-en-espacios-reducidos","status":"publish","type":"post","link":"https:\/\/alpoma.net\/tecob\/?p=11257","title":{"rendered":"Una soluci\u00f3n de 1927 para aparcar en espacios reducidos"},"content":{"rendered":"<p>No s\u00e9 si \u00absoluci\u00f3n\u00bb ser\u00eda la palabra adecuada, pero al menos era ingenioso. Ocurrencias similares aparecieron por doquier en los primeros a\u00f1os de expansi\u00f3n de la industria del autom\u00f3vil, pero apenas un pu\u00f1ado de ellas logr\u00f3 sobrevivir. En este caso apenas tengo datos todav\u00eda, se trata de la prueba de un autom\u00f3vil en <strong>Francia<\/strong> hacia <strong>1927<\/strong> en la que puede verse un ingenio capaz de modificar el comportamiento del eje delantero para poder aparcar en espacios reducidos. Aqu\u00ed va el <strong><a href=\"https:\/\/youtu.be\/S5R368iX7iI\" target=\"_blank\">v\u00eddeo<\/a><\/strong>&#8230;<\/p>\n<p><iframe loading=\"lazy\" width=\"620\" height=\"465\" src=\"https:\/\/www.youtube.com\/embed\/S5R368iX7iI\" frameborder=\"0\" allowfullscreen><\/iframe><\/p>\n<p><small>| V\u00eda <a href=\"http:\/\/www.rexresearch.com\/1index.htm\" target=\"_blank\">RexResearch<\/a> |<\/small><\/p>\n","protected":false},"excerpt":{"rendered":"<div class=\"mh-excerpt\"><p>No s\u00e9 si \u00absoluci\u00f3n\u00bb ser\u00eda la palabra adecuada, pero al menos era ingenioso. Ocurrencias similares aparecieron por doquier en los primeros a\u00f1os de expansi\u00f3n de la industria del autom\u00f3vil, pero <a class=\"mh-excerpt-more\" href=\"https:\/\/alpoma.net\/tecob\/?p=11257\" title=\"Una soluci\u00f3n de 1927 para aparcar en espacios reducidos\">[&#8230;]<\/a><\/p>\n<\/div>","protected":false},"author":1,"featured_media":11259,"comment_status":"open","ping_status":"open","sticky":false,"template":"","format":"standard","meta":{"jetpack_post_was_ever_published":false,"_jetpack_newsletter_access":"","_jetpack_dont_email_post_to_subs":false,"_jetpack_newsletter_tier_id":0,"_jetpack_memberships_contains_paywalled_content":false,"_jetpack_memberships_contains_paid_content":false,"footnotes":""},"categories":[3],"tags":[105,108,109,107,106],"class_list":["post-11257","post","type-post","status-publish","format-standard","has-post-thumbnail","hentry","category-obsolescencia","tag-105","tag-aparcamiento","tag-aparcar","tag-automovil","tag-video-vintage"],"jetpack_featured_media_url":"https:\/\/alpoma.net\/tecob\/wp-content\/uploads\/2015\/04\/wheel2.jpg","jetpack_shortlink":"https:\/\/wp.me\/p93Dc1-2Vz","jetpack-related-posts":[{"id":11515,"url":"https:\/\/alpoma.net\/tecob\/?p=11515","url_meta":{"origin":11257,"position":0},"title":"La Cuevona","author":"alpoma","date":"3 agosto 2015","format":false,"excerpt":"He pasado esta tarde por un lugar pintoresco que me ha encantado y que, por supuesto, no puedo resistirme a compartir con los lectores de TecOb. La visita merece la pena, aunque aviso que para llegar a este lugar hay que transitar por estrechas carreteras de monta\u00f1a que est\u00e1n en\u2026","rel":"","context":"En \u00abGeo\u00bb","block_context":{"text":"Geo","link":"https:\/\/alpoma.net\/tecob\/?cat=5"},"img":{"alt_text":"","src":"https:\/\/i0.wp.com\/alpoma.net\/tecob\/wp-content\/uploads\/2015\/08\/IMG_2230-e1438552305869.jpg?resize=350%2C200&ssl=1","width":350,"height":200,"srcset":"https:\/\/i0.wp.com\/alpoma.net\/tecob\/wp-content\/uploads\/2015\/08\/IMG_2230-e1438552305869.jpg?resize=350%2C200&ssl=1 1x, https:\/\/i0.wp.com\/alpoma.net\/tecob\/wp-content\/uploads\/2015\/08\/IMG_2230-e1438552305869.jpg?resize=525%2C300&ssl=1 1.5x, https:\/\/i0.wp.com\/alpoma.net\/tecob\/wp-content\/uploads\/2015\/08\/IMG_2230-e1438552305869.jpg?resize=700%2C400&ssl=1 2x"},"classes":[]},{"id":1021,"url":"https:\/\/alpoma.net\/tecob\/?p=1021","url_meta":{"origin":11257,"position":1},"title":"L\u00e1mparas de arco de larga duraci\u00f3n","author":"alpoma","date":"28 octubre 2008","format":false,"excerpt":"Ahora que nos encontramos en el momento de un cambio de paradigma en cuanto a tecnolog\u00eda de iluminaci\u00f3n se refiere, llegando la hora de aparcar las l\u00e1mparas de incandescencia cl\u00e1sicas, me he acordado de otra \u00e9poca, cuando las bombillas de incandescencia ped\u00edan paso y la tecnolog\u00eda de arco agonizaba. Sirva\u2026","rel":"","context":"En \u00abObsolescencia\u00bb","block_context":{"text":"Obsolescencia","link":"https:\/\/alpoma.net\/tecob\/?cat=3"},"img":{"alt_text":"","src":"https:\/\/i0.wp.com\/alpoma.net\/tecob\/wp-content\/uploads\/2008\/10\/2982422584_15453f570d_o.jpg?resize=350%2C200&ssl=1","width":350,"height":200,"srcset":"https:\/\/i0.wp.com\/alpoma.net\/tecob\/wp-content\/uploads\/2008\/10\/2982422584_15453f570d_o.jpg?resize=350%2C200&ssl=1 1x, https:\/\/i0.wp.com\/alpoma.net\/tecob\/wp-content\/uploads\/2008\/10\/2982422584_15453f570d_o.jpg?resize=525%2C300&ssl=1 1.5x"},"classes":[]},{"id":11567,"url":"https:\/\/alpoma.net\/tecob\/?p=11567","url_meta":{"origin":11257,"position":2},"title":"Francesc Bonet y Emilio de la Cuadra, pioneros del autom\u00f3vil","author":"alpoma","date":"28 agosto 2015","format":false,"excerpt":"Versi\u00f3n reducida del art\u00edculo que publiqu\u00e9 en la revista Historia de Iberia Vieja, edici\u00f3n de agosto de 2015. Los pedidos [de motores Daimler] fueron muy numerosos. Haremos menci\u00f3n de uno en especial por haber sido hecho por un espa\u00f1ol: Francisco Bonet Dalmau. Este ingenioso y testarudo catal\u00e1n consigui\u00f3 que Daimler\u2026","rel":"","context":"En \u00abMade in Spain\u00bb","block_context":{"text":"Made in Spain","link":"https:\/\/alpoma.net\/tecob\/?cat=10"},"img":{"alt_text":"","src":"https:\/\/i0.wp.com\/alpoma.net\/tecob\/wp-content\/uploads\/2015\/08\/automovil_bonet_18891.png?resize=350%2C200&ssl=1","width":350,"height":200},"classes":[]},{"id":2426,"url":"https:\/\/alpoma.net\/tecob\/?p=2426","url_meta":{"origin":11257,"position":3},"title":"La absurda muerte de Isadora Duncan","author":"alpoma","date":"24 marzo 2010","format":false,"excerpt":"Algunas muertes tr\u00e1gicas se han convertido en verdaderas leyendas, lugares imaginarios en los que la realidad poco tiene que ver con lo realmente sucedido. En otras ocasiones, las pinceladas fant\u00e1sticas s\u00f3lo han venido a incrementar cierto halo de excentricidad presente en el \u00f3bito. He aqu\u00ed uno de esos casos, sin\u2026","rel":"","context":"En \u00abObsolescencia\u00bb","block_context":{"text":"Obsolescencia","link":"https:\/\/alpoma.net\/tecob\/?cat=3"},"img":{"alt_text":"","src":"https:\/\/i0.wp.com\/alpoma.net\/tecob\/wp-content\/uploads\/2010\/03\/Isadora_Duncan_2.jpg?resize=350%2C200&ssl=1","width":350,"height":200,"srcset":"https:\/\/i0.wp.com\/alpoma.net\/tecob\/wp-content\/uploads\/2010\/03\/Isadora_Duncan_2.jpg?resize=350%2C200&ssl=1 1x, https:\/\/i0.wp.com\/alpoma.net\/tecob\/wp-content\/uploads\/2010\/03\/Isadora_Duncan_2.jpg?resize=525%2C300&ssl=1 1.5x, https:\/\/i0.wp.com\/alpoma.net\/tecob\/wp-content\/uploads\/2010\/03\/Isadora_Duncan_2.jpg?resize=700%2C400&ssl=1 2x"},"classes":[]},{"id":12975,"url":"https:\/\/alpoma.net\/tecob\/?p=12975","url_meta":{"origin":11257,"position":4},"title":"El coche de von Ardenne (1961): Seguro, panor\u00e1mico y \u00a1raro de narices!","author":"alpoma","date":"18 noviembre 2017","format":false,"excerpt":"Antes de entrar en la miga del asunto, c\u00f3mo no, convendr\u00e1 recordar muy brevemente qui\u00e9n fue Manfred von Ardenne, el inventor del extra\u00f1o bicho sobre ruedas que nos visita hoy (pr\u00f3ximamente publicar\u00e9 una rese\u00f1a biogr\u00e1fica sobre su figura, pero vayan por adelantado estas letras para ir descubriendo al personaje). Manfred\u2026","rel":"","context":"En \u00abObsolescencia\u00bb","block_context":{"text":"Obsolescencia","link":"https:\/\/alpoma.net\/tecob\/?cat=3"},"img":{"alt_text":"","src":"https:\/\/i0.wp.com\/alpoma.net\/tecob\/wp-content\/uploads\/2017\/11\/von-ardenne-car-1961.jpg?resize=350%2C200&ssl=1","width":350,"height":200,"srcset":"https:\/\/i0.wp.com\/alpoma.net\/tecob\/wp-content\/uploads\/2017\/11\/von-ardenne-car-1961.jpg?resize=350%2C200&ssl=1 1x, https:\/\/i0.wp.com\/alpoma.net\/tecob\/wp-content\/uploads\/2017\/11\/von-ardenne-car-1961.jpg?resize=525%2C300&ssl=1 1.5x, https:\/\/i0.wp.com\/alpoma.net\/tecob\/wp-content\/uploads\/2017\/11\/von-ardenne-car-1961.jpg?resize=700%2C400&ssl=1 2x, https:\/\/i0.wp.com\/alpoma.net\/tecob\/wp-content\/uploads\/2017\/11\/von-ardenne-car-1961.jpg?resize=1050%2C600&ssl=1 3x, https:\/\/i0.wp.com\/alpoma.net\/tecob\/wp-content\/uploads\/2017\/11\/von-ardenne-car-1961.jpg?resize=1400%2C800&ssl=1 4x"},"classes":[]},{"id":1068,"url":"https:\/\/alpoma.net\/tecob\/?p=1068","url_meta":{"origin":11257,"position":5},"title":"Terrafugia Transition, avi\u00f3n rodante","author":"alpoma","date":"29 enero 2009","format":false,"excerpt":"El tiempo pasa y muchos nos preguntamos, en lo que ya se ha convertido en una frase gastada: \u00bfd\u00f3nde est\u00e1 mi coche volador? Porque, en poco m\u00e1s de una d\u00e9cada, llegar\u00e1 el mes de noviembre del a\u00f1o 2019 y, para todos los fan\u00e1ticos de Blade Runner, eso supondr\u00e1 una decepci\u00f3n\u2026","rel":"","context":"En \u00abInnovaci\u00f3n\u00bb","block_context":{"text":"Innovaci\u00f3n","link":"https:\/\/alpoma.net\/tecob\/?cat=4"},"img":{"alt_text":"","src":"https:\/\/i0.wp.com\/alpoma.net\/tecob\/wp-content\/uploads\/2009\/01\/3236459115_de19a68aab_o.jpg?resize=350%2C200&ssl=1","width":350,"height":200,"srcset":"https:\/\/i0.wp.com\/alpoma.net\/tecob\/wp-content\/uploads\/2009\/01\/3236459115_de19a68aab_o.jpg?resize=350%2C200&ssl=1 1x, https:\/\/i0.wp.com\/alpoma.net\/tecob\/wp-content\/uploads\/2009\/01\/3236459115_de19a68aab_o.jpg?resize=525%2C300&ssl=1 1.5x"},"classes":[]}],"jetpack_sharing_enabled":true,"_links":{"self":[{"href":"https:\/\/alpoma.net\/tecob\/index.php?rest_route=\/wp\/v2\/posts\/11257","targetHints":{"allow":["GET"]}}],"collection":[{"href":"https:\/\/alpoma.net\/tecob\/index.php?rest_route=\/wp\/v2\/posts"}],"about":[{"href":"https:\/\/alpoma.net\/tecob\/index.php?rest_route=\/wp\/v2\/types\/post"}],"author":[{"embeddable":true,"href":"https:\/\/alpoma.net\/tecob\/index.php?rest_route=\/wp\/v2\/users\/1"}],"replies":[{"embeddable":true,"href":"https:\/\/alpoma.net\/tecob\/index.php?rest_route=%2Fwp%2Fv2%2Fcomments&post=11257"}],"version-history":[{"count":0,"href":"https:\/\/alpoma.net\/tecob\/index.php?rest_route=\/wp\/v2\/posts\/11257\/revisions"}],"wp:featuredmedia":[{"embeddable":true,"href":"https:\/\/alpoma.net\/tecob\/index.php?rest_route=\/wp\/v2\/media\/11259"}],"wp:attachment":[{"href":"https:\/\/alpoma.net\/tecob\/index.php?rest_route=%2Fwp%2Fv2%2Fmedia&parent=11257"}],"wp:term":[{"taxonomy":"category","embeddable":true,"href":"https:\/\/alpoma.net\/tecob\/index.php?rest_route=%2Fwp%2Fv2%2Fcategories&post=11257"},{"taxonomy":"post_tag","embeddable":true,"href":"https:\/\/alpoma.net\/tecob\/index.php?rest_route=%2Fwp%2Fv2%2Ftags&post=11257"}],"curies":[{"name":"wp","href":"https:\/\/api.w.org\/{rel}","templated":true}]}}