{"id":11245,"date":"2015-04-08T19:15:31","date_gmt":"2015-04-08T17:15:31","guid":{"rendered":"http:\/\/www.alpoma.net\/tecob\/?p=11245"},"modified":"2015-04-08T19:15:31","modified_gmt":"2015-04-08T17:15:31","slug":"este-viernes-dia-10-estare-junto-a-alfonso-azpiri-en-valladolid","status":"publish","type":"post","link":"https:\/\/alpoma.net\/tecob\/?p=11245","title":{"rendered":"Este viernes d\u00eda 10, estar\u00e9 junto a Alfonso Azpiri en Valladolid"},"content":{"rendered":"<p><img decoding=\"async\" src=\"http:\/\/www.alpoma.net\/tecob\/wp-content\/uploads\/2014\/12\/libro_2.jpg\" class=\"dch\"\/>No soy muy dado a estas cosas, pero si tienes inter\u00e9s en conocerme y\/o en que firme alguno de mis libros, tienes una oportunidad este viernes d\u00eda 10 en Valladolid. <strong> <a href=\"http:\/\/www.glyphos.net\">Glyphos Publicaciones<\/a><\/strong> junto a la <strong>Asociaci\u00f3n Cultural El Planeta de los C\u00f3mics<\/strong> han organizado un encuentro con el magistral ilustrador <strong>Alfonso Azpiri<\/strong>, autor de la portada de mi novela <em><strong><a href=\"http:\/\/www.elviajedeargos.com\">El viaje de Argos<\/a><\/strong><\/em>, editada por <em>Glyphos<\/em> en su versi\u00f3n en papel. Estaremos entre amigos, compartiendo historias&#8230; \u00bfte apuntas?<\/p>\n<p><img decoding=\"async\" src=\"http:\/\/www.alpoma.net\/tecob\/wp-content\/uploads\/2015\/04\/988514_866657543394410_6895882680066547297_n.jpg\" alt=\"azpiri_valladolid\" width=\"620\" class=\"otros\" \/><br \/>\n<em>El encuentro con tendr\u00e1 lugar <strong>A PARTIR DE LAS 17:00 en el Caf\u00e9 Beluga<\/strong>. A continuaci\u00f3n, <strong>firma de libros DESDE LAS 18:30 en la librer\u00eda La parada de los c\u00f3mics<\/strong>.<\/em><\/p>\n","protected":false},"excerpt":{"rendered":"<div class=\"mh-excerpt\"><p>No soy muy dado a estas cosas, pero si tienes inter\u00e9s en conocerme y\/o en que firme alguno de mis libros, tienes una oportunidad este viernes d\u00eda 10 en Valladolid. <a class=\"mh-excerpt-more\" href=\"https:\/\/alpoma.net\/tecob\/?p=11245\" title=\"Este viernes d\u00eda 10, estar\u00e9 junto a Alfonso Azpiri en Valladolid\">[&#8230;]<\/a><\/p>\n<\/div>","protected":false},"author":1,"featured_media":11248,"comment_status":"open","ping_status":"open","sticky":false,"template":"","format":"standard","meta":{"jetpack_post_was_ever_published":false,"_jetpack_newsletter_access":"","_jetpack_dont_email_post_to_subs":false,"_jetpack_newsletter_tier_id":0,"_jetpack_memberships_contains_paywalled_content":false,"_jetpack_memberships_contains_paid_content":false,"footnotes":""},"categories":[2],"tags":[],"class_list":["post-11245","post","type-post","status-publish","format-standard","has-post-thumbnail","hentry","category-personal"],"jetpack_featured_media_url":"https:\/\/alpoma.net\/tecob\/wp-content\/uploads\/2015\/04\/11060090_962646183775813_2022794287671525026_n.jpg","jetpack_shortlink":"https:\/\/wp.me\/p93Dc1-2Vn","jetpack-related-posts":[{"id":7183,"url":"https:\/\/alpoma.net\/tecob\/?p=7183","url_meta":{"origin":11245,"position":0},"title":"Glyphos, revista de arqueolog\u00eda","author":"alpoma","date":"10 septiembre 2012","format":false,"excerpt":"En mi empresa, Arbotante Patrimonio e Innovaci\u00f3n, que se localiza en el CTTA del Parque Cient\u00edfico de la Universidad de Valladolid, tenemos dos principales campos de acci\u00f3n. Por una parte se encuentran todos los proyectos de investigaci\u00f3n y desarrollo, como el de magnetometr\u00eda de protones y, por otro, est\u00e1 la\u2026","rel":"","context":"En \u00abInnovaci\u00f3n\u00bb","block_context":{"text":"Innovaci\u00f3n","link":"https:\/\/alpoma.net\/tecob\/?cat=4"},"img":{"alt_text":"","src":"https:\/\/i0.wp.com\/alpoma.net\/tecob\/wp-content\/uploads\/2012\/09\/glyphos_arqueologia.jpg?resize=350%2C200&ssl=1","width":350,"height":200,"srcset":"https:\/\/i0.wp.com\/alpoma.net\/tecob\/wp-content\/uploads\/2012\/09\/glyphos_arqueologia.jpg?resize=350%2C200&ssl=1 1x, https:\/\/i0.wp.com\/alpoma.net\/tecob\/wp-content\/uploads\/2012\/09\/glyphos_arqueologia.jpg?resize=525%2C300&ssl=1 1.5x, https:\/\/i0.wp.com\/alpoma.net\/tecob\/wp-content\/uploads\/2012\/09\/glyphos_arqueologia.jpg?resize=700%2C400&ssl=1 2x"},"classes":[]},{"id":11825,"url":"https:\/\/alpoma.net\/tecob\/?p=11825","url_meta":{"origin":11245,"position":1},"title":"[Libro] Virus y pandemias","author":"alpoma","date":"21 diciembre 2015","format":false,"excerpt":"Fue en septiembre de este mismo a\u00f1o cuando, hablando en Bilbao con Javier Pel\u00e1ez, de Naukas, surgi\u00f3 la idea de publicar una serie de libros sobre divulgaci\u00f3n cient\u00edfica en la que tuviera prioridad la calidad y el buen hacer en cuanto a comunicaci\u00f3n de la ciencia se refiere. Hoy, tres\u2026","rel":"","context":"En \u00abPersonal\u00bb","block_context":{"text":"Personal","link":"https:\/\/alpoma.net\/tecob\/?cat=2"},"img":{"alt_text":"","src":"https:\/\/i0.wp.com\/alpoma.net\/tecob\/wp-content\/uploads\/2015\/12\/virus_y_pandemias_portada_2.jpg?resize=350%2C200&ssl=1","width":350,"height":200,"srcset":"https:\/\/i0.wp.com\/alpoma.net\/tecob\/wp-content\/uploads\/2015\/12\/virus_y_pandemias_portada_2.jpg?resize=350%2C200&ssl=1 1x, https:\/\/i0.wp.com\/alpoma.net\/tecob\/wp-content\/uploads\/2015\/12\/virus_y_pandemias_portada_2.jpg?resize=525%2C300&ssl=1 1.5x"},"classes":[]},{"id":10190,"url":"https:\/\/alpoma.net\/tecob\/?p=10190","url_meta":{"origin":11245,"position":2},"title":"Mi novela, \u00abEl viaje de Argos\u00bb, disponible en papel","author":"alpoma","date":"31 octubre 2014","format":false,"excerpt":"Hoy ha salido a la venta la edici\u00f3n en papel de mi novela \"El viaje de Argos\", que vio la luz hace dos a\u00f1os en forma de e-book. Editada por Glyphos Publicaciones, nace en papel con una portada muy especial que ha realizado el gran Alfonso Azpiri. Tiempo habr\u00e1 m\u00e1s\u2026","rel":"","context":"En \u00abPersonal\u00bb","block_context":{"text":"Personal","link":"https:\/\/alpoma.net\/tecob\/?cat=2"},"img":{"alt_text":"el_viaje_de_argos_alejandro_polanco_ilustracion_de_azpiri","src":"https:\/\/i0.wp.com\/www.alpoma.net\/tecob\/wp-content\/uploads\/2014\/10\/el_viaje_de_argos_alejandro_polanco_ilustracion_de_azpiri-218x300.png?resize=350%2C200","width":350,"height":200},"classes":[]},{"id":10251,"url":"https:\/\/alpoma.net\/tecob\/?p=10251","url_meta":{"origin":11245,"position":3},"title":"Ya disponible \u00abMade in Spain. Cuando invent\u00e1bamos nosotros\u00bb","author":"alpoma","date":"18 diciembre 2014","format":false,"excerpt":"La editorial Glyphos Publicaciones ha distribuido ya mi nuevo libro (Disponible en librer\u00edas y en Amazon). As\u00ed que, si lo quieres tener para regalo, o para disfrutarlo, en estas fiestas, visita la ficha de compra. \u00a1No lo dejes para \u00faltima hora! Ficha de compra. Por cierto, he aqu\u00ed el \u00edndice\u2026","rel":"","context":"En \u00abMade in Spain\u00bb","block_context":{"text":"Made in Spain","link":"https:\/\/alpoma.net\/tecob\/?cat=10"},"img":{"alt_text":"libro_1","src":"https:\/\/i0.wp.com\/www.alpoma.net\/tecob\/wp-content\/uploads\/2014\/12\/libro_1.jpg?resize=350%2C200","width":350,"height":200},"classes":[]},{"id":6876,"url":"https:\/\/alpoma.net\/tecob\/?p=6876","url_meta":{"origin":11245,"position":4},"title":"Una visita al Museo de Anatom\u00eda de Valladolid","author":"alpoma","date":"10 julio 2012","format":false,"excerpt":"La semana pasada, aprovechando una visita con el equipo de mi empresa para una investigaci\u00f3n sobre osteopatolog\u00eda en el Laboratorio de Antropolog\u00eda de la Universidad de Valladolid, me asom\u00e9 un rato a un museo de lo m\u00e1s interesante. Hac\u00eda muchos a\u00f1os que no iba por all\u00ed y me alegra ver\u2026","rel":"","context":"En \u00abMade in Spain\u00bb","block_context":{"text":"Made in Spain","link":"https:\/\/alpoma.net\/tecob\/?cat=10"},"img":{"alt_text":"IMG_3486","src":"https:\/\/i0.wp.com\/farm8.staticflickr.com\/7118\/7544008968_c51cca5a63_n.jpg?resize=350%2C200","width":350,"height":200},"classes":[]},{"id":6039,"url":"https:\/\/alpoma.net\/tecob\/?p=6039","url_meta":{"origin":11245,"position":5},"title":"Cencelladas","author":"alpoma","date":"11 enero 2012","format":false,"excerpt":"Despu\u00e9s de estar bastantes d\u00edas en Guardo, con sol, en jornadas que m\u00e1s parec\u00edan de primavera que de invierno, resulta que hoy en Valladolid me salud\u00f3 la ma\u00f1ana con lo que parec\u00eda nieve. Y pens\u00e9 para m\u00ed que ya era hora de ver algo de nieve este invierno. \u00a1Vaya burrada!\u2026","rel":"","context":"En \u00abGeo\u00bb","block_context":{"text":"Geo","link":"https:\/\/alpoma.net\/tecob\/?cat=5"},"img":{"alt_text":"","src":"https:\/\/i0.wp.com\/alpoma.net\/tecob\/wp-content\/uploads\/2012\/01\/6679616047_91b5cd93a5_z.jpg?resize=350%2C200&ssl=1","width":350,"height":200,"srcset":"https:\/\/i0.wp.com\/alpoma.net\/tecob\/wp-content\/uploads\/2012\/01\/6679616047_91b5cd93a5_z.jpg?resize=350%2C200&ssl=1 1x, https:\/\/i0.wp.com\/alpoma.net\/tecob\/wp-content\/uploads\/2012\/01\/6679616047_91b5cd93a5_z.jpg?resize=525%2C300&ssl=1 1.5x"},"classes":[]}],"jetpack_sharing_enabled":true,"_links":{"self":[{"href":"https:\/\/alpoma.net\/tecob\/index.php?rest_route=\/wp\/v2\/posts\/11245","targetHints":{"allow":["GET"]}}],"collection":[{"href":"https:\/\/alpoma.net\/tecob\/index.php?rest_route=\/wp\/v2\/posts"}],"about":[{"href":"https:\/\/alpoma.net\/tecob\/index.php?rest_route=\/wp\/v2\/types\/post"}],"author":[{"embeddable":true,"href":"https:\/\/alpoma.net\/tecob\/index.php?rest_route=\/wp\/v2\/users\/1"}],"replies":[{"embeddable":true,"href":"https:\/\/alpoma.net\/tecob\/index.php?rest_route=%2Fwp%2Fv2%2Fcomments&post=11245"}],"version-history":[{"count":0,"href":"https:\/\/alpoma.net\/tecob\/index.php?rest_route=\/wp\/v2\/posts\/11245\/revisions"}],"wp:featuredmedia":[{"embeddable":true,"href":"https:\/\/alpoma.net\/tecob\/index.php?rest_route=\/wp\/v2\/media\/11248"}],"wp:attachment":[{"href":"https:\/\/alpoma.net\/tecob\/index.php?rest_route=%2Fwp%2Fv2%2Fmedia&parent=11245"}],"wp:term":[{"taxonomy":"category","embeddable":true,"href":"https:\/\/alpoma.net\/tecob\/index.php?rest_route=%2Fwp%2Fv2%2Fcategories&post=11245"},{"taxonomy":"post_tag","embeddable":true,"href":"https:\/\/alpoma.net\/tecob\/index.php?rest_route=%2Fwp%2Fv2%2Ftags&post=11245"}],"curies":[{"name":"wp","href":"https:\/\/api.w.org\/{rel}","templated":true}]}}