{"id":1113,"date":"2009-04-13T19:43:11","date_gmt":"2009-04-13T17:43:11","guid":{"rendered":"http:\/\/www.alpoma.net\/tecob\/?p=1113"},"modified":"2009-04-14T17:53:20","modified_gmt":"2009-04-14T15:53:20","slug":"cronologias-visuales","status":"publish","type":"post","link":"https:\/\/alpoma.net\/tecob\/?p=1113","title":{"rendered":"Cronolog\u00edas visuales"},"content":{"rendered":"<p>Ser\u00e1 obsesi\u00f3n, o incluso todo un arte, pero a lo largo del tiempo han surgido todo tipo de inquietos personajes que han querido plasmar de manera visual la historia humana. Con el paso de los siglos se suceden hechos que algunos consideran importantes y, con ese material, se va escribiendo el relato hist\u00f3rico que, a falta de preciso gu\u00eda, ha sido visto de mil formas diferentes. El dibujar sobre un eje cronol\u00f3gico, con diversos colores o im\u00e1genes, los puntos clave de una l\u00ednea temporal, es algo que se viene haciendo de m\u00faltiples formas desde \u00e9pocas muy lejanas. Precisamente, me encuentro en medio del l\u00edo que supone realizar una cronolog\u00eda interactiva para un proyecto m\u00e1s amplio y, para ello, he elegido una herramienta apasionante que recomiendo usar a todo el que se encuentre ante el trabajo de plasmar visualmente diversos hechos ordenados en el tiempo. Se trata de <strong><a href=\"http:\/\/www.simile-widgets.org\/timeline\/\" class=\"enlaces\">Timeline<\/a><\/strong>, uno de los <em>widgets Open Source<\/em> del proyecto SIMILE del MIT.<\/p>\n<p>Y, pensando c\u00f3mo encajar ciertos elementos aparentemente incompatibles, record\u00e9 una de esas joyas que de vez en cuando conviene tener a mano. La gente de<em> <strong>Cabinet Magazine<\/strong><\/em> public\u00f3 en su n\u00famero de primavera de 2004<strong> <a href=\"http:\/\/www.cabinetmagazine.org\/issues\/13\/timelineIntro.php\" class=\"enlaces\">un art\u00edculo<\/a><\/strong> sobre cronolog\u00edas, acompa\u00f1ado de un <strong><a href=\"http:\/\/www.cabinetmagazine.org\/issues\/13\/timelines.php\" class=\"enlaces\">delicioso listado<\/a><\/strong> que recorr\u00eda la historia de la representaci\u00f3n del tiempo. En ese compendio aparece un caso excepcional que siempre me ha llamado la atenci\u00f3n, pero del que lamentablemente no cuento con m\u00e1s datos que los citados por<em> Cabinet<\/em>. <\/p>\n<p><img decoding=\"async\" src=\"http:\/\/farm4.static.flickr.com\/3572\/3439022208_6da4d7e97c_o.jpg\" alt=\"img\" \/><\/p>\n<p>En 1753 <strong>Jacques Barbeu-Duborg<\/strong>, traductor al franc\u00e9s de las obras de su maestro, Benjamin Franklin, alumbr\u00f3 su <em><strong>Carte chronologique<\/strong><\/em>, un imponente gr\u00e1fico en forma de rollo de papel con m\u00e1s de 16 metros de longitud, escondido en el interior de una caja reforzada. Su idea segu\u00eda la estela de tantos otros, pues se propuso ordenar en diversos ejes los hechos m\u00e1s sobresalientes de la historia del mundo. Por desgracia, no he encontrado im\u00e1genes de gran tama\u00f1o que muestren con detalle este trabajo.<\/p>\n<p><img decoding=\"async\" src=\"http:\/\/farm4.static.flickr.com\/3556\/3439531868_bd1327b1c7_o.jpg\" alt=\"img\" \/><\/p>\n<p><strong>Fuente<\/strong>: <a href=\"http:\/\/www.math.yorku.ca\/SCS\/Gallery\/milestone\/index.html\" class=\"enlaces\">Milestones in the History of Thematic Cartography<\/a><br \/>\n<strong>M\u00e1s informaci\u00f3n sobre cronolog\u00edas visuales<\/strong>: <a href=\"http:\/\/www.math.yorku.ca\/SCS\/Gallery\/timelines.html\" class=\"enlaces\">Timelines and Visual Histories<\/a><\/p>\n","protected":false},"excerpt":{"rendered":"<div class=\"mh-excerpt\"><p>Ser\u00e1 obsesi\u00f3n, o incluso todo un arte, pero a lo largo del tiempo han surgido todo tipo de inquietos personajes que han querido plasmar de manera visual la historia humana. <a class=\"mh-excerpt-more\" href=\"https:\/\/alpoma.net\/tecob\/?p=1113\" title=\"Cronolog\u00edas visuales\">[&#8230;]<\/a><\/p>\n<\/div>","protected":false},"author":1,"featured_media":10767,"comment_status":"open","ping_status":"open","sticky":false,"template":"","format":"standard","meta":{"jetpack_post_was_ever_published":false,"_jetpack_newsletter_access":"","_jetpack_dont_email_post_to_subs":false,"_jetpack_newsletter_tier_id":0,"_jetpack_memberships_contains_paywalled_content":false,"_jetpack_memberships_contains_paid_content":false,"footnotes":""},"categories":[3],"tags":[],"class_list":["post-1113","post","type-post","status-publish","format-standard","has-post-thumbnail","hentry","category-obsolescencia"],"jetpack_featured_media_url":"https:\/\/alpoma.net\/tecob\/wp-content\/uploads\/2009\/04\/3439022208_6da4d7e97c_o.jpg","jetpack_shortlink":"https:\/\/wp.me\/p93Dc1-hX","jetpack-related-posts":[{"id":14821,"url":"https:\/\/alpoma.net\/tecob\/?p=14821","url_meta":{"origin":1113,"position":0},"title":"Margaret Watts Hughes y la forma de la voz humana","author":"alpoma","date":"4 noviembre 2019","format":false,"excerpt":"Versi\u00f3n para TecOb del art\u00edculo que publiqu\u00e9 en la edici\u00f3n de octubre de 2019 de la revista Historia de Espa\u00f1a y el Mundo. Megan Watts Hughes (1842-1907), llamada generalmente Margaret (Hughes era su apellido de casada), fue una apasionada galesa, cantante de \u00e9xito e inventora, que se convirti\u00f3 en una\u2026","rel":"","context":"En \u00abExperimentos\u00bb","block_context":{"text":"Experimentos","link":"https:\/\/alpoma.net\/tecob\/?cat=9"},"img":{"alt_text":"","src":"https:\/\/i0.wp.com\/alpoma.net\/tecob\/wp-content\/uploads\/2019\/11\/Registro-del-eid%C3%B3fono-7.jpg?resize=350%2C200&ssl=1","width":350,"height":200,"srcset":"https:\/\/i0.wp.com\/alpoma.net\/tecob\/wp-content\/uploads\/2019\/11\/Registro-del-eid%C3%B3fono-7.jpg?resize=350%2C200&ssl=1 1x, https:\/\/i0.wp.com\/alpoma.net\/tecob\/wp-content\/uploads\/2019\/11\/Registro-del-eid%C3%B3fono-7.jpg?resize=525%2C300&ssl=1 1.5x, https:\/\/i0.wp.com\/alpoma.net\/tecob\/wp-content\/uploads\/2019\/11\/Registro-del-eid%C3%B3fono-7.jpg?resize=700%2C400&ssl=1 2x"},"classes":[]},{"id":7334,"url":"https:\/\/alpoma.net\/tecob\/?p=7334","url_meta":{"origin":1113,"position":1},"title":"Rafael Guastavino, un valenciano en lo m\u00e1s alto de Nueva York","author":"alpoma","date":"2 octubre 2012","format":false,"excerpt":"Versi\u00f3n reducida del art\u00edculo que publiqu\u00e9 en la revista Historia de Iberia Vieja, edici\u00f3n de octubre de 2012. En 1881 (\u2026) Rafael Guastavino hab\u00eda arribado a Manhattan procedente de Barcelona, dispuesto a implantar en los Estados Unidos una pr\u00e1ctica constructiva que hund\u00eda sus ra\u00edces en la tradici\u00f3n vern\u00e1cula mediterr\u00e1nea. D\u00e9cadas\u2026","rel":"","context":"En \u00abMade in Spain\u00bb","block_context":{"text":"Made in Spain","link":"https:\/\/alpoma.net\/tecob\/?cat=10"},"img":{"alt_text":"","src":"https:\/\/i0.wp.com\/alpoma.net\/tecob\/wp-content\/uploads\/2012\/10\/g2.jpg?resize=350%2C200&ssl=1","width":350,"height":200,"srcset":"https:\/\/i0.wp.com\/alpoma.net\/tecob\/wp-content\/uploads\/2012\/10\/g2.jpg?resize=350%2C200&ssl=1 1x, https:\/\/i0.wp.com\/alpoma.net\/tecob\/wp-content\/uploads\/2012\/10\/g2.jpg?resize=525%2C300&ssl=1 1.5x, https:\/\/i0.wp.com\/alpoma.net\/tecob\/wp-content\/uploads\/2012\/10\/g2.jpg?resize=700%2C400&ssl=1 2x"},"classes":[]},{"id":1132,"url":"https:\/\/alpoma.net\/tecob\/?p=1132","url_meta":{"origin":1113,"position":2},"title":"Ex\u00e9gesis de la USS Enterprise","author":"alpoma","date":"12 mayo 2009","format":false,"excerpt":"Lo que a continuaci\u00f3n voy a afirmar seguramente no tenga mucho valor para el com\u00fan de los mortales, porque viniendo de un trekkie puede considerarse como algo excesivamente subjetivo. De todas formas, tras haber disfrutado de la versi\u00f3n 2009 de Star Trek, en la que se crea todo un universo\u2026","rel":"","context":"En \u00abPersonal\u00bb","block_context":{"text":"Personal","link":"https:\/\/alpoma.net\/tecob\/?cat=2"},"img":{"alt_text":"","src":"https:\/\/i0.wp.com\/alpoma.net\/tecob\/wp-content\/uploads\/2009\/05\/3525831742_a3f7cc808e_o.jpg?resize=350%2C200&ssl=1","width":350,"height":200,"srcset":"https:\/\/i0.wp.com\/alpoma.net\/tecob\/wp-content\/uploads\/2009\/05\/3525831742_a3f7cc808e_o.jpg?resize=350%2C200&ssl=1 1x, https:\/\/i0.wp.com\/alpoma.net\/tecob\/wp-content\/uploads\/2009\/05\/3525831742_a3f7cc808e_o.jpg?resize=525%2C300&ssl=1 1.5x"},"classes":[]},{"id":12627,"url":"https:\/\/alpoma.net\/tecob\/?p=12627","url_meta":{"origin":1113,"position":3},"title":"Tom\u00e1s L\u00f3pez, el cart\u00f3grafo incansable","author":"alpoma","date":"28 abril 2017","format":false,"excerpt":"Versi\u00f3n para TecOb del art\u00edculo que publiqu\u00e9 en la revista Historia de Iberia Vieja, edici\u00f3n de abril de 2017. No cabe duda que Tom\u00e1s L\u00f3pez se hubiera sentido fascinado de haber conocido nuestra \u00e9poca. Para alguien que dedic\u00f3 su vida a plasmar el conocimiento geogr\u00e1fico sobre laboriosos mapas hechos a\u2026","rel":"","context":"En \u00abMade in Spain\u00bb","block_context":{"text":"Made in Spain","link":"https:\/\/alpoma.net\/tecob\/?cat=10"},"img":{"alt_text":"","src":"https:\/\/i0.wp.com\/alpoma.net\/tecob\/wp-content\/uploads\/2017\/04\/Castilla-la-Nueva.jpg?resize=350%2C200&ssl=1","width":350,"height":200,"srcset":"https:\/\/i0.wp.com\/alpoma.net\/tecob\/wp-content\/uploads\/2017\/04\/Castilla-la-Nueva.jpg?resize=350%2C200&ssl=1 1x, https:\/\/i0.wp.com\/alpoma.net\/tecob\/wp-content\/uploads\/2017\/04\/Castilla-la-Nueva.jpg?resize=525%2C300&ssl=1 1.5x, https:\/\/i0.wp.com\/alpoma.net\/tecob\/wp-content\/uploads\/2017\/04\/Castilla-la-Nueva.jpg?resize=700%2C400&ssl=1 2x, https:\/\/i0.wp.com\/alpoma.net\/tecob\/wp-content\/uploads\/2017\/04\/Castilla-la-Nueva.jpg?resize=1050%2C600&ssl=1 3x"},"classes":[]},{"id":382,"url":"https:\/\/alpoma.net\/tecob\/?p=382","url_meta":{"origin":1113,"position":4},"title":"Sonido mortal","author":"alpoma","date":"5 marzo 2006","format":false,"excerpt":"Es muy com\u00fan, en obras c\u00f3micas, representar a una cantante de \u00f3pera, invariablemente oronda, cantando a toda potencia en un lugar donde abundan los ventanales o las copas de cristal que, como no pod\u00eda ser de otra forma, terminan estallando ante la impetuosidad de las ondas sonoras. M\u00e1s all\u00e1 de\u2026","rel":"","context":"En \u00abGeneral\u00bb","block_context":{"text":"General","link":"https:\/\/alpoma.net\/tecob\/?cat=1"},"img":{"alt_text":"","src":"","width":0,"height":0},"classes":[]},{"id":555,"url":"https:\/\/alpoma.net\/tecob\/?p=555","url_meta":{"origin":1113,"position":5},"title":"De grandes gnomones","author":"alpoma","date":"2 agosto 2006","format":false,"excerpt":"Esta semana los amigos kircherianos se han tomado a pecho el tema del tiempo y me han recordado un lugar que hace tiempo guardaba en mi lista imaginaria de viajes por el mundo. Como no tengo tiempo para viajes, mejor volemos con la mente a la India. Los relojes de\u2026","rel":"","context":"En \u00abGeo\u00bb","block_context":{"text":"Geo","link":"https:\/\/alpoma.net\/tecob\/?cat=5"},"img":{"alt_text":"","src":"https:\/\/i0.wp.com\/alpoma.net\/tecob\/wp-content\/uploads\/2006\/08\/205038682_1057efe01a_o.jpg?resize=350%2C200&ssl=1","width":350,"height":200,"srcset":"https:\/\/i0.wp.com\/alpoma.net\/tecob\/wp-content\/uploads\/2006\/08\/205038682_1057efe01a_o.jpg?resize=350%2C200&ssl=1 1x, https:\/\/i0.wp.com\/alpoma.net\/tecob\/wp-content\/uploads\/2006\/08\/205038682_1057efe01a_o.jpg?resize=525%2C300&ssl=1 1.5x"},"classes":[]}],"jetpack_sharing_enabled":true,"_links":{"self":[{"href":"https:\/\/alpoma.net\/tecob\/index.php?rest_route=\/wp\/v2\/posts\/1113","targetHints":{"allow":["GET"]}}],"collection":[{"href":"https:\/\/alpoma.net\/tecob\/index.php?rest_route=\/wp\/v2\/posts"}],"about":[{"href":"https:\/\/alpoma.net\/tecob\/index.php?rest_route=\/wp\/v2\/types\/post"}],"author":[{"embeddable":true,"href":"https:\/\/alpoma.net\/tecob\/index.php?rest_route=\/wp\/v2\/users\/1"}],"replies":[{"embeddable":true,"href":"https:\/\/alpoma.net\/tecob\/index.php?rest_route=%2Fwp%2Fv2%2Fcomments&post=1113"}],"version-history":[{"count":0,"href":"https:\/\/alpoma.net\/tecob\/index.php?rest_route=\/wp\/v2\/posts\/1113\/revisions"}],"wp:featuredmedia":[{"embeddable":true,"href":"https:\/\/alpoma.net\/tecob\/index.php?rest_route=\/wp\/v2\/media\/10767"}],"wp:attachment":[{"href":"https:\/\/alpoma.net\/tecob\/index.php?rest_route=%2Fwp%2Fv2%2Fmedia&parent=1113"}],"wp:term":[{"taxonomy":"category","embeddable":true,"href":"https:\/\/alpoma.net\/tecob\/index.php?rest_route=%2Fwp%2Fv2%2Fcategories&post=1113"},{"taxonomy":"post_tag","embeddable":true,"href":"https:\/\/alpoma.net\/tecob\/index.php?rest_route=%2Fwp%2Fv2%2Ftags&post=1113"}],"curies":[{"name":"wp","href":"https:\/\/api.w.org\/{rel}","templated":true}]}}