{"id":1109,"date":"2009-04-04T11:08:23","date_gmt":"2009-04-04T09:08:23","guid":{"rendered":"http:\/\/www.alpoma.net\/tecob\/?p=1109"},"modified":"2009-07-06T17:36:33","modified_gmt":"2009-07-06T15:36:33","slug":"el-primer-aviador-espanol-1793","status":"publish","type":"post","link":"https:\/\/alpoma.net\/tecob\/?p=1109","title":{"rendered":"El primer aviador espa\u00f1ol (1793)"},"content":{"rendered":"<p class=\"otros3\"><strong>AVISO<\/strong>: El presente <em>post<\/em> corresponde a la versi\u00f3n web reducida del art\u00edculo que publiqu\u00e9 en <strong><a href=\"http:\/\/www.historiadeiberiavieja.com\/\" class=\"enlaces\">Historia de Iberia Vieja<\/a><\/strong> en su edici\u00f3n del mes de abril de 2009. <\/p>\n<blockquote><p>Esto de averiguar qui\u00e9n es el primer hombre que vol\u00f3 parece cosa complicada, ejercicio para eruditos. Por lo visto, vamos a tardar mucho en enterarnos y, por fin, va a darnos lo mismo un nombre que otro. As\u00ed que debemos irnos agarrando a las referencias populares, a cualquiera de esos relatos premiosos que quedan por los campos y que hay que apresurarse a recoger, porque tambi\u00e9n ellos van a emprender el vuelo. Por ejemplo, en Coru\u00f1a del Conde, un pueblo de erizado perfil, que toma el sol en la \u201cRibera\u201d burgalesa, cuentan que all\u00ed naci\u00f3 y muri\u00f3 el primer aviador espa\u00f1ol, un hombre de la segunda mitad del siglo XVIII llamado Diego Mar\u00edn, pastor de oficio.<\/p>\n<p>Estampa. Madrid, 4 de junio de 1932.<\/p><\/blockquote>\n<p><a href=\"http:\/\/www.flickr.com\/photos\/alpoma\/2722203538\/\" title=\"Asuntos nubosos por alpoma, en Flickr\"><img loading=\"lazy\" decoding=\"async\" src=\"http:\/\/farm4.static.flickr.com\/3083\/2722203538_0e6300434d_m.jpg\" width=\"180\" height=\"240\" alt=\"Asuntos nubosos\" class=\"dch\"\/><\/a>Acertada reflexi\u00f3n la que public\u00f3 Eduardo de Onta\u00f1\u00f3n en la revista gr\u00e1fica <em>Estampa<\/em>, de cuyo n\u00famero 230 procede el extracto anterior, un ejemplar en el que se narra la historia de una b\u00fasqueda sorprendente, la del primer aviador espa\u00f1ol. Dice bien el autor al afirmar que, en realidad, poco importa qui\u00e9n fuera el primero, porque es dudoso que llegue a conocerse a ciencia cierta. S\u00ed es, por el contrario, de gran atractivo e inter\u00e9s el rescatar las viejas historias sobre gentes que desearon volar a lo largo de los siglos. Una de esas historias es tan sorprendente que, de no haber quedado reflejada en documentos de la \u00e9poca, no dudar\u00edamos hoy en calificar como una sencilla leyenda de pueblo, sin fundamento alguno. Pero, antes de pasar a recordar la figura del intr\u00e9pido Diego Mar\u00edn, conviene mirar un poco m\u00e1s atr\u00e1s en el tiempo.<\/p>\n<p><strong>Un deseo irrefrenable<\/strong><\/p>\n<p>Ya fuere por imitaci\u00f3n de las aves, por la intenci\u00f3n de contemplar la tierra desde las alturas o por el deseo de elevarse por encima de lo cotidiano y acercarse a la divinidad, la humanidad ha alumbrado gran cantidad de osados personajes que dedicaron su vida, o gran parte de ella, a indagar sobre la posibilidad de volar. El logro final fue conseguido por medio de <strong>globos aerost\u00e1ticos<\/strong> en el siglo XVIII, una manera elegante y bastante segura de surcar los cielos, si bien guiados por los caprichos de los vientos, pero como se trataba de alzar los pies de la tierra, poco importaba la falta de control en el viaje. <\/p>\n<p>Pero volar en globo no ten\u00eda nada que ver con el elegante surcar de los cielos por parte de las aves. Hasta el m\u00e1s descuidado de los p\u00e1jaros pod\u00eda hacerlo, as\u00ed que tendr\u00eda que haber alg\u00fan modo de poner en pr\u00e1ctica el vuelo con una m\u00e1quina m\u00e1s pesada que el aire. Muchos intentos para lograr este objetivo han sido registrados a lo largo de la historia, aunque lamentablemente casi todos terminaron con el protagonista en el cementerio o gravemente lesionado. <strong>Leonardo da Vinci<\/strong> so\u00f1\u00f3 con proezas similares, ah\u00ed est\u00e1n sus dibujos de todo tipo de m\u00e1quinas volantes. Al parecer, no lo intent\u00f3 en serio, porque con seguridad, de haberlo hecho, no hubieran acabado sus huesos en buenas condiciones. M\u00e1s all\u00e1 del trabajo de gabinete, las teor\u00edas o los dibujos, otros aventureros, posiblemente algo locos, pasaron de realizar c\u00e1lculos a la pr\u00e1ctica pura. Contemplemos entre ellos el sorprendente caso de <strong><a href=\"http:\/\/www.alpoma.net\/tecob\/?p=326\" class=\"enlaces\">Eilmer de Malmesbury<\/a><\/strong>, el monje benedictino ingl\u00e9s del siglo XI que arm\u00f3 un tosco planeador con el que, seg\u00fan cuentan las cr\u00f3nicas, pudo mantenerse en el aire algunos segundos, para pasmo de sus contempor\u00e1neos. <\/p>\n<p>En m\u00e1s cercanas tierras vivi\u00f3, tiempo antes, otro \u00e9mulo de \u00cdcaro y D\u00e9dalo. Se trat\u00f3 de <strong><a href=\"http:\/\/www.alpoma.net\/tecob\/?p=321\" class=\"enlaces\">Abbas Ibn Firnas<\/a><\/strong>, recordado hoy d\u00eda como pionero del vuelo sin igual. Se conoce muy poco sobre su figura, si bien parece bien establecida la fecha de su fallecimiento, en el a\u00f1o 887, y su procedencia, Ronda, en Al-Andalus. Firnas fue todo un prodigio del conocimiento, adem\u00e1s de poeta y astr\u00f3nomo, fue capaz de construir relojes y otros artilugios diversos. Su deseo de volar como los p\u00e1jaros parece que naci\u00f3, o al menos se aviv\u00f3, cierto d\u00eda del 852 en que un personaje exc\u00e9ntrico llamando Armen Firman salt\u00f3 desde una torre cordobesa intentando volar con un primitivo paraca\u00eddas. Se desconoce con exactitud el destino de Firman, pero s\u00ed se sabe que el espect\u00e1culo qued\u00f3 grabado en la mente de Ibn Firnas con tal fuerza que, tras muchos a\u00f1os de estudio y c\u00e1lculos de todo tipo, se anim\u00f3 a construir todo un planeador dotado incluso con ciertos mecanismos de control primitivos. En el a\u00f1o 875 decidi\u00f3, al fin, probar su m\u00e1quina, saltando desde la mezquita de C\u00f3rdoba. El vuelo fue todo un \u00e9xito, plane\u00f3 durante un trecho de longitud desconocida y aterriz\u00f3 con vida, aunque por desgracia se lesion\u00f3 gravemente en la espalda.<\/p>\n<p><strong>El aviador de Coru\u00f1a del Conde<\/strong><\/p>\n<p>Los intentos de conseguir m\u00e1quinas voladoras con las que recorrer grandes espacios no terminaron con las aventuras cordobesas de Ibn Firnas, pero nadie parec\u00eda encontrar la f\u00f3rmula o la tecnolog\u00eda adecuada para conseguir algo m\u00e1s que un corto vuelo con testarazo asegurado. Finalmente, no fue un gran erudito o un ingeniero reconocido quien lograra la haza\u00f1a de realizar un vuelo que verdaderamente mereciera tal calificativo con una m\u00e1quina m\u00e1s pesada que el aire, sino un sencillo pastor, vecino del burgal\u00e9s pueblo de Coru\u00f1a del Conde.<\/p>\n<p><strong>Diego Mar\u00edn Aguilera<\/strong>, el mayor de ocho hermanos, hijo de Narciso y Catalina, fue un pastor que pas\u00f3 a\u00f1os contemplando el vuelo de las aves y deseando surcar los cielos como ellas. Mec\u00e1nico habilidoso, era capaz de reparar cualquier cosa, por lo que no era extra\u00f1o que fuera requerido para arreglar, o incluso mejorar, diversos molinos y batanes, adem\u00e1s de inventar artilugios para serrar m\u00e1rmol y tratar lino. Toda su experiencia con m\u00e1quinas le sirvi\u00f3 para idear un aparato volador capaz de marchar contra el viento. Tras muchos a\u00f1os de estudios y pruebas, construy\u00f3 una especie de \u00e1guila gigante, con alas de m\u00e1s de dos metros hechas con varillas de hierro y cubiertas con plumas en una disposici\u00f3n similar a la que hab\u00edan contemplado en las aves. Las alas estaban provistas de un sistema articular que permit\u00eda controlar la nave, que constaba tambi\u00e9n de un remedo de fuselaje de madera, en el que se acomodar\u00eda el piloto, capaz de controlar las articulaciones de las alas y de la cola por medio de manivelas y estribos. Hay que descubrirse ante tal ingenio, verdaderamente adelantado a su tiempo, una genialidad que no pudo haberse basado en nada anterior, ya que no hay constancia de que nadie hubiera llegado tan lejos en el arte del vuelo con m\u00e1quinas m\u00e1s pesadas que el aire hasta entonces. Si acaso, pudiera haber contemplado alg\u00fan grabado o dibujo de Leonardo da Vinci, pero incluso esto es poco probable.<\/p>\n<p>Los documentos de la \u00e9poca dan fe de que, la <strong>noche del 15 de mayo de 1793<\/strong>, Diego Mar\u00edn salt\u00f3 desde un risco del pueblo de Coru\u00f1a del Conde, vestido con traje emplumado, pilotando su gran \u00e1guila. Su confianza en el \u00e9xito de la empresa era completo, estaba convencido de que podr\u00eda llegar incluso hasta El Burgo de Osma, en tierras sorianas, volando. Contemplaron la haza\u00f1a, y narraron el hecho como tal, un amigo del piloto, de nombre Joaqu\u00edn Barbero, y su hermana. En contra de lo que pudiera parecer l\u00f3gico, el aparato no cay\u00f3 en picado al saltar sino que vol\u00f3 con suavidad y sin problema alguno, llegando Diego a controlar el rumbo tal y como hab\u00eda pensado, accionando los mecanismos de direcci\u00f3n del aparato. Pero, por desgracia, las piezas met\u00e1licas que tan esmeradamente hab\u00eda unido el herrero del pueblo siguiendo las instrucciones del aviador no fueron tan resistentes como hubiera sido necesario. Uno de los pernos met\u00e1licos en una articulaci\u00f3n salt\u00f3 de su posici\u00f3n cuando la nave hab\u00eda recorrido ya casi cuatrocientos metros desde el lugar del salto. Por fortuna, <strong>Diego Mar\u00edn aterriz\u00f3 con cierto esfuerzo en un terreno cercano<\/strong>. Temiendo lo peor, corrieron ladera abajo Joaqu\u00edn, su hermana y el herrero, que finalmente se hab\u00eda decidido a contemplar c\u00f3mo el artilugio en el que hab\u00eda trabajado durante semanas volaba. En medio de la noche, Diego Mar\u00edn se encontraba gritando con gran enfado, acord\u00e1ndose entre improperios del herrero y del maldito perno del ala derecha que hab\u00eda puesto fin a su viaje. El siguiente paso estaba decidido, hab\u00eda que reparar el gran \u00e1guila para volver a intentarlo, pero tal viaje nunca se llev\u00f3 a cabo.<\/p>\n<p><strong>\u00a1Cosa de brujas!<\/strong><\/p>\n<p>La haza\u00f1a de Diego Mar\u00edn suced\u00eda en pleno siglo XVIII, as\u00ed que no habr\u00e1 que imaginar demasiado para comprender la reacci\u00f3n del pueblo cuando se enter\u00f3 de tan extra\u00f1o asunto. Tal y como relat\u00f3 Eduardo de Onta\u00f1\u00f3n en el texto que ha servido para dar comienzo a este art\u00edculo:<\/p>\n<blockquote><p>Bien el ruido del aparato, o la indiscreci\u00f3n gozosa del herrero, o el atisbar constante desde las peque\u00f1as ventanas del pueblo, ten\u00eda despiertos a los buenos coru\u00f1eses condales, que de seguida atravesaron el puentecillo romano que separa el pueblo de las huertas y rodearon la extra\u00f1a escena, a la luz de la luna. El raro aparato, su jinete vestido de plumas, el vuelo, la luna, la noche, todo les llen\u00f3 de fant\u00e1stica imaginaci\u00f3n. \u201c\u00a1Cosa de brujas!\u201d, dijo alguno. Y, como dados de habla, todos cayeron sobre el armatoste de plumas y hierro y lo destruyeron a la vista de su autor. <\/p><\/blockquote>\n<p>Reci\u00e9n nacido el siglo XIX, cuando la humanidad empezaba a contemplar con seriedad la posibilidad de volar, pocos a\u00f1os despu\u00e9s de haber realizado su \u00fanico intento de surcar los cielos, falleci\u00f3 Diego Mar\u00edn, en medio de una profunda depresi\u00f3n y tristeza desde aquella noche. Sus vecinos convirtieron la gesta en motivo de burla, no se le permiti\u00f3 reparar su querida \u00e1guila mec\u00e1nica y, entre el miedo supersticioso y la ignorancia, el sue\u00f1o de un pastor castellano genial, termin\u00f3 sepultado en las brumas del tiempo, mientras las enciclopedias y los libros de historia recuerdan a otros grandes nombres de los inicios de la aviaci\u00f3n que, en ambientes m\u00e1s favorables, lograron dar forma al sue\u00f1o de volar como las aves. Hoy, tras m\u00e1s de dos siglos en el olvido, renace el recuerdo de Diego Mar\u00edn para dar nombre a un centro de ense\u00f1anza burgal\u00e9s y, a modo de sentido homenaje, en el lugar desde el que vol\u00f3 este pionero, el Ej\u00e9rcito del Aire espa\u00f1ol ha <strong><a href=\"http:\/\/www.flickr.com\/photos\/epacios\/1812058468\/\" class=\"enlaces\">levantado un monumento<\/a><\/strong> al primer aviador espa\u00f1ol en forma de avi\u00f3n reactor <em>Lockheed T-33 Shooting Star<\/em>.<\/p>\n<p><strong>M\u00e1s informaci\u00f3n<\/strong>:<br \/>\n<a href=\"http:\/\/www.alpoma.net\/tecob\/?p=320\" class=\"enlaces\">Art\u00edculo en <em>TecOb<\/em> donde ya trat\u00e9 este tema anteriormente<\/a><br \/>\n<a href=\"http:\/\/yaguegarces.blogspot.com\/2008\/04\/el-primer-hombre-que-vol.html\" class=\"enlaces\">Las Cr\u00f3nicas de Yag\u00fce Garc\u00e9s &#8211; El primer hombre que vol\u00f3<\/a><br \/>\n<a href=\"http:\/\/es.wikipedia.org\/wiki\/Diego_Mar%C3%ADn_Aguilera\" class=\"enlaces\">Wikipedia &#8211; Diego Mar\u00edn Aguilera<\/a><\/p>\n","protected":false},"excerpt":{"rendered":"<div class=\"mh-excerpt\"><p>AVISO: El presente post corresponde a la versi\u00f3n web reducida del art\u00edculo que publiqu\u00e9 en Historia de Iberia Vieja en su edici\u00f3n del mes de abril de 2009. Esto de <a class=\"mh-excerpt-more\" href=\"https:\/\/alpoma.net\/tecob\/?p=1109\" title=\"El primer aviador espa\u00f1ol (1793)\">[&#8230;]<\/a><\/p>\n<\/div>","protected":false},"author":1,"featured_media":10740,"comment_status":"open","ping_status":"open","sticky":false,"template":"","format":"standard","meta":{"jetpack_post_was_ever_published":false,"_jetpack_newsletter_access":"","_jetpack_dont_email_post_to_subs":false,"_jetpack_newsletter_tier_id":0,"_jetpack_memberships_contains_paywalled_content":false,"_jetpack_memberships_contains_paid_content":false,"footnotes":""},"categories":[10,3],"tags":[],"class_list":["post-1109","post","type-post","status-publish","format-standard","has-post-thumbnail","hentry","category-made_in_spain","category-obsolescencia"],"jetpack_featured_media_url":"https:\/\/alpoma.net\/tecob\/wp-content\/uploads\/2009\/04\/2722203538_0e6300434d_m.jpg","jetpack_shortlink":"https:\/\/wp.me\/p93Dc1-hT","jetpack-related-posts":[{"id":11887,"url":"https:\/\/alpoma.net\/tecob\/?p=11887","url_meta":{"origin":1109,"position":0},"title":"Heraclio Alfaro, con la aviaci\u00f3n en la sangre","author":"alpoma","date":"25 enero 2016","format":false,"excerpt":"Versi\u00f3n para TecOb del art\u00edculo publicado en la revista Historia de Iberia Vieja, edici\u00f3n de enero de 2016. Ayer ma\u00f1ana realiz\u00f3 varias pruebas de aviaci\u00f3n en el campo de Lakua nuestro convecino el intr\u00e9pido aviador don Heraclio Alfaro. El aparato construido bajo su direcci\u00f3n est\u00e1 casi terminado, faltando solamente peque\u00f1os\u2026","rel":"","context":"En \u00abMade in Spain\u00bb","block_context":{"text":"Made in Spain","link":"https:\/\/alpoma.net\/tecob\/?cat=10"},"img":{"alt_text":"","src":"https:\/\/i0.wp.com\/alpoma.net\/tecob\/wp-content\/uploads\/2016\/01\/alfaro.jpg?resize=350%2C200&ssl=1","width":350,"height":200},"classes":[]},{"id":5195,"url":"https:\/\/alpoma.net\/tecob\/?p=5195","url_meta":{"origin":1109,"position":1},"title":"Un gato vuela sobre el Canal de la Mancha (1910)","author":"alpoma","date":"11 agosto 2011","format":false,"excerpt":"Desconozco si fue el primer gato en volar en avi\u00f3n, pero en caso de que no fuera as\u00ed, cerca estuvo de serlo. De lo que s\u00ed hay constancia es de que fue el primer gato en volar sobre el Canal de la Mancha. Tiene gracia la situaci\u00f3n, porque el aviador\u2026","rel":"","context":"En \u00abObsolescencia\u00bb","block_context":{"text":"Obsolescencia","link":"https:\/\/alpoma.net\/tecob\/?cat=3"},"img":{"alt_text":"","src":"https:\/\/i0.wp.com\/alpoma.net\/tecob\/wp-content\/uploads\/2011\/08\/6034964681_a403e7097e_o.jpg?resize=350%2C200&ssl=1","width":350,"height":200},"classes":[]},{"id":9008,"url":"https:\/\/alpoma.net\/tecob\/?p=9008","url_meta":{"origin":1109,"position":2},"title":"Jorge Loring, pionero de la aviaci\u00f3n espa\u00f1ola","author":"alpoma","date":"1 mayo 2014","format":false,"excerpt":"Versi\u00f3n reducida del art\u00edculo que publiqu\u00e9 en la revista Historia de Iberia Vieja, edici\u00f3n de mayo de 2014. Dos l\u00edneas regulares tenemos establecidas actualmente en Espa\u00f1a. Una es la de Sevilla a Larache (\u2026) que funciona con toda regularidad, siendo una de las l\u00edneas de mayor seguridad entre todas las\u2026","rel":"","context":"En \u00abMade in Spain\u00bb","block_context":{"text":"Made in Spain","link":"https:\/\/alpoma.net\/tecob\/?cat=10"},"img":{"alt_text":"","src":"https:\/\/i0.wp.com\/alpoma.net\/tecob\/wp-content\/uploads\/2014\/05\/publi-698x10241.jpg?resize=350%2C200&ssl=1","width":350,"height":200,"srcset":"https:\/\/i0.wp.com\/alpoma.net\/tecob\/wp-content\/uploads\/2014\/05\/publi-698x10241.jpg?resize=350%2C200&ssl=1 1x, https:\/\/i0.wp.com\/alpoma.net\/tecob\/wp-content\/uploads\/2014\/05\/publi-698x10241.jpg?resize=525%2C300&ssl=1 1.5x"},"classes":[]},{"id":97,"url":"https:\/\/alpoma.net\/tecob\/?p=97","url_meta":{"origin":1109,"position":3},"title":"Howard Hughes y sus locuras volantes","author":"alpoma","date":"24 febrero 2005","format":false,"excerpt":"Hace poco, tras ver El Aviador volv\u00ed a revisar viejas revistas de m\u00e1quinas voladoras para reencontrarme con las locuras de Howard Hughes... Al margen de la calidad de la pel\u00edcula, de si DiCaprio da la talla o no y todas esas cosas de cin\u00e9filos, lo cierto es que la figura\u2026","rel":"","context":"En \u00abObsolescencia\u00bb","block_context":{"text":"Obsolescencia","link":"https:\/\/alpoma.net\/tecob\/?cat=3"},"img":{"alt_text":"","src":"https:\/\/i0.wp.com\/alpoma.net\/tecob\/wp-content\/uploads\/2005\/02\/Howard_Hughes.jpg?resize=350%2C200&ssl=1","width":350,"height":200},"classes":[]},{"id":1102,"url":"https:\/\/alpoma.net\/tecob\/?p=1102","url_meta":{"origin":1109,"position":4},"title":"El camino equivocado de Corrigan","author":"alpoma","date":"29 marzo 2009","format":false,"excerpt":"\u00bfPuede un aviador convertirse en h\u00e9roe por accidente? Tal cosa se pregunt\u00f3 Douglas Corrigan despu\u00e9s de lograr su haza\u00f1a pero, aunque \u00e9l afirmaba que todo se trat\u00f3 de un error, no hay duda de que la equivocaci\u00f3n estuvo muy bien preparada. Esta historia tiene de todo, un aventurero audaz, una\u2026","rel":"","context":"En \u00abObsolescencia\u00bb","block_context":{"text":"Obsolescencia","link":"https:\/\/alpoma.net\/tecob\/?cat=3"},"img":{"alt_text":"","src":"https:\/\/i0.wp.com\/alpoma.net\/tecob\/wp-content\/uploads\/2009\/03\/3395583544_ee78d20cd1_o.jpg?resize=350%2C200&ssl=1","width":350,"height":200,"srcset":"https:\/\/i0.wp.com\/alpoma.net\/tecob\/wp-content\/uploads\/2009\/03\/3395583544_ee78d20cd1_o.jpg?resize=350%2C200&ssl=1 1x, https:\/\/i0.wp.com\/alpoma.net\/tecob\/wp-content\/uploads\/2009\/03\/3395583544_ee78d20cd1_o.jpg?resize=525%2C300&ssl=1 1.5x"},"classes":[]},{"id":10202,"url":"https:\/\/alpoma.net\/tecob\/?p=10202","url_meta":{"origin":1109,"position":5},"title":"Un adelanto de lo que ser\u00e1 mi libro \u00abMade in Spain: Cuando invent\u00e1bamos nosotros\u00bb","author":"alpoma","date":"10 noviembre 2014","format":false,"excerpt":"Si no hay contratiempos, antes de que termine este a\u00f1o 2014 ver\u00e1 la luz mi nuevo libro (adem\u00e1s de la ya presentada edici\u00f3n en papel de la novela El viaje de Argos). A lo largo de la \u00faltima d\u00e9cada he publicado en diversos medios, sobre todo en la revista Historia\u2026","rel":"","context":"En \u00abMade in Spain\u00bb","block_context":{"text":"Made in Spain","link":"https:\/\/alpoma.net\/tecob\/?cat=10"},"img":{"alt_text":"","src":"https:\/\/i0.wp.com\/alpoma.net\/tecob\/wp-content\/uploads\/2014\/11\/barreiros-300x2771.png?resize=350%2C200&ssl=1","width":350,"height":200},"classes":[]}],"jetpack_sharing_enabled":true,"_links":{"self":[{"href":"https:\/\/alpoma.net\/tecob\/index.php?rest_route=\/wp\/v2\/posts\/1109","targetHints":{"allow":["GET"]}}],"collection":[{"href":"https:\/\/alpoma.net\/tecob\/index.php?rest_route=\/wp\/v2\/posts"}],"about":[{"href":"https:\/\/alpoma.net\/tecob\/index.php?rest_route=\/wp\/v2\/types\/post"}],"author":[{"embeddable":true,"href":"https:\/\/alpoma.net\/tecob\/index.php?rest_route=\/wp\/v2\/users\/1"}],"replies":[{"embeddable":true,"href":"https:\/\/alpoma.net\/tecob\/index.php?rest_route=%2Fwp%2Fv2%2Fcomments&post=1109"}],"version-history":[{"count":0,"href":"https:\/\/alpoma.net\/tecob\/index.php?rest_route=\/wp\/v2\/posts\/1109\/revisions"}],"wp:featuredmedia":[{"embeddable":true,"href":"https:\/\/alpoma.net\/tecob\/index.php?rest_route=\/wp\/v2\/media\/10740"}],"wp:attachment":[{"href":"https:\/\/alpoma.net\/tecob\/index.php?rest_route=%2Fwp%2Fv2%2Fmedia&parent=1109"}],"wp:term":[{"taxonomy":"category","embeddable":true,"href":"https:\/\/alpoma.net\/tecob\/index.php?rest_route=%2Fwp%2Fv2%2Fcategories&post=1109"},{"taxonomy":"post_tag","embeddable":true,"href":"https:\/\/alpoma.net\/tecob\/index.php?rest_route=%2Fwp%2Fv2%2Ftags&post=1109"}],"curies":[{"name":"wp","href":"https:\/\/api.w.org\/{rel}","templated":true}]}}