{"id":1100,"date":"2009-03-26T19:52:26","date_gmt":"2009-03-26T17:52:26","guid":{"rendered":"http:\/\/www.alpoma.net\/tecob\/?p=1100"},"modified":"2009-03-26T19:52:51","modified_gmt":"2009-03-26T17:52:51","slug":"bolero-electronica","status":"publish","type":"post","link":"https:\/\/alpoma.net\/tecob\/?p=1100","title":{"rendered":"Bolero electronica"},"content":{"rendered":"<p><img decoding=\"async\" src=\"http:\/\/farm4.static.flickr.com\/3618\/3388088172_8d450f0884_m.jpg\" alt=\"img\" class=\"dch\"\/>El 28 de noviembre de 1928 se estren\u00f3 en Par\u00eds una obra musical sobradamente conocida. El <strong><a href=\"http:\/\/es.wikipedia.org\/wiki\/Bolero_(Ravel)\" class=\"enlaces\">Bolero<\/a><\/strong> compuesto por <strong>Maurice Ravel<\/strong>, con su reiterada y obsesiva melod\u00eda sonando en mil \u00e1mbitos diferentes, ha logrado convertirse en una de las piezas m\u00e1s famosas del siglo XX. Sobre esta base, <strong><a href=\"http:\/\/www.aminbhatia.com\/index.php\/virtuality\" class=\"enlaces\">Amin Bhatia<\/a><\/strong> realiz\u00f3 un experimento muy atractivo. Anteriormente ya ha visitado <em>TecOb<\/em> este mago de los sintetizadores, en concreto cuando me refer\u00ed a su magna <em><a href=\"http:\/\/www.alpoma.net\/tecob\/?p=444\" class=\"enlaces\">Suite Interestelar<\/a><\/em>. A modo de <strong><a href=\"http:\/\/bobmoogfoundation.wordpress.com\/2008\/05\/23\/celebrating-bobs-birthday-with-release-of-bolero-electronica\/\" class=\"enlaces\">homenaje al pionero de los sintetizadores Bob Moog<\/a><\/strong>, Bhatia complet\u00f3 las composiciones de su obra <em>Virtuality<\/em>, de 2008, inspirada en el mundo de la tecnolog\u00eda de comunicaciones actual y la vida en Internet con algo muy especial. El disco se cierra con <em>Bolero Electronica<\/em>, una composici\u00f3n que, sobre la ideada por Ravel, consta de una sucesi\u00f3n de interpretaciones de la conocida melod\u00eda con diversos sintetizadores. Tal y como explica el propio Bhatia, se trata de un \u00abviaje de 75 a\u00f1os a trav\u00e9s del tiempo y la tecnolog\u00eda por medio de 75 sintetizadores\u00bb.<\/p>\n<p>Para comprender mejor el plan de este experimento, he aqu\u00ed de forma gr\u00e1fica la secuencia mel\u00f3dica y los sintetizadores empleados, basados en ordenaci\u00f3n cronol\u00f3gica:<\/p>\n<p><strong><a href=\"http:\/\/farm4.static.flickr.com\/3631\/3387280691_541186386a_o.jpg\">| Ampliar gr\u00e1fico |<\/a><\/strong><br \/>\n<img decoding=\"async\" src=\"http:\/\/farm4.static.flickr.com\/3419\/3387279267_591335aca0_o.jpg\" alt=\"img\" class=\"otros\"\/><\/p>\n<p><a href=\"http:\/\/www.interstellarsuite.com\/boleroclips_mp3.html\" class=\"enlaces\" target=\"blank\">Fragmento de <em>Bolero Electronica<\/em><\/a><br \/>\n<a href=\"http:\/\/www.aminbhatia.com\/index.php\/virtuality\/about.virtuality\" class=\"enlaces\">Amin Bhatia: <em>Virtuality<\/em><\/a><\/p>\n","protected":false},"excerpt":{"rendered":"<div class=\"mh-excerpt\"><p>El 28 de noviembre de 1928 se estren\u00f3 en Par\u00eds una obra musical sobradamente conocida. El Bolero compuesto por Maurice Ravel, con su reiterada y obsesiva melod\u00eda sonando en mil <a class=\"mh-excerpt-more\" href=\"https:\/\/alpoma.net\/tecob\/?p=1100\" title=\"Bolero electronica\">[&#8230;]<\/a><\/p>\n<\/div>","protected":false},"author":1,"featured_media":11065,"comment_status":"open","ping_status":"open","sticky":false,"template":"","format":"standard","meta":{"jetpack_post_was_ever_published":false,"_jetpack_newsletter_access":"","_jetpack_dont_email_post_to_subs":false,"_jetpack_newsletter_tier_id":0,"_jetpack_memberships_contains_paywalled_content":false,"_jetpack_memberships_contains_paid_content":false,"footnotes":""},"categories":[3,2],"tags":[],"class_list":["post-1100","post","type-post","status-publish","format-standard","has-post-thumbnail","hentry","category-obsolescencia","category-personal"],"jetpack_featured_media_url":"https:\/\/alpoma.net\/tecob\/wp-content\/uploads\/2009\/03\/3388088172_8d450f0884_m.jpg","jetpack_shortlink":"https:\/\/wp.me\/p93Dc1-hK","jetpack-related-posts":[{"id":444,"url":"https:\/\/alpoma.net\/tecob\/?p=444","url_meta":{"origin":1100,"position":0},"title":"Suite Interestelar","author":"alpoma","date":"20 abril 2006","format":false,"excerpt":"Hay pel\u00edculas que, primero se filman y, m\u00e1s tarde, son acompa\u00f1adas por una banda sonora constru\u00edda sobre las im\u00e1genes. Hay pel\u00edculas que se imaginan, pero no existen y, sin embargo, dan lugar a bandas sonoras excepcionales. Algo as\u00ed le sucedi\u00f3 al compositor Amin Bhatia hace tiempo. Hoy he estado revisando\u2026","rel":"","context":"En \u00abM\u00fasica\u00bb","block_context":{"text":"M\u00fasica","link":"https:\/\/alpoma.net\/tecob\/?cat=42"},"img":{"alt_text":"","src":"https:\/\/i0.wp.com\/alpoma.net\/tecob\/wp-content\/uploads\/2006\/04\/131956404_03fbd52a7f_o.jpg?resize=350%2C200&ssl=1","width":350,"height":200},"classes":[]},{"id":8284,"url":"https:\/\/alpoma.net\/tecob\/?p=8284","url_meta":{"origin":1100,"position":1},"title":"Kebu y el renacer de los sintetizadores vintage","author":"alpoma","date":"10 junio 2013","format":false,"excerpt":"Ah, qu\u00e9 tiempos aquellos, cuando los sintetizadores anal\u00f3gicos reinaban, la \u00e9poca del primer Jean Michel Jarre o de Ray Lynch, por ejemplo, la edad de oro de los teclistas, o sintesistas como dec\u00eda Ram\u00f3n Trecet, all\u00e1 a finales de los setenta y durante los a\u00f1os occhenta. Si menciono esto es\u2026","rel":"","context":"En \u00abM\u00fasica\u00bb","block_context":{"text":"M\u00fasica","link":"https:\/\/alpoma.net\/tecob\/?cat=42"},"img":{"alt_text":"kebu_promo_4s","src":"https:\/\/i0.wp.com\/www.alpoma.net\/tecob\/wp-content\/uploads\/2013\/06\/kebu_promo_4s.jpg?resize=350%2C200","width":350,"height":200},"classes":[]},{"id":280,"url":"https:\/\/alpoma.net\/tecob\/?p=280","url_meta":{"origin":1100,"position":2},"title":"Las m\u00e1quinas parlantes","author":"alpoma","date":"24 diciembre 2005","format":false,"excerpt":"Durante siglos la humanidad se ha sentido admirada de una de sus m\u00e1s importantes capacidades, el habla. Se crearon mitos y leyendas acerca de la aparici\u00f3n de tan maravillosa cualidad, se idearon teor\u00edas, m\u00e1s o menos acertadas, acerca de c\u00f3mo surgen las palabras y los cantos desde lo profundo de\u2026","rel":"","context":"En \u00abObsolescencia\u00bb","block_context":{"text":"Obsolescencia","link":"https:\/\/alpoma.net\/tecob\/?cat=3"},"img":{"alt_text":"","src":"","width":0,"height":0},"classes":[]},{"id":7944,"url":"https:\/\/alpoma.net\/tecob\/?p=7944","url_meta":{"origin":1100,"position":3},"title":"[Libro] La aventura tecnol\u00f3gica","author":"alpoma","date":"10 marzo 2013","format":false,"excerpt":"He tenido la fortuna de que Cognitio Books me enviara el acceso a la versi\u00f3n eBook de este libro (tambi\u00e9n est\u00e1 disponible en papel) y he de decir que ha sido todo un acierto por su parte. Lo ha sido porque, despu\u00e9s de leerlo, me ha dejado una agradable sensaci\u00f3n.\u2026","rel":"","context":"En \u00abGeneral\u00bb","block_context":{"text":"General","link":"https:\/\/alpoma.net\/tecob\/?cat=1"},"img":{"alt_text":"portada_aventura_tecnologica","src":"https:\/\/i0.wp.com\/www.alpoma.net\/tecob\/wp-content\/uploads\/2013\/03\/portada_aventura_tecnologica.jpg?resize=350%2C200","width":350,"height":200},"classes":[]},{"id":1308,"url":"https:\/\/alpoma.net\/tecob\/?p=1308","url_meta":{"origin":1100,"position":4},"title":"El mundo fant\u00e1stico de Karl Hans Janke","author":"alpoma","date":"10 octubre 2009","format":false,"excerpt":"Su nombre no me dec\u00eda nada, pero en apenas unos minutos la figura Karl Hans (Joachim) Janke me ha fascinado. Todo gracias a sus dibujos y maquetas, adem\u00e1s de su locura, que me ha descubierto BibliOdyssey, donde se puede localizar m\u00e1s informaci\u00f3n y enlaces, aunque por desgracia para m\u00ed, y\u2026","rel":"","context":"En \u00abObsolescencia\u00bb","block_context":{"text":"Obsolescencia","link":"https:\/\/alpoma.net\/tecob\/?cat=3"},"img":{"alt_text":"","src":"https:\/\/i0.wp.com\/alpoma.net\/tecob\/wp-content\/uploads\/2009\/10\/3998318118_83d786dc1b_o.jpg?resize=350%2C200&ssl=1","width":350,"height":200,"srcset":"https:\/\/i0.wp.com\/alpoma.net\/tecob\/wp-content\/uploads\/2009\/10\/3998318118_83d786dc1b_o.jpg?resize=350%2C200&ssl=1 1x, https:\/\/i0.wp.com\/alpoma.net\/tecob\/wp-content\/uploads\/2009\/10\/3998318118_83d786dc1b_o.jpg?resize=525%2C300&ssl=1 1.5x"},"classes":[]},{"id":7802,"url":"https:\/\/alpoma.net\/tecob\/?p=7802","url_meta":{"origin":1100,"position":5},"title":"[Libro] El calamar gigante","author":"alpoma","date":"14 febrero 2013","format":false,"excerpt":"Har\u00e1 unos veinte d\u00edas visit\u00e9 la librer\u00eda del CSIC en Madrid. Tengo ese lugar marcado en rojo en un mapa mental para intentar no entrar, si me acerco a la zona del Congreso de los Diputados, porque no puedo salir de all\u00ed sin comprar algo... o mucho. Bromas aparte, en\u2026","rel":"","context":"En \u00abGeo\u00bb","block_context":{"text":"Geo","link":"https:\/\/alpoma.net\/tecob\/?cat=5"},"img":{"alt_text":"calamar_gigante","src":"https:\/\/i0.wp.com\/www.alpoma.net\/tecob\/wp-content\/uploads\/2013\/02\/calamar_gigante.png?resize=350%2C200","width":350,"height":200},"classes":[]}],"jetpack_sharing_enabled":true,"_links":{"self":[{"href":"https:\/\/alpoma.net\/tecob\/index.php?rest_route=\/wp\/v2\/posts\/1100","targetHints":{"allow":["GET"]}}],"collection":[{"href":"https:\/\/alpoma.net\/tecob\/index.php?rest_route=\/wp\/v2\/posts"}],"about":[{"href":"https:\/\/alpoma.net\/tecob\/index.php?rest_route=\/wp\/v2\/types\/post"}],"author":[{"embeddable":true,"href":"https:\/\/alpoma.net\/tecob\/index.php?rest_route=\/wp\/v2\/users\/1"}],"replies":[{"embeddable":true,"href":"https:\/\/alpoma.net\/tecob\/index.php?rest_route=%2Fwp%2Fv2%2Fcomments&post=1100"}],"version-history":[{"count":0,"href":"https:\/\/alpoma.net\/tecob\/index.php?rest_route=\/wp\/v2\/posts\/1100\/revisions"}],"wp:featuredmedia":[{"embeddable":true,"href":"https:\/\/alpoma.net\/tecob\/index.php?rest_route=\/wp\/v2\/media\/11065"}],"wp:attachment":[{"href":"https:\/\/alpoma.net\/tecob\/index.php?rest_route=%2Fwp%2Fv2%2Fmedia&parent=1100"}],"wp:term":[{"taxonomy":"category","embeddable":true,"href":"https:\/\/alpoma.net\/tecob\/index.php?rest_route=%2Fwp%2Fv2%2Fcategories&post=1100"},{"taxonomy":"post_tag","embeddable":true,"href":"https:\/\/alpoma.net\/tecob\/index.php?rest_route=%2Fwp%2Fv2%2Ftags&post=1100"}],"curies":[{"name":"wp","href":"https:\/\/api.w.org\/{rel}","templated":true}]}}