{"id":1095,"date":"2009-03-24T14:12:56","date_gmt":"2009-03-24T12:12:56","guid":{"rendered":"http:\/\/www.alpoma.net\/tecob\/?p=1095"},"modified":"2015-10-18T13:11:28","modified_gmt":"2015-10-18T11:11:28","slug":"barcelona-desde-un-tranvia-1908","status":"publish","type":"post","link":"https:\/\/alpoma.net\/tecob\/?p=1095","title":{"rendered":"Barcelona desde un tranv\u00eda, 1908"},"content":{"rendered":"<p>Sencillamente, digno de ver.<\/p>\n<p><iframe loading=\"lazy\" width=\"620\" height=\"465\" src=\"https:\/\/www.youtube.com\/embed\/vYxYVByZg-I\" frameborder=\"0\" allowfullscreen><\/iframe><\/p>\n<p><em>Barcelona en tranv\u00eda<\/em>. Ricardo Ba\u00f1os, 1908.<em> Filmoteca Espa\u00f1ola<\/em>.<br \/>\nV\u00eda <a href=\"http:\/\/www.darkroastedblend.com\/2009\/03\/link-latte-104.html\" class=\"enlacs\">Dark Roasted Blend<\/a><\/p>\n","protected":false},"excerpt":{"rendered":"<div class=\"mh-excerpt\"><p>Sencillamente, digno de ver. Barcelona en tranv\u00eda. Ricardo Ba\u00f1os, 1908. Filmoteca Espa\u00f1ola. V\u00eda Dark Roasted Blend<\/p>\n<\/div>","protected":false},"author":1,"featured_media":0,"comment_status":"open","ping_status":"open","sticky":false,"template":"","format":"standard","meta":{"jetpack_post_was_ever_published":false,"_jetpack_newsletter_access":"","_jetpack_dont_email_post_to_subs":false,"_jetpack_newsletter_tier_id":0,"_jetpack_memberships_contains_paywalled_content":false,"_jetpack_memberships_contains_paid_content":false,"footnotes":""},"categories":[3],"tags":[],"class_list":["post-1095","post","type-post","status-publish","format-standard","hentry","category-obsolescencia"],"jetpack_featured_media_url":"","jetpack_shortlink":"https:\/\/wp.me\/p93Dc1-hF","jetpack-related-posts":[{"id":3612,"url":"https:\/\/alpoma.net\/tecob\/?p=3612","url_meta":{"origin":1095,"position":0},"title":"Cambiando v\u00edas [Timelapse]","author":"alpoma","date":"13 octubre 2010","format":false,"excerpt":"Cuando era peque\u00f1o, tendr\u00eda m\u00e1s o menos tres a\u00f1os, construyeron frente a casa una serie de grandes bloques de pisos y recuerdo que mi principal diversi\u00f3n por entonces, a pesar de tener todo tipo de juguetes a mano, era contemplar durante horas c\u00f3mo las m\u00e1quinas iban insertando los pilares que\u2026","rel":"","context":"En \u00abPersonal\u00bb","block_context":{"text":"Personal","link":"https:\/\/alpoma.net\/tecob\/?cat=2"},"img":{"alt_text":"","src":"","width":0,"height":0},"classes":[]},{"id":13099,"url":"https:\/\/alpoma.net\/tecob\/?p=13099","url_meta":{"origin":1095,"position":1},"title":"Gafas-esp\u00eda para polic\u00edas (1908)","author":"alpoma","date":"4 febrero 2018","format":false,"excerpt":"He aqu\u00ed una nota ligera, ideal para esta tarde de domingo, que nos hace viajar al Par\u00eds de 1908... Con satisfactorio resultado est\u00e1 ensay\u00e1ndose para servicio de los agentes de la polic\u00eda de Par\u00eds, el nuevo modelo de anteojos ideado por el comandante Mr. Souie. El objeto de este instrumento\u2026","rel":"","context":"En \u00abObsolescencia\u00bb","block_context":{"text":"Obsolescencia","link":"https:\/\/alpoma.net\/tecob\/?cat=3"},"img":{"alt_text":"","src":"https:\/\/i0.wp.com\/alpoma.net\/tecob\/wp-content\/uploads\/2018\/02\/gafas-espia-1908.jpg?resize=350%2C200","width":350,"height":200,"srcset":"https:\/\/i0.wp.com\/alpoma.net\/tecob\/wp-content\/uploads\/2018\/02\/gafas-espia-1908.jpg?resize=350%2C200 1x, https:\/\/i0.wp.com\/alpoma.net\/tecob\/wp-content\/uploads\/2018\/02\/gafas-espia-1908.jpg?resize=525%2C300 1.5x"},"classes":[]},{"id":12271,"url":"https:\/\/alpoma.net\/tecob\/?p=12271","url_meta":{"origin":1095,"position":2},"title":"Un siglo del Spanish Aerocar de Torres Quevedo","author":"alpoma","date":"4 agosto 2016","format":false,"excerpt":"Versi\u00f3n para TecOb del art\u00edculo que publiqu\u00e9 en la revista Historia de Iberia Vieja, edici\u00f3n de julio de 2016. Leonardo Torres Quevedo es el inventor de un sorprendente tranv\u00eda a\u00e9reo que acaba de instalarse sobre el Ni\u00e1gara, cruzando la fant\u00e1stica vor\u00e1gine del Whirlpool, que es algo as\u00ed como un suntuoso\u2026","rel":"","context":"En \u00abMade in Spain\u00bb","block_context":{"text":"Made in Spain","link":"https:\/\/alpoma.net\/tecob\/?cat=10"},"img":{"alt_text":"","src":"https:\/\/i0.wp.com\/alpoma.net\/tecob\/wp-content\/uploads\/2016\/08\/spanish_aerocar.jpg?resize=350%2C200&ssl=1","width":350,"height":200,"srcset":"https:\/\/i0.wp.com\/alpoma.net\/tecob\/wp-content\/uploads\/2016\/08\/spanish_aerocar.jpg?resize=350%2C200&ssl=1 1x, https:\/\/i0.wp.com\/alpoma.net\/tecob\/wp-content\/uploads\/2016\/08\/spanish_aerocar.jpg?resize=525%2C300&ssl=1 1.5x"},"classes":[]},{"id":7996,"url":"https:\/\/alpoma.net\/tecob\/?p=7996","url_meta":{"origin":1095,"position":3},"title":"Aeronautics (1908 &#8211; 1915)","author":"alpoma","date":"17 marzo 2013","format":false,"excerpt":"Aeronautics era una revista que se edit\u00f3 en los Estados Unidos a principios del siglo XX con la intenci\u00f3n de documentar todo lo que tuviera que ver con el incipiente mundo de la aviaci\u00f3n. En una \u00e9poca en la que se romp\u00edan marcas casi todos los d\u00edas, en la que\u2026","rel":"","context":"En \u00abObsolescencia\u00bb","block_context":{"text":"Obsolescencia","link":"https:\/\/alpoma.net\/tecob\/?cat=3"},"img":{"alt_text":"","src":"https:\/\/i0.wp.com\/alpoma.net\/tecob\/wp-content\/uploads\/2013\/03\/aeronautics_1.jpg?resize=350%2C200&ssl=1","width":350,"height":200,"srcset":"https:\/\/i0.wp.com\/alpoma.net\/tecob\/wp-content\/uploads\/2013\/03\/aeronautics_1.jpg?resize=350%2C200&ssl=1 1x, https:\/\/i0.wp.com\/alpoma.net\/tecob\/wp-content\/uploads\/2013\/03\/aeronautics_1.jpg?resize=525%2C300&ssl=1 1.5x"},"classes":[]},{"id":8065,"url":"https:\/\/alpoma.net\/tecob\/?p=8065","url_meta":{"origin":1095,"position":4},"title":"(Documental) El enigma de Julio Cervera","author":"alpoma","date":"4 abril 2013","format":false,"excerpt":"El caso de Julio Cervera Baviera es uno de esos que, por desgracia, tanto abundan en la historia de Espa\u00f1a. Genio singular, pionero de la radio de talla mundial, militar, ge\u00f3grafo, inventor y... pol\u00edtico. Desde que publiqu\u00e9 una breve semblanza de su vida hace a\u00f1os en Historia de Iberia Vieja,\u2026","rel":"","context":"En \u00abMade in Spain\u00bb","block_context":{"text":"Made in Spain","link":"https:\/\/alpoma.net\/tecob\/?cat=10"},"img":{"alt_text":"","src":"","width":0,"height":0},"classes":[]},{"id":8938,"url":"https:\/\/alpoma.net\/tecob\/?p=8938","url_meta":{"origin":1095,"position":5},"title":"Barcelona 1888: Las primeras fotograf\u00edas a\u00e9reas espa\u00f1olas y un duro para subir en globo","author":"alpoma","date":"31 marzo 2014","format":false,"excerpt":"La Exposici\u00f3n Universal de Barcelona que se celebr\u00f3 en el Parque de la Ciudadela entre el 8 de abril y el 9 de diciembre de 1888 fue todo un \u00e9xito. M\u00e1s de dos millones de visitantes se acercaron a contemplar las maravillas all\u00ed expuestas y, adem\u00e1s, fue la excusa perfecta\u2026","rel":"","context":"En \u00abMade in Spain\u00bb","block_context":{"text":"Made in Spain","link":"https:\/\/alpoma.net\/tecob\/?cat=10"},"img":{"alt_text":"","src":"https:\/\/i0.wp.com\/alpoma.net\/tecob\/wp-content\/uploads\/2014\/03\/globo_cautivo_barcelona.jpg?resize=350%2C200&ssl=1","width":350,"height":200},"classes":[]}],"jetpack_sharing_enabled":true,"_links":{"self":[{"href":"https:\/\/alpoma.net\/tecob\/index.php?rest_route=\/wp\/v2\/posts\/1095","targetHints":{"allow":["GET"]}}],"collection":[{"href":"https:\/\/alpoma.net\/tecob\/index.php?rest_route=\/wp\/v2\/posts"}],"about":[{"href":"https:\/\/alpoma.net\/tecob\/index.php?rest_route=\/wp\/v2\/types\/post"}],"author":[{"embeddable":true,"href":"https:\/\/alpoma.net\/tecob\/index.php?rest_route=\/wp\/v2\/users\/1"}],"replies":[{"embeddable":true,"href":"https:\/\/alpoma.net\/tecob\/index.php?rest_route=%2Fwp%2Fv2%2Fcomments&post=1095"}],"version-history":[{"count":0,"href":"https:\/\/alpoma.net\/tecob\/index.php?rest_route=\/wp\/v2\/posts\/1095\/revisions"}],"wp:attachment":[{"href":"https:\/\/alpoma.net\/tecob\/index.php?rest_route=%2Fwp%2Fv2%2Fmedia&parent=1095"}],"wp:term":[{"taxonomy":"category","embeddable":true,"href":"https:\/\/alpoma.net\/tecob\/index.php?rest_route=%2Fwp%2Fv2%2Fcategories&post=1095"},{"taxonomy":"post_tag","embeddable":true,"href":"https:\/\/alpoma.net\/tecob\/index.php?rest_route=%2Fwp%2Fv2%2Ftags&post=1095"}],"curies":[{"name":"wp","href":"https:\/\/api.w.org\/{rel}","templated":true}]}}