{"id":1059,"date":"2009-01-13T19:23:53","date_gmt":"2009-01-13T17:23:53","guid":{"rendered":"http:\/\/www.alpoma.net\/tecob\/?p=1059"},"modified":"2009-07-06T17:37:30","modified_gmt":"2009-07-06T15:37:30","slug":"manuel-garcia-y-el-laringoscopio","status":"publish","type":"post","link":"https:\/\/alpoma.net\/tecob\/?p=1059","title":{"rendered":"Manuel Garc\u00eda y el laringoscopio"},"content":{"rendered":"<p class=\"otros3\">Versi\u00f3n web del art\u00edculo que publiqu\u00e9 en <em><a href=\"http:\/\/www.historiadeiberiavieja.com\/\">Historia de Iberia Vieja<\/a><\/em>, n\u00famero 43 &#8211; enero 2009.<\/p>\n<blockquote><p>El inventor del laringoscopio, el Crist\u00f3bal Col\u00f3n de las laringes, hizo posible con su invento una serie de r\u00e1pidos progresos m\u00e9dico-quir\u00fargicos. Y su talla cient\u00edfica se alza en las cumbres inmortales donde Koch, Virchow, Erlich y Mommsen acaudillan la ciencia contempor\u00e1nea. <\/p>\n<p>Nuevo Mundo, Madrid. 12 de abril de 1918<\/p><\/blockquote>\n<p>Manuel Vicente Patricio Rodr\u00edguez Sitches o, mejor, <strong><a href=\"http:\/\/www.opusmusica.com\/001\/garcia.html\" class=\"enlaces\">Manuel Garc\u00eda<\/a><\/strong>, naci\u00f3 en Madrid en 1805 y falleci\u00f3 en Londres en 1906. Quien se haya molestado en restar se habr\u00e1 percatado de que se trat\u00f3 de una vida larga, muy larga, 101 a\u00f1os de actividad sin pausa, un tiempo que da para hacer muchas y muy buenas cosas, unos a\u00f1os que Don Garc\u00eda supo aprovechar con diligencia.<\/p>\n<p><strong>Tradici\u00f3n familiar<\/strong><\/p>\n<p><img decoding=\"async\" src=\"http:\/\/farm4.static.flickr.com\/3373\/3194705728_af9150fbf0_m.jpg\" alt=\"img\" class=\"dch\"\/>Si en muchas ocasiones se cita la influencia familiar en las biograf\u00edas de grandes personajes hist\u00f3ricos, con Garc\u00eda se puede decir que la familia se convirti\u00f3 en un motivo inspirador y, a la vez, sustrato inigualable sobre el que forj\u00f3 su vida. La cosa ven\u00eda de lejos pues el padre del genio que nos ocupa, llamado igualmente Manuel Garc\u00eda o, atendiendo a su fe de nacimiento, <strong>Manuel del P\u00f3pulo Vicente Rodr\u00edguez<\/strong>, conocido desde peque\u00f1o como Garc\u00eda, el apellido de su padrastro, fue un compositor sevillano, apasionado de todo lo que la m\u00fasica y el arte en general pueden ofrecer para alimentar el alma humana. No s\u00f3lo compon\u00eda, sino que cantaba, y muy bien por cierto, fue colaborador y amigo del mism\u00edsimo <strong>Rossini<\/strong>, quien compuso para \u00e9l la parte de tenor de sus \u00f3peras <em>El Barbero de Sevilla<\/em> y <em>Otello<\/em>. Se trat\u00f3 de un aventurero sorprendente, recorri\u00f3 media Europa entre fama, dinero y montajes oper\u00edsticos, eso cuando no se arruinaba de repente y ten\u00eda que saltar a otro lugar y otro campo de batalla para levantarse, de nuevo, logrando m\u00e1s fortuna presta a ser puesta en riesgo durante la siguiente aventura.<\/p>\n<p>Dos matrimonios celebr\u00f3 el viejo Don Manuel, uno con cierta actriz, <strong>Manuela Morales<\/strong>, que habitaba en la compa\u00f1\u00eda del c\u00e9lebre Isidoro M\u00e1iquez, el otro con una servidora devota del arte, una cantante que atend\u00eda al nombre de<strong> Joaquina Briones<\/strong>, bajo el apodo art\u00edstico de Mar\u00eda Joaquina Sitches, convertida en amante y, m\u00e1s tarde, en esposa del compositor. Los frutos de estos dos matrimonios siguieron por la senda del arte, con sorprendentes carreras y logros, confirmando que el esp\u00edritu de las musas ten\u00eda en gracia a la familia Garc\u00eda. He ah\u00ed, por ejemplo, una de las hijas del segundo matrimonio, Mar\u00eda Felicia, <strong>la Malibr\u00e1n<\/strong> seg\u00fan su nombre de casada, celeb\u00e9rrima cantante de \u00f3pera adorada por Rossini. Por si no fuera bastante contar como con una diosa de los escenarios, disfrut\u00f3 de la compa\u00f1\u00eda de otra hermana c\u00e9lebre, Paulina Garc\u00eda, que en virtud de su casamiento con un famoso cr\u00edtico, tom\u00f3 por nombre Pauline Viardot Garc\u00eda, llegando a viajar por Europa en medio de la fama que logr\u00f3 gracias a su calidad como cantante.<\/p>\n<p><strong>M\u00fasica y ciencia<\/strong><\/p>\n<p>En medio de esta dinast\u00eda musical y art\u00edstica, que poblaba el cielo de la creaci\u00f3n de su \u00e9poca, vivi\u00f3 Manuel Garc\u00eda, recordado hoy por ser padre de cierto artilugio m\u00e9dico relacionado, a su vez, con la m\u00fasica. Con un padre siempre implicado en todo tipo de montajes musicales en grandes escenarios de Par\u00eds, Londres o incluso en Am\u00e9rica, siendo compositor de fama e invitado a todas las celebraciones de la alta sociedad, con hermanas que deleitaban a pr\u00edncipes y nobles gracias a su canto, \u00bfacaso extra\u00f1a a alguien que el joven Garc\u00eda decidiera dedicar su vida a la m\u00fasica? Ahora bien, a pesar de que lleg\u00f3 a ser conocido como gran cantante de \u00f3pera, bar\u00edtono concretamente, no fue su fama por el camino de la pr\u00e1ctica del arte, sino que se convirti\u00f3 en una de las figuras del estudio de la m\u00fasica desde el punto de vista cient\u00edfico m\u00e1s importantes de todos los tiempos. Siempre su vida gir\u00f3 en torno al canto, incluso se cas\u00f3 con una soprano, Eug\u00e9nie Mayer y, para seguir con la tradici\u00f3n, su hijo Gustave se convirti\u00f3 en bar\u00edtono. <strong>La voz humana, aclamada tantas veces como el \u201cinstrumento musical perfecto\u201d constituy\u00f3 la pasi\u00f3n y la obsesi\u00f3n de Garc\u00eda<\/strong>. Una vez que su carrera como cantante fue disminuyendo en intensidad, decidi\u00f3 dedicar su mayor esfuerzo en comprender tal instrumento maravilloso. Estudi\u00f3 con pasi\u00f3n la anatom\u00eda de la laringe, al detalle, con atenci\u00f3n y sin descanso, para descubrir los secretos del arma del que nacen los sonidos de la voz. A mediados del siglo XIX el genio de Garc\u00eda despert\u00f3 para la ciencia m\u00e9dica, ense\u00f1\u00f3 con ilusi\u00f3n todo lo aprendido con los a\u00f1os sobre el canto y la voz en Par\u00eds y Londres.<\/p>\n<p>Pero faltaba algo, todo lo conocido hasta entonces en el mundo del canto era m\u00e1s te\u00f3rico que real si a los mecanismos de la voz nos referimos. Garc\u00eda pas\u00f3 a la experimentaci\u00f3n, estudi\u00f3 la disposici\u00f3n y estructura de las fibras musculares de la laringe humana y tom\u00f3 como sujeto de experimentaci\u00f3n a su propio aparato fonador, observ\u00e1ndose a s\u00ed mismo a trav\u00e9s de espejos mientras cantaba. Gracias a lo que aprendi\u00f3 con sus experimentos al analizar su propia voz y laringe, desarroll\u00f3 m\u00e9todos de ense\u00f1anza del canto que alimentaron a los m\u00e1s importantes cantantes de \u00f3pera durante la segunda mitad del siglo XIX y principios del XX. Sus obras escritas sobre la voz humana y el canto, como Memoire sur la voix humaine, alcanzaron prontamente celebridad y fueron reeditadas muchas veces. Las aplicaciones m\u00e9dicas de su laringoscopio tambi\u00e9n le valieron reconocimientos acad\u00e9micos del m\u00e1s alto nivel, como un doctorado honoris causa. <\/p>\n<p><strong>El laringoscopio de Garc\u00eda<\/strong><\/p>\n<p>Manuel Garc\u00eda, el que fuera profesor de canto del <em>Conservatorio de Par\u00eds <\/em>e, igualmente, de la <em>Real Academia de M\u00fasica de Londres<\/em>, ide\u00f3 el invento por el que es recordado. Obsesionado con el conocimiento cient\u00edfico del mecanismo de la voz y el canto humanos, se apoy\u00f3 en el trabajo de diversos anatomistas y en disecciones de laringes de animales y de cad\u00e1veres humanos para comprender c\u00f3mo la disposici\u00f3n de las fibras musculares lograban que las cuerdas vocales crearan sonidos. <\/p>\n<p><img decoding=\"async\" src=\"http:\/\/farm4.static.flickr.com\/3315\/3194731800_446d86479a_o.jpg\" alt=\"img\" \/><\/p>\n<p>Claramente podemos imaginar a Garc\u00eda apesadumbrado al comprobar que las disecciones no pod\u00edan explicarlo todo, as\u00ed que el intr\u00e9pido cantante y maestro decidi\u00f3 aplicar los m\u00e9todos de la experimentaci\u00f3n cient\u00edfica consigo mismo. <strong>\u00bfC\u00f3mo ver el aparato fonador humano funcionando en vivo?<\/strong> La iluminaci\u00f3n le lleg\u00f3 en forma de idea cierto d\u00eda de 1854, caminando por Par\u00eds. Del destello genial que alumbr\u00f3 su mente naci\u00f3 el espejo con el que logr\u00f3 ver su propia laringe en acci\u00f3n mientras cantaba, cobr\u00f3 vida as\u00ed el laringoscopio y, de ah\u00ed, varias ciencias que a tal efecto deben parte de su existencia. <strong>De la observaci\u00f3n de los reflejos que aparec\u00edan en los cristales de unos escaparates de Par\u00eds, surgi\u00f3 la idea de combinar peque\u00f1os espejos para realizar sus autolaringoscopias indirectas, aprovechando la luz del sol<\/strong>. Con paciencia y tes\u00f3n, Garc\u00eda se aplic\u00f3 sobre el cielo de la boca, aguantando la n\u00e1usea, un peque\u00f1o espejo de dentista que hab\u00eda adquirido y adaptado para sus fines, pudiendo entonces observar los movimientos de sus cuerdas vocales en otro espejo situado frente a s\u00ed. De manera tan sencilla naci\u00f3 la laringoscopia empleada a partir de entonces para el estudio de patolog\u00edas y, claro est\u00e1, para el estudio de la voz y el canto humanos. Con el paso del tiempo la laringoscopia indirecta fue mejorando, por ejemplo, por medio del empleo de luz artificial, pero siempre sentar\u00e1 sus bases sobre la inspiraci\u00f3n de un insigne maestro cantor que pens\u00f3 un d\u00eda, caminando por Par\u00eds, en la forma de contemplar su propia laringe. <\/p>\n<p>______________<br \/>\n<strong>Documento de inter\u00e9s<\/strong>:<br \/>\n<em><a href=\"http:\/\/dialnet.unirioja.es\/servlet\/fichero_articulo?codigo=2110775&#038;orden=81821\" class=\"enlaces\">El centenario del laringoscopio<\/a><\/em>. Antonio Rem\u00f3n Cardesa.<em> Argensola: Revista de Ciencias Sociales del Instituto de Estudios Altoaragoneses<\/em>, ISSN 0518-4088, N\u00ba 21, 1955, pags. 51-52. (PDF).<\/p>\n","protected":false},"excerpt":{"rendered":"<div class=\"mh-excerpt\"><p>Versi\u00f3n web del art\u00edculo que publiqu\u00e9 en Historia de Iberia Vieja, n\u00famero 43 &#8211; enero 2009. El inventor del laringoscopio, el Crist\u00f3bal Col\u00f3n de las laringes, hizo posible con su <a class=\"mh-excerpt-more\" href=\"https:\/\/alpoma.net\/tecob\/?p=1059\" title=\"Manuel Garc\u00eda y el laringoscopio\">[&#8230;]<\/a><\/p>\n<\/div>","protected":false},"author":1,"featured_media":10873,"comment_status":"open","ping_status":"open","sticky":false,"template":"","format":"standard","meta":{"jetpack_post_was_ever_published":false,"_jetpack_newsletter_access":"","_jetpack_dont_email_post_to_subs":false,"_jetpack_newsletter_tier_id":0,"_jetpack_memberships_contains_paywalled_content":false,"_jetpack_memberships_contains_paid_content":false,"footnotes":""},"categories":[10,3],"tags":[],"class_list":["post-1059","post","type-post","status-publish","format-standard","has-post-thumbnail","hentry","category-made_in_spain","category-obsolescencia"],"jetpack_featured_media_url":"https:\/\/alpoma.net\/tecob\/wp-content\/uploads\/2009\/01\/3194705728_af9150fbf0_m.jpg","jetpack_shortlink":"https:\/\/wp.me\/p93Dc1-h5","jetpack-related-posts":[{"id":311,"url":"https:\/\/alpoma.net\/tecob\/?p=311","url_meta":{"origin":1059,"position":0},"title":"Cosme Garc\u00eda, otro genio olvidado","author":"alpoma","date":"11 enero 2006","format":false,"excerpt":"A poco que se busque en la historia de la ciencia y la tecnolog\u00eda, sobre todo en la espa\u00f1ola, aparecen brillantes diamantes olvidados casi por completo. Gracias a los datos que me envi\u00f3 recientemente un lector de este blog, hoy nos visita Don Cosme Garc\u00eda. Vale, dicho as\u00ed, a la\u2026","rel":"","context":"En \u00abObsolescencia\u00bb","block_context":{"text":"Obsolescencia","link":"https:\/\/alpoma.net\/tecob\/?cat=3"},"img":{"alt_text":"","src":"","width":0,"height":0},"classes":[]},{"id":11923,"url":"https:\/\/alpoma.net\/tecob\/?p=11923","url_meta":{"origin":1059,"position":1},"title":"Manuel Aljarilla, del motor de hidr\u00f3geno al suero capilar Tit\u00e1n","author":"alpoma","date":"29 febrero 2016","format":false,"excerpt":"Versi\u00f3n para TecOb del art\u00edculo que publiqu\u00e9 en la revista Historia de Iberia Vieja, edici\u00f3n de febrero de 2016. Las experiencias del doctor V\u00f3ronoff le sugirieron la idea de emplear gl\u00e1ndulas capilares de animales para fortalecer el bulbo capilar y acabar con los calvos. (\u2026) Lo m\u00e1s interesante de la\u2026","rel":"","context":"En \u00abMade in Spain\u00bb","block_context":{"text":"Made in Spain","link":"https:\/\/alpoma.net\/tecob\/?cat=10"},"img":{"alt_text":"","src":"https:\/\/i0.wp.com\/alpoma.net\/tecob\/wp-content\/uploads\/2016\/02\/Manuel_Aljarilla.jpg?resize=350%2C200&ssl=1","width":350,"height":200,"srcset":"https:\/\/i0.wp.com\/alpoma.net\/tecob\/wp-content\/uploads\/2016\/02\/Manuel_Aljarilla.jpg?resize=350%2C200&ssl=1 1x, https:\/\/i0.wp.com\/alpoma.net\/tecob\/wp-content\/uploads\/2016\/02\/Manuel_Aljarilla.jpg?resize=525%2C300&ssl=1 1.5x"},"classes":[]},{"id":10202,"url":"https:\/\/alpoma.net\/tecob\/?p=10202","url_meta":{"origin":1059,"position":2},"title":"Un adelanto de lo que ser\u00e1 mi libro \u00abMade in Spain: Cuando invent\u00e1bamos nosotros\u00bb","author":"alpoma","date":"10 noviembre 2014","format":false,"excerpt":"Si no hay contratiempos, antes de que termine este a\u00f1o 2014 ver\u00e1 la luz mi nuevo libro (adem\u00e1s de la ya presentada edici\u00f3n en papel de la novela El viaje de Argos). A lo largo de la \u00faltima d\u00e9cada he publicado en diversos medios, sobre todo en la revista Historia\u2026","rel":"","context":"En \u00abMade in Spain\u00bb","block_context":{"text":"Made in Spain","link":"https:\/\/alpoma.net\/tecob\/?cat=10"},"img":{"alt_text":"","src":"https:\/\/i0.wp.com\/alpoma.net\/tecob\/wp-content\/uploads\/2014\/11\/barreiros-300x2771.png?resize=350%2C200&ssl=1","width":350,"height":200},"classes":[]},{"id":1048,"url":"https:\/\/alpoma.net\/tecob\/?p=1048","url_meta":{"origin":1059,"position":3},"title":"Noherlesoom, el astr\u00f3nomo del pueblo","author":"alpoma","date":"16 diciembre 2008","format":false,"excerpt":"Versi\u00f3n para la web del art\u00edculo que publiqu\u00e9 en el n\u00famero de diciembre de 2008 de Historia de Iberia Vieja. Jam\u00e1s hombre alguno fue tan combatido en su prestigio cient\u00edfico como Le\u00f3n Hermoso. Sus partidarios llegaron hasta concederle la virtud de la adivinaci\u00f3n, sus enemigos hasta negarle el conocimiento de\u2026","rel":"","context":"En \u00abMade in Spain\u00bb","block_context":{"text":"Made in Spain","link":"https:\/\/alpoma.net\/tecob\/?cat=10"},"img":{"alt_text":"","src":"https:\/\/i0.wp.com\/alpoma.net\/tecob\/wp-content\/uploads\/2008\/12\/3111733042_a00814d467_m.jpg?resize=350%2C200&ssl=1","width":350,"height":200},"classes":[]},{"id":1140,"url":"https:\/\/alpoma.net\/tecob\/?p=1140","url_meta":{"origin":1059,"position":4},"title":"Cosme Garc\u00eda y el primer submarino espa\u00f1ol","author":"alpoma","date":"4 junio 2009","format":false,"excerpt":"AVISO: El presente art\u00edculo corresponde a la versi\u00f3n web reducida del que publiqu\u00e9 en el n\u00famero de junio de 2009 de la revista Historia de Iberia Vieja. Anteriormente ya trat\u00e9 este asunto, de forma m\u00e1s breve, en este art\u00edculo de TecOb: Cosme Garc\u00eda, otro genio olvidado. Hace pocos d\u00edas que\u2026","rel":"","context":"En \u00abMade in Spain\u00bb","block_context":{"text":"Made in Spain","link":"https:\/\/alpoma.net\/tecob\/?cat=10"},"img":{"alt_text":"","src":"","width":0,"height":0},"classes":[]},{"id":954,"url":"https:\/\/alpoma.net\/tecob\/?p=954","url_meta":{"origin":1059,"position":5},"title":"Manuel Daza y su arma secreta","author":"alpoma","date":"7 agosto 2008","format":false,"excerpt":"Aviso: Este art\u00edculo puede considerarse complementario de otro que publiqu\u00e9 en TecOb hace varias semanas: Toxpiro, el arma definitiva. | El texto del art\u00edculo de hoy forma parte del que publiqu\u00e9 en Historia de Iberia Vieja en Julio de 2008. En la imagen: Manuel Daza. En un momento decisivo, cuando\u2026","rel":"","context":"En \u00abMade in Spain\u00bb","block_context":{"text":"Made in Spain","link":"https:\/\/alpoma.net\/tecob\/?cat=10"},"img":{"alt_text":"","src":"","width":0,"height":0},"classes":[]}],"jetpack_sharing_enabled":true,"_links":{"self":[{"href":"https:\/\/alpoma.net\/tecob\/index.php?rest_route=\/wp\/v2\/posts\/1059","targetHints":{"allow":["GET"]}}],"collection":[{"href":"https:\/\/alpoma.net\/tecob\/index.php?rest_route=\/wp\/v2\/posts"}],"about":[{"href":"https:\/\/alpoma.net\/tecob\/index.php?rest_route=\/wp\/v2\/types\/post"}],"author":[{"embeddable":true,"href":"https:\/\/alpoma.net\/tecob\/index.php?rest_route=\/wp\/v2\/users\/1"}],"replies":[{"embeddable":true,"href":"https:\/\/alpoma.net\/tecob\/index.php?rest_route=%2Fwp%2Fv2%2Fcomments&post=1059"}],"version-history":[{"count":0,"href":"https:\/\/alpoma.net\/tecob\/index.php?rest_route=\/wp\/v2\/posts\/1059\/revisions"}],"wp:featuredmedia":[{"embeddable":true,"href":"https:\/\/alpoma.net\/tecob\/index.php?rest_route=\/wp\/v2\/media\/10873"}],"wp:attachment":[{"href":"https:\/\/alpoma.net\/tecob\/index.php?rest_route=%2Fwp%2Fv2%2Fmedia&parent=1059"}],"wp:term":[{"taxonomy":"category","embeddable":true,"href":"https:\/\/alpoma.net\/tecob\/index.php?rest_route=%2Fwp%2Fv2%2Fcategories&post=1059"},{"taxonomy":"post_tag","embeddable":true,"href":"https:\/\/alpoma.net\/tecob\/index.php?rest_route=%2Fwp%2Fv2%2Ftags&post=1059"}],"curies":[{"name":"wp","href":"https:\/\/api.w.org\/{rel}","templated":true}]}}