{"id":1033,"date":"2008-11-20T17:18:18","date_gmt":"2008-11-20T15:18:18","guid":{"rendered":"http:\/\/www.alpoma.net\/tecob\/?p=1033"},"modified":"2008-11-20T17:18:49","modified_gmt":"2008-11-20T15:18:49","slug":"la-biblioteca-que-parece-una-biblioteca","status":"publish","type":"post","link":"https:\/\/alpoma.net\/tecob\/?p=1033","title":{"rendered":"La biblioteca que parece una biblioteca"},"content":{"rendered":"<p>Este edificio contiene una biblioteca, \u00bfacaso no est\u00e1 claro? Precioso ejemplo de dise\u00f1o sobre contenido y funci\u00f3n que podemos encontrar en <strong>Kansas City<\/strong>, dando vida a la <strong><a href=\"http:\/\/www.kclibrary.org\/\" class=\"enlaces\">biblioteca p\u00fablica de la citada ciudad<\/a><\/strong>. <\/p>\n<p><img decoding=\"async\" src=\"http:\/\/farm4.static.flickr.com\/3021\/3045287193_4baa63d924_o.jpg\" alt=\"img\" class=\"otros\"\/><br \/>\n<small><strong>Fuente<\/strong>: <a href=\"http:\/\/www.flickr.com\/photos\/jonathan_moreau\/418008212\/\">Jonathan Moreau en Flickr<\/a><\/small><\/p>\n<p><img decoding=\"async\" src=\"http:\/\/farm4.static.flickr.com\/3210\/3046118870_f6d9ebc7a5_o.jpg\" alt=\"img\" class=\"otros\"\/><br \/>\n<small><strong>Fuente<\/strong>: <a href=\"http:\/\/flickr.com\/photos\/33308491@N00\/444003440\/\">Athanasius en Flickr<\/a><\/small><\/p>\n<p><a href=\"http:\/\/villageofjoy.com\/50-strange-buildings-of-the-world\/\">| Otros edificios extra\u00f1os en: Village of Joy &#8211; 50 Strange Buildings of the World<\/a> <a href=\"http:\/\/fantasticjournal.blogspot.com\/2008\/11\/nursery-times.html\">| V\u00eda Fantastic Journal |<\/a><\/p>\n","protected":false},"excerpt":{"rendered":"<div class=\"mh-excerpt\"><p>Este edificio contiene una biblioteca, \u00bfacaso no est\u00e1 claro? Precioso ejemplo de dise\u00f1o sobre contenido y funci\u00f3n que podemos encontrar en Kansas City, dando vida a la biblioteca p\u00fablica de <a class=\"mh-excerpt-more\" href=\"https:\/\/alpoma.net\/tecob\/?p=1033\" title=\"La biblioteca que parece una biblioteca\">[&#8230;]<\/a><\/p>\n<\/div>","protected":false},"author":1,"featured_media":10980,"comment_status":"open","ping_status":"open","sticky":false,"template":"","format":"standard","meta":{"jetpack_post_was_ever_published":false,"_jetpack_newsletter_access":"","_jetpack_dont_email_post_to_subs":false,"_jetpack_newsletter_tier_id":0,"_jetpack_memberships_contains_paywalled_content":false,"_jetpack_memberships_contains_paid_content":false,"footnotes":""},"categories":[5],"tags":[],"class_list":["post-1033","post","type-post","status-publish","format-standard","has-post-thumbnail","hentry","category-geo"],"jetpack_featured_media_url":"https:\/\/alpoma.net\/tecob\/wp-content\/uploads\/2008\/11\/3045287193_4baa63d924_o.jpg","jetpack_shortlink":"https:\/\/wp.me\/p93Dc1-gF","jetpack-related-posts":[{"id":8772,"url":"https:\/\/alpoma.net\/tecob\/?p=8772","url_meta":{"origin":1033,"position":0},"title":"Tesla en la prensa espa\u00f1ola","author":"alpoma","date":"26 enero 2014","format":false,"excerpt":"A lo largo de esta semana que comienza enviar\u00e9 a Apple, por fin, la app sobre Nikola Tesla para iPad que he estado construyendo en las \u00faltimas semanas. Luego, a esperar que la gente de la manzana lo apruebe. La aplicaci\u00f3n es divulgativa, con audio y un sencillo sistema de\u2026","rel":"","context":"En \u00abMade in Spain\u00bb","block_context":{"text":"Made in Spain","link":"https:\/\/alpoma.net\/tecob\/?cat=10"},"img":{"alt_text":"","src":"https:\/\/i0.wp.com\/alpoma.net\/tecob\/wp-content\/uploads\/2014\/01\/1_tsl.jpg?resize=350%2C200&ssl=1","width":350,"height":200,"srcset":"https:\/\/i0.wp.com\/alpoma.net\/tecob\/wp-content\/uploads\/2014\/01\/1_tsl.jpg?resize=350%2C200&ssl=1 1x, https:\/\/i0.wp.com\/alpoma.net\/tecob\/wp-content\/uploads\/2014\/01\/1_tsl.jpg?resize=525%2C300&ssl=1 1.5x, https:\/\/i0.wp.com\/alpoma.net\/tecob\/wp-content\/uploads\/2014\/01\/1_tsl.jpg?resize=700%2C400&ssl=1 2x, https:\/\/i0.wp.com\/alpoma.net\/tecob\/wp-content\/uploads\/2014\/01\/1_tsl.jpg?resize=1050%2C600&ssl=1 3x"},"classes":[]},{"id":5050,"url":"https:\/\/alpoma.net\/tecob\/?p=5050","url_meta":{"origin":1033,"position":1},"title":"Un vistazo a la Espa\u00f1a del siglo XIX","author":"alpoma","date":"8 julio 2011","format":false,"excerpt":"Este tipo de fotograf\u00edas, que nos hacen viajar en el tiempo, son dignas de ser contempladas con calma porque nos descubren estampas reales de \u00e9pocas ya muy lejanas. Es m\u00e1s, conociendo los lugares retratados, resulta sorprendente el ejercio de comparar el estado actual de esas ciudades con el de hace\u2026","rel":"","context":"En \u00abMade in Spain\u00bb","block_context":{"text":"Made in Spain","link":"https:\/\/alpoma.net\/tecob\/?cat=10"},"img":{"alt_text":"","src":"","width":0,"height":0},"classes":[]},{"id":824,"url":"https:\/\/alpoma.net\/tecob\/?p=824","url_meta":{"origin":1033,"position":2},"title":"Flickr: The Commons","author":"alpoma","date":"19 enero 2008","format":false,"excerpt":"Para toda persona interesada seriamente en el pasado, la posibilidad de acceder a fotograf\u00edas hist\u00f3ricas con calidad es siempre algo bienvenido. Este es el caso del proyecto Flickr: The Commons, una aventura que une la potencia del mejor gestor de fotograf\u00edas de la red, a mi modo de ver, como\u2026","rel":"","context":"En \u00abGeo\u00bb","block_context":{"text":"Geo","link":"https:\/\/alpoma.net\/tecob\/?cat=5"},"img":{"alt_text":"","src":"https:\/\/i0.wp.com\/alpoma.net\/tecob\/wp-content\/uploads\/2008\/01\/2203226865_a6cae3524f_o.jpg?resize=350%2C200&ssl=1","width":350,"height":200,"srcset":"https:\/\/i0.wp.com\/alpoma.net\/tecob\/wp-content\/uploads\/2008\/01\/2203226865_a6cae3524f_o.jpg?resize=350%2C200&ssl=1 1x, https:\/\/i0.wp.com\/alpoma.net\/tecob\/wp-content\/uploads\/2008\/01\/2203226865_a6cae3524f_o.jpg?resize=525%2C300&ssl=1 1.5x"},"classes":[]},{"id":1086,"url":"https:\/\/alpoma.net\/tecob\/?p=1086","url_meta":{"origin":1033,"position":3},"title":"Los Archivos Prelinger","author":"alpoma","date":"27 febrero 2009","format":false,"excerpt":"Rick Prelinger es un tipo raro, siguiendo el significado con que suelo emplear el t\u00e9rmino por aqu\u00ed, esto es, una persona que hace cosas nada normales pero fascinantes y sorprendentes. En este caso, Prelinger es un archivero, en pleno sentido, pues lleva d\u00e9cadas dedicado a recoger y ordenar, de una\u2026","rel":"","context":"En \u00abObsolescencia\u00bb","block_context":{"text":"Obsolescencia","link":"https:\/\/alpoma.net\/tecob\/?cat=3"},"img":{"alt_text":"","src":"https:\/\/i0.wp.com\/alpoma.net\/tecob\/wp-content\/uploads\/2009\/02\/3313576793_7836f03ebf_o.jpg?resize=350%2C200&ssl=1","width":350,"height":200,"srcset":"https:\/\/i0.wp.com\/alpoma.net\/tecob\/wp-content\/uploads\/2009\/02\/3313576793_7836f03ebf_o.jpg?resize=350%2C200&ssl=1 1x, https:\/\/i0.wp.com\/alpoma.net\/tecob\/wp-content\/uploads\/2009\/02\/3313576793_7836f03ebf_o.jpg?resize=525%2C300&ssl=1 1.5x"},"classes":[]},{"id":7690,"url":"https:\/\/alpoma.net\/tecob\/?p=7690","url_meta":{"origin":1033,"position":4},"title":"Un robot en la biblioteca","author":"alpoma","date":"10 enero 2013","format":false,"excerpt":"Uno de los mayores placeres que conozco consiste en visitar bibliotecas, recorrer largos pasillos rodeado de libros, dejarme invadir por ese peculiar olor a papel a\u00f1ejo, ojeando aqu\u00ed y all\u00e1 libros de todo tipo. Claro que, cuando vas a una biblioteca y el objetivo no es hacer de \"turista de\u2026","rel":"","context":"En \u00abInnovaci\u00f3n\u00bb","block_context":{"text":"Innovaci\u00f3n","link":"https:\/\/alpoma.net\/tecob\/?cat=4"},"img":{"alt_text":"bookbot","src":"https:\/\/i0.wp.com\/www.alpoma.net\/tecob\/wp-content\/uploads\/2013\/01\/bookbot.jpg?resize=350%2C200","width":350,"height":200},"classes":[]},{"id":6120,"url":"https:\/\/alpoma.net\/tecob\/?p=6120","url_meta":{"origin":1033,"position":5},"title":"La osad\u00eda mortal de Salomon August Andr\u00e9e","author":"alpoma","date":"28 enero 2012","format":false,"excerpt":"Lo que empieza mal suele terminar peor, y lo que empieza muy mal acaba por matarte. El final de esta historia era completamente predecible, pero su protagonista ten\u00eda en su cabeza la combinaci\u00f3n perfecta de locura, obstinaci\u00f3n, falta de sentido com\u00fan, nacionalismo rancio y mala leche, como para preferir morir\u2026","rel":"","context":"En \u00abObsolescencia\u00bb","block_context":{"text":"Obsolescencia","link":"https:\/\/alpoma.net\/tecob\/?cat=3"},"img":{"alt_text":"","src":"https:\/\/i0.wp.com\/alpoma.net\/tecob\/wp-content\/uploads\/2012\/01\/6772859273_3f6942a6d9_o.jpg?resize=350%2C200&ssl=1","width":350,"height":200,"srcset":"https:\/\/i0.wp.com\/alpoma.net\/tecob\/wp-content\/uploads\/2012\/01\/6772859273_3f6942a6d9_o.jpg?resize=350%2C200&ssl=1 1x, https:\/\/i0.wp.com\/alpoma.net\/tecob\/wp-content\/uploads\/2012\/01\/6772859273_3f6942a6d9_o.jpg?resize=525%2C300&ssl=1 1.5x"},"classes":[]}],"jetpack_sharing_enabled":true,"_links":{"self":[{"href":"https:\/\/alpoma.net\/tecob\/index.php?rest_route=\/wp\/v2\/posts\/1033","targetHints":{"allow":["GET"]}}],"collection":[{"href":"https:\/\/alpoma.net\/tecob\/index.php?rest_route=\/wp\/v2\/posts"}],"about":[{"href":"https:\/\/alpoma.net\/tecob\/index.php?rest_route=\/wp\/v2\/types\/post"}],"author":[{"embeddable":true,"href":"https:\/\/alpoma.net\/tecob\/index.php?rest_route=\/wp\/v2\/users\/1"}],"replies":[{"embeddable":true,"href":"https:\/\/alpoma.net\/tecob\/index.php?rest_route=%2Fwp%2Fv2%2Fcomments&post=1033"}],"version-history":[{"count":0,"href":"https:\/\/alpoma.net\/tecob\/index.php?rest_route=\/wp\/v2\/posts\/1033\/revisions"}],"wp:featuredmedia":[{"embeddable":true,"href":"https:\/\/alpoma.net\/tecob\/index.php?rest_route=\/wp\/v2\/media\/10980"}],"wp:attachment":[{"href":"https:\/\/alpoma.net\/tecob\/index.php?rest_route=%2Fwp%2Fv2%2Fmedia&parent=1033"}],"wp:term":[{"taxonomy":"category","embeddable":true,"href":"https:\/\/alpoma.net\/tecob\/index.php?rest_route=%2Fwp%2Fv2%2Fcategories&post=1033"},{"taxonomy":"post_tag","embeddable":true,"href":"https:\/\/alpoma.net\/tecob\/index.php?rest_route=%2Fwp%2Fv2%2Ftags&post=1033"}],"curies":[{"name":"wp","href":"https:\/\/api.w.org\/{rel}","templated":true}]}}