{"id":10251,"date":"2014-12-18T20:43:48","date_gmt":"2014-12-18T18:43:48","guid":{"rendered":"http:\/\/www.alpoma.net\/tecob\/?p=10251"},"modified":"2014-12-27T21:37:35","modified_gmt":"2014-12-27T19:37:35","slug":"ya-disponible-made-in-spain-cuando-inventabamos-nosotros","status":"publish","type":"post","link":"https:\/\/alpoma.net\/tecob\/?p=10251","title":{"rendered":"Ya disponible \u00abMade in Spain. Cuando invent\u00e1bamos nosotros\u00bb"},"content":{"rendered":"<p><img loading=\"lazy\" decoding=\"async\" src=\"http:\/\/www.alpoma.net\/tecob\/wp-content\/uploads\/2014\/12\/libro_1.jpg\" alt=\"libro_1\" width=\"139\" height=\"199\" class=\"dch\" \/>La editorial <strong><a href=\"http:\/\/www.glyphos.net\" target=\"_blank\">Glyphos Publicaciones<\/a><\/strong> ha distribuido ya mi nuevo libro (Disponible en librer\u00edas y en <strong><a href=\"http:\/\/www.amazon.es\/Made-Spain-Cuando-invent%C3%A1bamos-nosotros\/dp\/8494069993\/ref=aag_m_pw_dp?ie=UTF8&#038;m=A2Q5MTF43XV2OO\" target=\"_blank\">Amazon<\/a><\/strong>). As\u00ed que, si lo quieres tener para regalo, o para disfrutarlo, en estas fiestas, visita la ficha de compra. \u00a1No lo dejes para \u00faltima hora! <a href=\"http:\/\/glyphos.net\/?product=made-in-spain-cuando-inventabamos-nosotros\" target=\"_blank\"><strong>Ficha de compra<\/strong><\/a>.<\/p>\n<p>Por cierto, <strong><a href=\"http:\/\/glyphos.net\/wp-content\/uploads\/2014\/12\/Made_in_Spain_indice.pdf\">he aqu\u00ed el \u00edndice definitivo<\/a><\/strong>.<\/p>\n<blockquote><p>Si no tienen ejemplares en tu librer\u00eda habitual, no dudes en pedir que los soliciten a la editorial.<\/p><\/blockquote>\n","protected":false},"excerpt":{"rendered":"<div class=\"mh-excerpt\"><p>La editorial Glyphos Publicaciones ha distribuido ya mi nuevo libro (Disponible en librer\u00edas y en Amazon). As\u00ed que, si lo quieres tener para regalo, o para disfrutarlo, en estas fiestas, <a class=\"mh-excerpt-more\" href=\"https:\/\/alpoma.net\/tecob\/?p=10251\" title=\"Ya disponible \u00abMade in Spain. Cuando invent\u00e1bamos nosotros\u00bb\">[&#8230;]<\/a><\/p>\n<\/div>","protected":false},"author":1,"featured_media":10249,"comment_status":"open","ping_status":"open","sticky":false,"template":"","format":"standard","meta":{"jetpack_post_was_ever_published":false,"_jetpack_newsletter_access":"","_jetpack_dont_email_post_to_subs":false,"_jetpack_newsletter_tier_id":0,"_jetpack_memberships_contains_paywalled_content":false,"_jetpack_memberships_contains_paid_content":false,"footnotes":""},"categories":[10],"tags":[],"class_list":["post-10251","post","type-post","status-publish","format-standard","has-post-thumbnail","hentry","category-made_in_spain"],"jetpack_featured_media_url":"https:\/\/alpoma.net\/tecob\/wp-content\/uploads\/2014\/12\/libro_1.jpg","jetpack_shortlink":"https:\/\/wp.me\/p93Dc1-2Fl","jetpack-related-posts":[{"id":15435,"url":"https:\/\/alpoma.net\/tecob\/?p=15435","url_meta":{"origin":10251,"position":0},"title":"Ya disponible en librer\u00edas \u00abEl legado del ingenio &#8211; 365 grandes inventos espa\u00f1oles\u00bb","author":"alpoma","date":"18 octubre 2025","format":false,"excerpt":"Hace dos a\u00f1os publiqu\u00e9, gracias a una peque\u00f1a campa\u00f1a de crowdfunding en Verkami un libro en tirada muy corta y limitada que ven\u00eda a ser una aventura personal de m\u00e1s de dos d\u00e9cadas de investigaci\u00f3n. El libro se titulaba 365 Inventos Made in Spain (agotado hace mucho tiempo). En realidad,\u2026","rel":"","context":"En \u00abPersonal\u00bb","block_context":{"text":"Personal","link":"https:\/\/alpoma.net\/tecob\/?cat=2"},"img":{"alt_text":"","src":"https:\/\/i0.wp.com\/alpoma.net\/tecob\/wp-content\/uploads\/2025\/10\/verkami_a1b19628e08eec1613c227c2be2757db.jpg?resize=350%2C200&ssl=1","width":350,"height":200,"srcset":"https:\/\/i0.wp.com\/alpoma.net\/tecob\/wp-content\/uploads\/2025\/10\/verkami_a1b19628e08eec1613c227c2be2757db.jpg?resize=350%2C200&ssl=1 1x, https:\/\/i0.wp.com\/alpoma.net\/tecob\/wp-content\/uploads\/2025\/10\/verkami_a1b19628e08eec1613c227c2be2757db.jpg?resize=525%2C300&ssl=1 1.5x, https:\/\/i0.wp.com\/alpoma.net\/tecob\/wp-content\/uploads\/2025\/10\/verkami_a1b19628e08eec1613c227c2be2757db.jpg?resize=700%2C400&ssl=1 2x"},"classes":[]},{"id":6371,"url":"https:\/\/alpoma.net\/tecob\/?p=6371","url_meta":{"origin":10251,"position":1},"title":"Ya est\u00e1 a la venta mi novela &#8216;El viaje de Argos&#8217;","author":"alpoma","date":"10 marzo 2012","format":false,"excerpt":"Hace unos d\u00edas os present\u00e9 mi novela El viaje de Argos. Hoy, por fin ha salido a la venta, as\u00ed que si quieres hacerte con ella (de momento s\u00f3lo en eBook, la opci\u00f3n de papel est\u00e1 en el aire y puede que nunca llegue a ser algo real si la\u2026","rel":"","context":"En \u00abPersonal\u00bb","block_context":{"text":"Personal","link":"https:\/\/alpoma.net\/tecob\/?cat=2"},"img":{"alt_text":"","src":"","width":0,"height":0},"classes":[]},{"id":11825,"url":"https:\/\/alpoma.net\/tecob\/?p=11825","url_meta":{"origin":10251,"position":2},"title":"[Libro] Virus y pandemias","author":"alpoma","date":"21 diciembre 2015","format":false,"excerpt":"Fue en septiembre de este mismo a\u00f1o cuando, hablando en Bilbao con Javier Pel\u00e1ez, de Naukas, surgi\u00f3 la idea de publicar una serie de libros sobre divulgaci\u00f3n cient\u00edfica en la que tuviera prioridad la calidad y el buen hacer en cuanto a comunicaci\u00f3n de la ciencia se refiere. Hoy, tres\u2026","rel":"","context":"En \u00abPersonal\u00bb","block_context":{"text":"Personal","link":"https:\/\/alpoma.net\/tecob\/?cat=2"},"img":{"alt_text":"","src":"https:\/\/i0.wp.com\/alpoma.net\/tecob\/wp-content\/uploads\/2015\/12\/virus_y_pandemias_portada_2.jpg?resize=350%2C200&ssl=1","width":350,"height":200,"srcset":"https:\/\/i0.wp.com\/alpoma.net\/tecob\/wp-content\/uploads\/2015\/12\/virus_y_pandemias_portada_2.jpg?resize=350%2C200&ssl=1 1x, https:\/\/i0.wp.com\/alpoma.net\/tecob\/wp-content\/uploads\/2015\/12\/virus_y_pandemias_portada_2.jpg?resize=525%2C300&ssl=1 1.5x"},"classes":[]},{"id":10232,"url":"https:\/\/alpoma.net\/tecob\/?p=10232","url_meta":{"origin":10251,"position":3},"title":"Las pilas de Ram\u00f3n Gabarr\u00f3","author":"alpoma","date":"1 diciembre 2014","format":false,"excerpt":"Como vengo comentando los \u00faltimos d\u00edas, estoy dando los toques finales a mi nuevo libro: Made in Spain. Cuando invent\u00e1bamos nosotros. La cosa est\u00e1 siendo laboriosa, son muchos personajes, muchos inventos, muchos datos y es que, condensar m\u00e1s de diez a\u00f1os de investigaci\u00f3n en un solo libro, por muchas p\u00e1ginas\u2026","rel":"","context":"En \u00abMade in Spain\u00bb","block_context":{"text":"Made in Spain","link":"https:\/\/alpoma.net\/tecob\/?cat=10"},"img":{"alt_text":"","src":"https:\/\/i0.wp.com\/alpoma.net\/tecob\/wp-content\/uploads\/2014\/12\/pila_gabarro.jpg?resize=350%2C200&ssl=1","width":350,"height":200,"srcset":"https:\/\/i0.wp.com\/alpoma.net\/tecob\/wp-content\/uploads\/2014\/12\/pila_gabarro.jpg?resize=350%2C200&ssl=1 1x, https:\/\/i0.wp.com\/alpoma.net\/tecob\/wp-content\/uploads\/2014\/12\/pila_gabarro.jpg?resize=525%2C300&ssl=1 1.5x"},"classes":[]},{"id":8464,"url":"https:\/\/alpoma.net\/tecob\/?p=8464","url_meta":{"origin":10251,"position":4},"title":"La Historia Historia L\u00f3gico-Natural de J. J. Merelo, el mundo que bien pudo ser","author":"alpoma","date":"1 septiembre 2013","format":false,"excerpt":"Acabo de terminar de leer un libro que, a falta de m\u00e1s tiempo disponible, he tenido que ir disfrutando en ratos perdidos a lo largo de la \u00faltima semana. Ha sido una pena, porque merece ser le\u00eddo de una vez, porque el efecto que genera es algo as\u00ed como sentirse\u2026","rel":"","context":"En \u00abMade in Spain\u00bb","block_context":{"text":"Made in Spain","link":"https:\/\/alpoma.net\/tecob\/?cat=10"},"img":{"alt_text":"portada_jjmerelo","src":"https:\/\/i0.wp.com\/www.alpoma.net\/tecob\/wp-content\/uploads\/2013\/09\/portada_jjmerelo-204x300.jpg?resize=350%2C200","width":350,"height":200},"classes":[]},{"id":8804,"url":"https:\/\/alpoma.net\/tecob\/?p=8804","url_meta":{"origin":10251,"position":5},"title":"Tesla de tableta","author":"alpoma","date":"6 febrero 2014","format":false,"excerpt":"AVISO: Actualmente la app no est\u00e1 disponible para nuevas descargas en la App Store de Apple debido a problemas de compatibilidad con las nuevas versiones de iOS. En cuanto sea posible realizar\u00e9 una nueva versi\u00f3n. Vale, pues ya est\u00e1. Ha sido un proyecto que me ha comido muchas neuronas, m\u00e1s\u2026","rel":"","context":"En \u00abPersonal\u00bb","block_context":{"text":"Personal","link":"https:\/\/alpoma.net\/tecob\/?cat=2"},"img":{"alt_text":"","src":"https:\/\/i0.wp.com\/alpoma.net\/tecob\/wp-content\/uploads\/2014\/02\/present.jpg?resize=350%2C200&ssl=1","width":350,"height":200,"srcset":"https:\/\/i0.wp.com\/alpoma.net\/tecob\/wp-content\/uploads\/2014\/02\/present.jpg?resize=350%2C200&ssl=1 1x, https:\/\/i0.wp.com\/alpoma.net\/tecob\/wp-content\/uploads\/2014\/02\/present.jpg?resize=525%2C300&ssl=1 1.5x, https:\/\/i0.wp.com\/alpoma.net\/tecob\/wp-content\/uploads\/2014\/02\/present.jpg?resize=700%2C400&ssl=1 2x"},"classes":[]}],"jetpack_sharing_enabled":true,"_links":{"self":[{"href":"https:\/\/alpoma.net\/tecob\/index.php?rest_route=\/wp\/v2\/posts\/10251","targetHints":{"allow":["GET"]}}],"collection":[{"href":"https:\/\/alpoma.net\/tecob\/index.php?rest_route=\/wp\/v2\/posts"}],"about":[{"href":"https:\/\/alpoma.net\/tecob\/index.php?rest_route=\/wp\/v2\/types\/post"}],"author":[{"embeddable":true,"href":"https:\/\/alpoma.net\/tecob\/index.php?rest_route=\/wp\/v2\/users\/1"}],"replies":[{"embeddable":true,"href":"https:\/\/alpoma.net\/tecob\/index.php?rest_route=%2Fwp%2Fv2%2Fcomments&post=10251"}],"version-history":[{"count":0,"href":"https:\/\/alpoma.net\/tecob\/index.php?rest_route=\/wp\/v2\/posts\/10251\/revisions"}],"wp:featuredmedia":[{"embeddable":true,"href":"https:\/\/alpoma.net\/tecob\/index.php?rest_route=\/wp\/v2\/media\/10249"}],"wp:attachment":[{"href":"https:\/\/alpoma.net\/tecob\/index.php?rest_route=%2Fwp%2Fv2%2Fmedia&parent=10251"}],"wp:term":[{"taxonomy":"category","embeddable":true,"href":"https:\/\/alpoma.net\/tecob\/index.php?rest_route=%2Fwp%2Fv2%2Fcategories&post=10251"},{"taxonomy":"post_tag","embeddable":true,"href":"https:\/\/alpoma.net\/tecob\/index.php?rest_route=%2Fwp%2Fv2%2Ftags&post=10251"}],"curies":[{"name":"wp","href":"https:\/\/api.w.org\/{rel}","templated":true}]}}