{"id":1024,"date":"2008-11-01T23:08:14","date_gmt":"2008-11-01T21:08:14","guid":{"rendered":"http:\/\/www.alpoma.net\/tecob\/?p=1024"},"modified":"2008-11-01T23:08:30","modified_gmt":"2008-11-01T21:08:30","slug":"in-memoriam-jacques-piccard","status":"publish","type":"post","link":"https:\/\/alpoma.net\/tecob\/?p=1024","title":{"rendered":"In Memoriam Jacques Piccard"},"content":{"rendered":"<p>No ten\u00eda pensado escribir nada hoy, ni ma\u00f1ana tampoco, pero ciertos sucesos merecen atenci\u00f3n y un recuerdo respetuoso. Es el caso del fallecimiento de todo un aventurero, pionero de la exploraci\u00f3n de las profundidades oce\u00e1nicas. Deja este mundo hoy, a los 86 a\u00f1os de edad, <strong><a href=\"http:\/\/en.wikipedia.org\/wiki\/Jacques_Piccard\" class=\"enlaces\">Jacques Piccard<\/a><\/strong>, el polifac\u00e9tico suizo, aunque nacido en Bruselas, que desafi\u00f3 durante d\u00e9cadas al oc\u00e9ano para arrancar de sus oscuros abismos secretos nunca antes imaginados. En este brev\u00edsimo homenaje, no quiero olvidar mencionar que Jacques proced\u00eda de una <strong><a href=\"http:\/\/www.bertrandpiccard.com\/eng\/family3.php\" class=\"enlaces\">familia con una larga tradici\u00f3n aventurera<\/a><\/strong>, pues su padre y otros antecesores suyos exploraron en globos las altas regiones atmosf\u00e9ricas. Su propio hijo, Bertrand Piccard, contin\u00faa ahora con la tradici\u00f3n, gracias a su pasi\u00f3n por el vuelo y su proyecto <strong><a href=\"http:\/\/solarimpulse.com\/index.php\" class=\"enlaces\">Solar Impulse<\/a><\/strong>. <\/p>\n<p><img decoding=\"async\" src=\"http:\/\/farm3.static.flickr.com\/2322\/2993267368_8866d0b815_o.jpg\" alt=\"img\" class=\"otros\"\/><\/p>\n<p>Jacques dedic\u00f3 su vida a comprender los oc\u00e9anos. Trabaj\u00f3 como ingeniero y ocean\u00f3grafo, dise\u00f1\u00f3 y construy\u00f3 veh\u00edculos submarinos y, sobre todo, se aventur\u00f3 en las fosas oce\u00e1nicas, all\u00e1 donde nadie osaba descender. Junto con Don Walsh, form\u00f3 el \u00fanico equipo humano que haya descendido jam\u00e1s a una profundidad tan aterradora como el <strong>Abismo Challenger<\/strong>, en la Fosa de las Marianas. Sucedi\u00f3 en 1960, cuando ambos aventureros lograron alcanzar el lecho marino a bordo del c\u00e9lebre batiscafo<em> Trieste<\/em>. All\u00e1 abajo, a <strong>casi once mil metros de profundidad<\/strong>, descubrieron todo un nuevo mundo. A esta haza\u00f1a se unieron otras similares en a\u00f1os posteriores, como la vivida a bordo del <em>Ben Franklin<\/em> (PX-15), unas aventuras que abrieron los abismos oce\u00e1nicos al conocimiento cient\u00edfico.<\/p>\n","protected":false},"excerpt":{"rendered":"<div class=\"mh-excerpt\"><p>No ten\u00eda pensado escribir nada hoy, ni ma\u00f1ana tampoco, pero ciertos sucesos merecen atenci\u00f3n y un recuerdo respetuoso. Es el caso del fallecimiento de todo un aventurero, pionero de la <a class=\"mh-excerpt-more\" href=\"https:\/\/alpoma.net\/tecob\/?p=1024\" title=\"In Memoriam Jacques Piccard\">[&#8230;]<\/a><\/p>\n<\/div>","protected":false},"author":1,"featured_media":10992,"comment_status":"open","ping_status":"open","sticky":false,"template":"","format":"standard","meta":{"jetpack_post_was_ever_published":false,"_jetpack_newsletter_access":"","_jetpack_dont_email_post_to_subs":false,"_jetpack_newsletter_tier_id":0,"_jetpack_memberships_contains_paywalled_content":false,"_jetpack_memberships_contains_paid_content":false,"footnotes":""},"categories":[5],"tags":[],"class_list":["post-1024","post","type-post","status-publish","format-standard","has-post-thumbnail","hentry","category-geo"],"jetpack_featured_media_url":"https:\/\/alpoma.net\/tecob\/wp-content\/uploads\/2008\/11\/2993267368_8866d0b815_o.jpg","jetpack_shortlink":"https:\/\/wp.me\/p93Dc1-gw","jetpack-related-posts":[{"id":11753,"url":"https:\/\/alpoma.net\/tecob\/?p=11753","url_meta":{"origin":1024,"position":0},"title":"La c\u00e1mara de 1914 que grababa metadatos&#8230;","author":"alpoma","date":"13 noviembre 2015","format":false,"excerpt":"...o, mejor dicho, que permit\u00eda escribir \"metadatos\". Me encanta este artilugio, estaba en mi lista de pendientes para TecOb y no s\u00e9 c\u00f3mo no lo he tra\u00eddo antes porque me parece algo genial. Conocida como c\u00e1mara autogr\u00e1fica, o suplemento autogr\u00e1fico en su versi\u00f3n como accesorio, permaneci\u00f3 en el mercado entre\u2026","rel":"","context":"En \u00abObsolescencia\u00bb","block_context":{"text":"Obsolescencia","link":"https:\/\/alpoma.net\/tecob\/?cat=3"},"img":{"alt_text":"","src":"https:\/\/i0.wp.com\/alpoma.net\/tecob\/wp-content\/uploads\/2015\/11\/gaisman_camara.jpg?resize=350%2C200&ssl=1","width":350,"height":200},"classes":[]},{"id":837,"url":"https:\/\/alpoma.net\/tecob\/?p=837","url_meta":{"origin":1024,"position":1},"title":"Elisa Garnerin, pionera del paracaidismo","author":"alpoma","date":"16 febrero 2008","format":false,"excerpt":"Esta tarde, maquetando el primer n\u00famero de El Viaje de Argos, ezine del que comentar\u00e9 m\u00e1s detalles en breve, me he reencontrado con una pionera del aire. Mientras repasaba un art\u00edculo de Carlos Canales dedicado a varios pioneros de la aerostaci\u00f3n, apareci\u00f3 una breve referencia a Elisa Garnerin: Esta audaz\u2026","rel":"","context":"En \u00abObsolescencia\u00bb","block_context":{"text":"Obsolescencia","link":"https:\/\/alpoma.net\/tecob\/?cat=3"},"img":{"alt_text":"","src":"https:\/\/i0.wp.com\/alpoma.net\/tecob\/wp-content\/uploads\/2008\/02\/2268000140_14c93753b1_o.jpg?resize=350%2C200&ssl=1","width":350,"height":200},"classes":[]},{"id":1113,"url":"https:\/\/alpoma.net\/tecob\/?p=1113","url_meta":{"origin":1024,"position":2},"title":"Cronolog\u00edas visuales","author":"alpoma","date":"13 abril 2009","format":false,"excerpt":"Ser\u00e1 obsesi\u00f3n, o incluso todo un arte, pero a lo largo del tiempo han surgido todo tipo de inquietos personajes que han querido plasmar de manera visual la historia humana. Con el paso de los siglos se suceden hechos que algunos consideran importantes y, con ese material, se va escribiendo\u2026","rel":"","context":"En \u00abObsolescencia\u00bb","block_context":{"text":"Obsolescencia","link":"https:\/\/alpoma.net\/tecob\/?cat=3"},"img":{"alt_text":"","src":"https:\/\/i0.wp.com\/alpoma.net\/tecob\/wp-content\/uploads\/2009\/04\/3439022208_6da4d7e97c_o.jpg?resize=350%2C200&ssl=1","width":350,"height":200,"srcset":"https:\/\/i0.wp.com\/alpoma.net\/tecob\/wp-content\/uploads\/2009\/04\/3439022208_6da4d7e97c_o.jpg?resize=350%2C200&ssl=1 1x, https:\/\/i0.wp.com\/alpoma.net\/tecob\/wp-content\/uploads\/2009\/04\/3439022208_6da4d7e97c_o.jpg?resize=525%2C300&ssl=1 1.5x"},"classes":[]},{"id":96,"url":"https:\/\/alpoma.net\/tecob\/?p=96","url_meta":{"origin":1024,"position":3},"title":"La Curta, una maravilla antes de la era de las calculadoras digitales","author":"alpoma","date":"24 febrero 2005","format":false,"excerpt":"Ver art\u00edculo actualizado en marzo de 2016. Acostumbrados a las calculadoras digitales y a los ordenadores parece incre\u00edble que un ingenio mec\u00e1nico que se maneja con una mano pudiera hacer c\u00e1lculos tan asombrosos como los que hac\u00eda (y hace) la curta, una verdadera maravilla mec\u00e1nica. Hoy son objeto de coleccionismo,\u2026","rel":"","context":"En \u00abObsolescencia\u00bb","block_context":{"text":"Obsolescencia","link":"https:\/\/alpoma.net\/tecob\/?cat=3"},"img":{"alt_text":"","src":"https:\/\/i0.wp.com\/alpoma.net\/tecob\/wp-content\/uploads\/2005\/02\/curt_hertzstark.jpg?resize=350%2C200&ssl=1","width":350,"height":200},"classes":[]},{"id":1192,"url":"https:\/\/alpoma.net\/tecob\/?p=1192","url_meta":{"origin":1024,"position":4},"title":"Visita a un eremitorio rupestre","author":"alpoma","date":"13 agosto 2009","format":false,"excerpt":"Esta ma\u00f1ana, en la palentina villa de Cervera de Pisuerga, me apart\u00e9 un poco de mi ruta mientras realizaba un reportaje fotogr\u00e1fico para visitar un lugar que ten\u00eda en mente desde hace a\u00f1os. Al sur del pueblo, en un apartado y tranquilo remanso, se encuentra una gran roca excavada por\u2026","rel":"","context":"En \u00abGeo\u00bb","block_context":{"text":"Geo","link":"https:\/\/alpoma.net\/tecob\/?cat=5"},"img":{"alt_text":"","src":"","width":0,"height":0},"classes":[]},{"id":5220,"url":"https:\/\/alpoma.net\/tecob\/?p=5220","url_meta":{"origin":1024,"position":5},"title":"Tortazo en el Sena","author":"alpoma","date":"17 agosto 2011","format":false,"excerpt":"El recuerdo del vuelo de John Moisant con su gato y su mec\u00e1nico sobre el Canal de la Mancha que mencion\u00e9 hace poco me hizo recordar la aventura de Jean-Pierre Blanchard quien, junto con el polifac\u00e9tico estadounidense John Jeffries, cruz\u00f3 el mismo impedimento acu\u00e1tico. Eso sucedi\u00f3 el 7 de enero\u2026","rel":"","context":"En \u00abObsolescencia\u00bb","block_context":{"text":"Obsolescencia","link":"https:\/\/alpoma.net\/tecob\/?cat=3"},"img":{"alt_text":"Marques_de_Bacqueville","src":"https:\/\/i0.wp.com\/farm7.static.flickr.com\/6063\/6053577971_6643e79b6a_m.jpg?resize=350%2C200","width":350,"height":200},"classes":[]}],"jetpack_sharing_enabled":true,"_links":{"self":[{"href":"https:\/\/alpoma.net\/tecob\/index.php?rest_route=\/wp\/v2\/posts\/1024","targetHints":{"allow":["GET"]}}],"collection":[{"href":"https:\/\/alpoma.net\/tecob\/index.php?rest_route=\/wp\/v2\/posts"}],"about":[{"href":"https:\/\/alpoma.net\/tecob\/index.php?rest_route=\/wp\/v2\/types\/post"}],"author":[{"embeddable":true,"href":"https:\/\/alpoma.net\/tecob\/index.php?rest_route=\/wp\/v2\/users\/1"}],"replies":[{"embeddable":true,"href":"https:\/\/alpoma.net\/tecob\/index.php?rest_route=%2Fwp%2Fv2%2Fcomments&post=1024"}],"version-history":[{"count":0,"href":"https:\/\/alpoma.net\/tecob\/index.php?rest_route=\/wp\/v2\/posts\/1024\/revisions"}],"wp:featuredmedia":[{"embeddable":true,"href":"https:\/\/alpoma.net\/tecob\/index.php?rest_route=\/wp\/v2\/media\/10992"}],"wp:attachment":[{"href":"https:\/\/alpoma.net\/tecob\/index.php?rest_route=%2Fwp%2Fv2%2Fmedia&parent=1024"}],"wp:term":[{"taxonomy":"category","embeddable":true,"href":"https:\/\/alpoma.net\/tecob\/index.php?rest_route=%2Fwp%2Fv2%2Fcategories&post=1024"},{"taxonomy":"post_tag","embeddable":true,"href":"https:\/\/alpoma.net\/tecob\/index.php?rest_route=%2Fwp%2Fv2%2Ftags&post=1024"}],"curies":[{"name":"wp","href":"https:\/\/api.w.org\/{rel}","templated":true}]}}