{"id":10226,"date":"2014-11-22T19:24:10","date_gmt":"2014-11-22T17:24:10","guid":{"rendered":"http:\/\/www.alpoma.net\/tecob\/?p=10226"},"modified":"2014-11-22T19:24:10","modified_gmt":"2014-11-22T17:24:10","slug":"gabriel-bereau-y-su-violin-electrico","status":"publish","type":"post","link":"https:\/\/alpoma.net\/tecob\/?p=10226","title":{"rendered":"Gabriel Bereau y su viol\u00edn el\u00e9ctrico"},"content":{"rendered":"<p>Recuerdo que, gracias a la magia radiof\u00f3nica de Ram\u00f3n Trecet, me fascin\u00f3 all\u00e1 a principios de los noventa un tipo genial con un viol\u00edn el\u00e9ctrico que atend\u00eda al nombre de <strong><a href=\"http:\/\/en.wikipedia.org\/wiki\/Ed_Alleyne-Johnson\">Ed Alleyne-Johnson<\/a><\/strong>. El apunte de hoy tambi\u00e9n va de violines modificados, solo que de forma mucho m\u00e1s radical. L\u00e1stima no tener a mano un registro de c\u00f3mo sonaba, porque simplemente contemplando el artilugio no imagino c\u00f3mo podr\u00eda resultar la experiencia. He aqu\u00ed el modelo de <strong>viol\u00edn el\u00e9ctrico<\/strong> que <strong>Gabriel Bereau<\/strong> present\u00f3 al mundo en 1928&#8230; y nunca m\u00e1s se supo del mismo (no he logrado encontrar referencias a la m\u00e1quina posteriores a 1930 que empujen a pensar que tuviera alg\u00fan \u00e9xito).<\/p>\n<p><img loading=\"lazy\" decoding=\"async\" src=\"http:\/\/www.alpoma.net\/tecob\/wp-content\/uploads\/2014\/11\/violin_electrico_1928_Gabriel_Bereau.jpg\" alt=\"violin_electrico_1928_Gabriel_Bereau\" width=\"620\" height=\"423\" class=\"otros\" \/><br \/>\n<em>El viol\u00edn \u00abrobot\u00bb de Gabriel Bereau.<\/em> (Mundo Gr\u00e1fico, 18 de abril de 1928. Biblioteca Nacional).<\/p>\n<p>Los ingenieros franceses <strong>Bereau y Aubry<\/strong> mostraron entonces una m\u00e1quina extra\u00f1a que no tuvo m\u00e1s recorrido que el de la propia an\u00e9cdota pero que llama la atenci\u00f3n por su <strong>original planteamiento<\/strong>. No era un viol\u00edn el\u00e9ctrico como tal se entendieron posteriormente varios modelos de viol\u00edn preparado, sino m\u00e1s bien un \u00abrobot\u00bb que tocaba m\u00fasica con un viol\u00edn convencional. La siguiente imagen muestra el mecanismo de dedos artificiales y brazo motor para animar el arco sobre un viol\u00edn de toda la vida.<\/p>\n<p><img loading=\"lazy\" decoding=\"async\" src=\"http:\/\/www.alpoma.net\/tecob\/wp-content\/uploads\/2014\/11\/violin_bereau_interior.jpg\" alt=\"violin_bereau_interior\" width=\"620\" height=\"321\" class=\"otros\" \/><br \/>\n<em>Mecanismo del artilugio de Bereau.<\/em> (Mundo Gr\u00e1fico, 18 de abril de 1928. Biblioteca Nacional).<\/p>\n<p>El planteamiento t\u00e9cnico part\u00eda de un viol\u00edn normal y corriente fijado a un eje basculante sobre el que actuaba un sistema de dos brazos, uno controlaba el arco y el otro varias l\u00e1minas met\u00e1licas a modo de dedos. Se comenta en la prensa de la \u00e9poca que <strong>incluso pod\u00eda mostrar una riqueza de timbre y color similar a la de un instrumentista humano<\/strong> (eso habr\u00eda que haberlo visto o, mejor dicho, escuchado, porque la cosa tiene miga). Las partituras deb\u00edan introducirse por medio de alg\u00fan sistema de codificaci\u00f3n, aunque no queda claro c\u00f3mo se hac\u00eda, supuestamente del mismo modo en que se programaban las pianolas de la \u00e9poca, con discos o cilindros met\u00e1lidos perforados. Se realizaron pruebas p\u00fablicas en Par\u00eds, con cierto \u00e9xito, pero la pista del invento desaparece al poco. El desarrollo de este viol\u00edn el\u00e9ctrico se llev\u00f3 por delante <strong>dos d\u00e9cadas de trabajo<\/strong>, seg\u00fan comentaban los ingenieros. Una pena que no haya llegado un eco mayor del mismo hasta nuestros d\u00edas.<\/p>\n","protected":false},"excerpt":{"rendered":"<div class=\"mh-excerpt\"><p>Recuerdo que, gracias a la magia radiof\u00f3nica de Ram\u00f3n Trecet, me fascin\u00f3 all\u00e1 a principios de los noventa un tipo genial con un viol\u00edn el\u00e9ctrico que atend\u00eda al nombre de <a class=\"mh-excerpt-more\" href=\"https:\/\/alpoma.net\/tecob\/?p=10226\" title=\"Gabriel Bereau y su viol\u00edn el\u00e9ctrico\">[&#8230;]<\/a><\/p>\n<\/div>","protected":false},"author":1,"featured_media":10228,"comment_status":"open","ping_status":"open","sticky":false,"template":"","format":"standard","meta":{"jetpack_post_was_ever_published":false,"_jetpack_newsletter_access":"","_jetpack_dont_email_post_to_subs":false,"_jetpack_newsletter_tier_id":0,"_jetpack_memberships_contains_paywalled_content":false,"_jetpack_memberships_contains_paid_content":false,"footnotes":""},"categories":[42,3],"tags":[],"class_list":["post-10226","post","type-post","status-publish","format-standard","has-post-thumbnail","hentry","category-musica","category-obsolescencia"],"jetpack_featured_media_url":"https:\/\/alpoma.net\/tecob\/wp-content\/uploads\/2014\/11\/violin_bereau_interior.jpg","jetpack_shortlink":"https:\/\/wp.me\/p93Dc1-2EW","jetpack-related-posts":[{"id":5806,"url":"https:\/\/alpoma.net\/tecob\/?p=5806","url_meta":{"origin":10226,"position":0},"title":"Un ferrocarril sobre las olas","author":"alpoma","date":"16 diciembre 2011","format":false,"excerpt":"Lo normal, a la hora de dise\u00f1ar alguna infraestructura de transporte, es intentar sortear las dificultades del terreno de la forma m\u00e1s econ\u00f3mica, pr\u00e1ctica y, si es posible, elegante, que se pueda. Pero, \u00bfy si lo que podr\u00eda considerarse un problema se convierte en un atractivo a la hora de\u2026","rel":"","context":"En \u00abObsolescencia\u00bb","block_context":{"text":"Obsolescencia","link":"https:\/\/alpoma.net\/tecob\/?cat=3"},"img":{"alt_text":"","src":"https:\/\/i0.wp.com\/alpoma.net\/tecob\/wp-content\/uploads\/2011\/12\/6520455667_c4a9e496a3_o.jpg?resize=350%2C200&ssl=1","width":350,"height":200,"srcset":"https:\/\/i0.wp.com\/alpoma.net\/tecob\/wp-content\/uploads\/2011\/12\/6520455667_c4a9e496a3_o.jpg?resize=350%2C200&ssl=1 1x, https:\/\/i0.wp.com\/alpoma.net\/tecob\/wp-content\/uploads\/2011\/12\/6520455667_c4a9e496a3_o.jpg?resize=525%2C300&ssl=1 1.5x"},"classes":[]},{"id":8075,"url":"https:\/\/alpoma.net\/tecob\/?p=8075","url_meta":{"origin":10226,"position":1},"title":"El beso el\u00e9ctrico","author":"alpoma","date":"7 abril 2013","format":false,"excerpt":"Chica besa a chico, pero antes de que sus labios se unan, una brillante chispa de amor salta en el aire entre ellos. Vale, la frase es muy \u00f1o\u00f1a, pero la chispa es absolutamente real. V\u00e9ase este v\u00eddeo de apenas siete segundos para comprobarlo. La electricidad est\u00e1tica es conocida por\u2026","rel":"","context":"En \u00abObsolescencia\u00bb","block_context":{"text":"Obsolescencia","link":"https:\/\/alpoma.net\/tecob\/?cat=3"},"img":{"alt_text":"beso_electrico","src":"https:\/\/i0.wp.com\/farm9.staticflickr.com\/8260\/8628762094_29a52c134a_o.jpg?resize=350%2C200","width":350,"height":200},"classes":[]},{"id":2911,"url":"https:\/\/alpoma.net\/tecob\/?p=2911","url_meta":{"origin":10226,"position":2},"title":"Toyota Auris HSD, tecnolog\u00eda h\u00edbrida madura","author":"alpoma","date":"10 junio 2010","format":false,"excerpt":"AVISO: El siguiente post es patrocinado. No obstante, no se espere aqu\u00ed ning\u00fan tipo de soflama comercial, puesto que he elegido redactar a mi gusto el presente texto desde el punto de vista de mi inter\u00e9s personal en la tecnolog\u00eda h\u00edbrida. Tecnolog\u00eda madura, as\u00ed de sencillo. Si he optado por\u2026","rel":"","context":"En \u00abInnovaci\u00f3n\u00bb","block_context":{"text":"Innovaci\u00f3n","link":"https:\/\/alpoma.net\/tecob\/?cat=4"},"img":{"alt_text":"","src":"https:\/\/i0.wp.com\/alpoma.net\/tecob\/wp-content\/uploads\/2010\/06\/4685769648_cdb677b102_o.jpg?resize=350%2C200&ssl=1","width":350,"height":200,"srcset":"https:\/\/i0.wp.com\/alpoma.net\/tecob\/wp-content\/uploads\/2010\/06\/4685769648_cdb677b102_o.jpg?resize=350%2C200&ssl=1 1x, https:\/\/i0.wp.com\/alpoma.net\/tecob\/wp-content\/uploads\/2010\/06\/4685769648_cdb677b102_o.jpg?resize=525%2C300&ssl=1 1.5x"},"classes":[]},{"id":8653,"url":"https:\/\/alpoma.net\/tecob\/?p=8653","url_meta":{"origin":10226,"position":3},"title":"El hombre el\u00e9ctrico de Perew","author":"alpoma","date":"23 noviembre 2013","format":false,"excerpt":"Con el cambio de centuria, entre el siglo XIX y el XX, apareci\u00f3 una moda que dur\u00f3 poco m\u00e1s de una d\u00e9cada que recog\u00eda la tradici\u00f3n europea de los aut\u00f3matas del siglo XVIII. Puede que no fueran tan refinados como los artilugios de sal\u00f3n dieciochesco, pero los \"robots\" antropomorfos eran\u2026","rel":"","context":"En \u00abObsolescencia\u00bb","block_context":{"text":"Obsolescencia","link":"https:\/\/alpoma.net\/tecob\/?cat=3"},"img":{"alt_text":"","src":"https:\/\/i0.wp.com\/alpoma.net\/tecob\/wp-content\/uploads\/2013\/11\/automata_perew_2.jpg?resize=350%2C200&ssl=1","width":350,"height":200,"srcset":"https:\/\/i0.wp.com\/alpoma.net\/tecob\/wp-content\/uploads\/2013\/11\/automata_perew_2.jpg?resize=350%2C200&ssl=1 1x, https:\/\/i0.wp.com\/alpoma.net\/tecob\/wp-content\/uploads\/2013\/11\/automata_perew_2.jpg?resize=525%2C300&ssl=1 1.5x"},"classes":[]},{"id":10036,"url":"https:\/\/alpoma.net\/tecob\/?p=10036","url_meta":{"origin":10226,"position":4},"title":"La era de los m\u00e9dicos electricistas","author":"alpoma","date":"1 septiembre 2014","format":false,"excerpt":"Aproximadamente entre 1880 y 1920, coincidiendo con el impulso que Tesla y D\u00b4Arsonval le dieron al asunto, la electricidad pas\u00f3 a ser algo as\u00ed como el m\u00e9todo de moda, tanto en diagnosis como en terap\u00e9utica, en la ciencia m\u00e9dia. Al leer tratados de electroterapia de la \u00e9poca, antes de que\u2026","rel":"","context":"En \u00abObsolescencia\u00bb","block_context":{"text":"Obsolescencia","link":"https:\/\/alpoma.net\/tecob\/?cat=3"},"img":{"alt_text":"","src":"https:\/\/i0.wp.com\/alpoma.net\/tecob\/wp-content\/uploads\/2014\/09\/10.jpg?resize=350%2C200&ssl=1","width":350,"height":200,"srcset":"https:\/\/i0.wp.com\/alpoma.net\/tecob\/wp-content\/uploads\/2014\/09\/10.jpg?resize=350%2C200&ssl=1 1x, https:\/\/i0.wp.com\/alpoma.net\/tecob\/wp-content\/uploads\/2014\/09\/10.jpg?resize=525%2C300&ssl=1 1.5x"},"classes":[]},{"id":239,"url":"https:\/\/alpoma.net\/tecob\/?p=239","url_meta":{"origin":10226,"position":5},"title":"Ondes Martenot","author":"alpoma","date":"18 noviembre 2005","format":false,"excerpt":"Acabo de escuchar, como en tantas ocasiones ya, la Sinfon\u00eda Turangalila de Olivier Messiaen. A muchos ni les sonar\u00e1 el nombre de este compositor, uno de los m\u00e1s grandes maestros de la m\u00fasica del siglo XX, aunque eso de \"Turanga Leela\" les sonar\u00e1 a los seguidores de Futurama. No en\u2026","rel":"","context":"En \u00abM\u00fasica\u00bb","block_context":{"text":"M\u00fasica","link":"https:\/\/alpoma.net\/tecob\/?cat=42"},"img":{"alt_text":"","src":"","width":0,"height":0},"classes":[]}],"jetpack_sharing_enabled":true,"_links":{"self":[{"href":"https:\/\/alpoma.net\/tecob\/index.php?rest_route=\/wp\/v2\/posts\/10226","targetHints":{"allow":["GET"]}}],"collection":[{"href":"https:\/\/alpoma.net\/tecob\/index.php?rest_route=\/wp\/v2\/posts"}],"about":[{"href":"https:\/\/alpoma.net\/tecob\/index.php?rest_route=\/wp\/v2\/types\/post"}],"author":[{"embeddable":true,"href":"https:\/\/alpoma.net\/tecob\/index.php?rest_route=\/wp\/v2\/users\/1"}],"replies":[{"embeddable":true,"href":"https:\/\/alpoma.net\/tecob\/index.php?rest_route=%2Fwp%2Fv2%2Fcomments&post=10226"}],"version-history":[{"count":0,"href":"https:\/\/alpoma.net\/tecob\/index.php?rest_route=\/wp\/v2\/posts\/10226\/revisions"}],"wp:featuredmedia":[{"embeddable":true,"href":"https:\/\/alpoma.net\/tecob\/index.php?rest_route=\/wp\/v2\/media\/10228"}],"wp:attachment":[{"href":"https:\/\/alpoma.net\/tecob\/index.php?rest_route=%2Fwp%2Fv2%2Fmedia&parent=10226"}],"wp:term":[{"taxonomy":"category","embeddable":true,"href":"https:\/\/alpoma.net\/tecob\/index.php?rest_route=%2Fwp%2Fv2%2Fcategories&post=10226"},{"taxonomy":"post_tag","embeddable":true,"href":"https:\/\/alpoma.net\/tecob\/index.php?rest_route=%2Fwp%2Fv2%2Ftags&post=10226"}],"curies":[{"name":"wp","href":"https:\/\/api.w.org\/{rel}","templated":true}]}}