{"id":10190,"date":"2014-10-31T00:03:52","date_gmt":"2014-10-30T22:03:52","guid":{"rendered":"http:\/\/www.alpoma.net\/tecob\/?p=10190"},"modified":"2014-10-31T00:17:16","modified_gmt":"2014-10-30T22:17:16","slug":"mi-novela-el-viaje-de-argos-disponible-en-papel","status":"publish","type":"post","link":"https:\/\/alpoma.net\/tecob\/?p=10190","title":{"rendered":"Mi novela, \u00abEl viaje de Argos\u00bb, disponible en papel"},"content":{"rendered":"<p>Hoy ha salido a la venta la edici\u00f3n en papel de mi novela \u00abEl viaje de Argos\u00bb, que vio la luz hace dos a\u00f1os en forma de e-book. Editada por Glyphos Publicaciones, nace en papel con una portada muy especial que ha realizado el gran <strong>Alfonso Azpiri<\/strong>. Tiempo habr\u00e1 m\u00e1s adelante para comentar detalles sobre esta edici\u00f3n. Sirva esta peque\u00f1a nota como simple anuncio de la buena noticia.<\/p>\n<p><strong>M\u00e1s informaci\u00f3n<\/strong>: <a href=\"http:\/\/www.elviajedeargos.com\" target=\"_blank\">www.elviajedeargos.com<\/a><em><\/p>\n<blockquote><p><a href=\"http:\/\/www.alpoma.net\/tecob\/wp-content\/uploads\/2014\/10\/el_viaje_de_argos_alejandro_polanco_ilustracion_de_azpiri.png\"><img loading=\"lazy\" decoding=\"async\" src=\"http:\/\/www.alpoma.net\/tecob\/wp-content\/uploads\/2014\/10\/el_viaje_de_argos_alejandro_polanco_ilustracion_de_azpiri-218x300.png\" alt=\"el_viaje_de_argos_alejandro_polanco_ilustracion_de_azpiri\" width=\"218\" height=\"300\" class=\"dch\" \/><\/a><strong>Una gran aventura entre la ciencia ficci\u00f3n y la novela hist\u00f3rica<\/strong>.<\/p>\n<p>Desde antiguo un enigm\u00e1tico astro llamado Argos siembra la atm\u00f3sfera con una substancia muy especial. S\u00f3lo un peque\u00f1o grupo de sabios sabe c\u00f3mo recolectar y emplear esa esencia de los cielos que permite la vida eterna.<\/p>\n<p>Pero en pleno auge de la Roma imperial, un desastre sacude a la hermandad de sabios. Desperdigados por el mundo y sin los conocimientos necesarios para mantener la inmortalidad, vagar\u00e1n sin rumbo, condenados al olvido.<\/p>\n<p>Hasta que en el siglo XXI una inquieta historiadora, Irene Abad, descubre un antiguo mapa que, sin saberlo, conduce hasta el peligroso secreto que los Hijos de Argos han perseguido durante dos milenios.<\/p><\/blockquote>\n<p><\/em><\/p>\n","protected":false},"excerpt":{"rendered":"<div class=\"mh-excerpt\"><p>Hoy ha salido a la venta la edici\u00f3n en papel de mi novela \u00abEl viaje de Argos\u00bb, que vio la luz hace dos a\u00f1os en forma de e-book. Editada por <a class=\"mh-excerpt-more\" href=\"https:\/\/alpoma.net\/tecob\/?p=10190\" title=\"Mi novela, \u00abEl viaje de Argos\u00bb, disponible en papel\">[&#8230;]<\/a><\/p>\n<\/div>","protected":false},"author":1,"featured_media":10379,"comment_status":"open","ping_status":"open","sticky":false,"template":"","format":"standard","meta":{"jetpack_post_was_ever_published":false,"_jetpack_newsletter_access":"","_jetpack_dont_email_post_to_subs":false,"_jetpack_newsletter_tier_id":0,"_jetpack_memberships_contains_paywalled_content":false,"_jetpack_memberships_contains_paid_content":false,"footnotes":""},"categories":[2],"tags":[],"class_list":["post-10190","post","type-post","status-publish","format-standard","has-post-thumbnail","hentry","category-personal"],"jetpack_featured_media_url":"https:\/\/alpoma.net\/tecob\/wp-content\/uploads\/2014\/10\/el_viaje_de_argos_alejandro_polanco_ilustracion_de_azpiri-218x3001.png","jetpack_shortlink":"https:\/\/wp.me\/p93Dc1-2Em","jetpack-related-posts":[{"id":6371,"url":"https:\/\/alpoma.net\/tecob\/?p=6371","url_meta":{"origin":10190,"position":0},"title":"Ya est\u00e1 a la venta mi novela &#8216;El viaje de Argos&#8217;","author":"alpoma","date":"10 marzo 2012","format":false,"excerpt":"Hace unos d\u00edas os present\u00e9 mi novela El viaje de Argos. Hoy, por fin ha salido a la venta, as\u00ed que si quieres hacerte con ella (de momento s\u00f3lo en eBook, la opci\u00f3n de papel est\u00e1 en el aire y puede que nunca llegue a ser algo real si la\u2026","rel":"","context":"En \u00abPersonal\u00bb","block_context":{"text":"Personal","link":"https:\/\/alpoma.net\/tecob\/?cat=2"},"img":{"alt_text":"","src":"","width":0,"height":0},"classes":[]},{"id":7866,"url":"https:\/\/alpoma.net\/tecob\/?p=7866","url_meta":{"origin":10190,"position":1},"title":"El viaje de Argos cumple un a\u00f1o","author":"alpoma","date":"25 febrero 2013","format":false,"excerpt":"Se cumple ahora un a\u00f1o desde que Planeta editara mi primera novela, El viaje de Argos. En estos meses han sido muchos quienes se han acercado a sus p\u00e1ginas, muchos m\u00e1s de los que imagin\u00e9 en principio y, tambi\u00e9n, han sido muchos los que han escrito sobre esta aventura, sorprendentemente\u2026","rel":"","context":"En \u00abPersonal\u00bb","block_context":{"text":"Personal","link":"https:\/\/alpoma.net\/tecob\/?cat=2"},"img":{"alt_text":"","src":"","width":0,"height":0},"classes":[]},{"id":6199,"url":"https:\/\/alpoma.net\/tecob\/?p=6199","url_meta":{"origin":10190,"position":2},"title":"Os presento mi primera novela: El viaje de Argos.","author":"alpoma","date":"8 febrero 2012","format":false,"excerpt":"Habr\u00e1 a quien le suene el t\u00edtulo, porque es el mismo que utilic\u00e9 para un proyecto de revista hace tiempo, pero no tiene nada que ver con lo que hoy os quiero comentar. S\u00ed, aunque lleva terminada desde principios de 2009, ser\u00e1 a comienzos del pr\u00f3ximo mes de marzo cuando\u2026","rel":"","context":"En \u00abPersonal\u00bb","block_context":{"text":"Personal","link":"https:\/\/alpoma.net\/tecob\/?cat=2"},"img":{"alt_text":"Portada de El viaje de Argos","src":"https:\/\/i0.wp.com\/farm8.staticflickr.com\/7024\/6842079725_f69a0c041d_m.jpg?resize=350%2C200","width":350,"height":200},"classes":[]},{"id":6517,"url":"https:\/\/alpoma.net\/tecob\/?p=6517","url_meta":{"origin":10190,"position":3},"title":"Contenidos adicionales para `El viaje de Argos\u00b4","author":"alpoma","date":"7 abril 2012","format":false,"excerpt":"Desde que termin\u00e9 de escribir El viaje de Argos, all\u00e1 por le mes de marzo de 2009 siempre imagin\u00e9, en caso de que alguna vez fuera editada la novela, que ser\u00eda muy buena idea contar con un website propio para ella. Al final, una vez editado el libro este mes\u2026","rel":"","context":"En \u00abPersonal\u00bb","block_context":{"text":"Personal","link":"https:\/\/alpoma.net\/tecob\/?cat=2"},"img":{"alt_text":"","src":"","width":0,"height":0},"classes":[]},{"id":11245,"url":"https:\/\/alpoma.net\/tecob\/?p=11245","url_meta":{"origin":10190,"position":4},"title":"Este viernes d\u00eda 10, estar\u00e9 junto a Alfonso Azpiri en Valladolid","author":"alpoma","date":"8 abril 2015","format":false,"excerpt":"No soy muy dado a estas cosas, pero si tienes inter\u00e9s en conocerme y\/o en que firme alguno de mis libros, tienes una oportunidad este viernes d\u00eda 10 en Valladolid. Glyphos Publicaciones junto a la Asociaci\u00f3n Cultural El Planeta de los C\u00f3mics han organizado un encuentro con el magistral ilustrador\u2026","rel":"","context":"En \u00abPersonal\u00bb","block_context":{"text":"Personal","link":"https:\/\/alpoma.net\/tecob\/?cat=2"},"img":{"alt_text":"","src":"https:\/\/i0.wp.com\/alpoma.net\/tecob\/wp-content\/uploads\/2015\/04\/11060090_962646183775813_2022794287671525026_n.jpg?resize=350%2C200&ssl=1","width":350,"height":200,"srcset":"https:\/\/i0.wp.com\/alpoma.net\/tecob\/wp-content\/uploads\/2015\/04\/11060090_962646183775813_2022794287671525026_n.jpg?resize=350%2C200&ssl=1 1x, https:\/\/i0.wp.com\/alpoma.net\/tecob\/wp-content\/uploads\/2015\/04\/11060090_962646183775813_2022794287671525026_n.jpg?resize=525%2C300&ssl=1 1.5x"},"classes":[]},{"id":9122,"url":"https:\/\/alpoma.net\/tecob\/?p=9122","url_meta":{"origin":10190,"position":5},"title":"El viaje de Argos en papel contar\u00e1 con portada de&#8230; \u00a1Alfonso Azpiri!","author":"alpoma","date":"27 junio 2014","format":false,"excerpt":"Sumergido en plena ebullici\u00f3n de proyectos, entre los propios de Arbotante, empresa de la que soy cofundador y la publicaci\u00f3n de varios libros, la segunda mitad de 2014 se aventura emocionante. En oto\u00f1o ver\u00e1 la luz Made in Spain, un libro sobre inventores de estas tierras ib\u00e9ricas y, m\u00e1s o\u2026","rel":"","context":"En \u00abPersonal\u00bb","block_context":{"text":"Personal","link":"https:\/\/alpoma.net\/tecob\/?cat=2"},"img":{"alt_text":"libros_alpoma","src":"https:\/\/i0.wp.com\/www.alpoma.net\/tecob\/wp-content\/uploads\/2014\/06\/libros_alpoma.jpg?resize=350%2C200","width":350,"height":200},"classes":[]}],"jetpack_sharing_enabled":true,"_links":{"self":[{"href":"https:\/\/alpoma.net\/tecob\/index.php?rest_route=\/wp\/v2\/posts\/10190","targetHints":{"allow":["GET"]}}],"collection":[{"href":"https:\/\/alpoma.net\/tecob\/index.php?rest_route=\/wp\/v2\/posts"}],"about":[{"href":"https:\/\/alpoma.net\/tecob\/index.php?rest_route=\/wp\/v2\/types\/post"}],"author":[{"embeddable":true,"href":"https:\/\/alpoma.net\/tecob\/index.php?rest_route=\/wp\/v2\/users\/1"}],"replies":[{"embeddable":true,"href":"https:\/\/alpoma.net\/tecob\/index.php?rest_route=%2Fwp%2Fv2%2Fcomments&post=10190"}],"version-history":[{"count":0,"href":"https:\/\/alpoma.net\/tecob\/index.php?rest_route=\/wp\/v2\/posts\/10190\/revisions"}],"wp:featuredmedia":[{"embeddable":true,"href":"https:\/\/alpoma.net\/tecob\/index.php?rest_route=\/wp\/v2\/media\/10379"}],"wp:attachment":[{"href":"https:\/\/alpoma.net\/tecob\/index.php?rest_route=%2Fwp%2Fv2%2Fmedia&parent=10190"}],"wp:term":[{"taxonomy":"category","embeddable":true,"href":"https:\/\/alpoma.net\/tecob\/index.php?rest_route=%2Fwp%2Fv2%2Fcategories&post=10190"},{"taxonomy":"post_tag","embeddable":true,"href":"https:\/\/alpoma.net\/tecob\/index.php?rest_route=%2Fwp%2Fv2%2Ftags&post=10190"}],"curies":[{"name":"wp","href":"https:\/\/api.w.org\/{rel}","templated":true}]}}