{"id":10184,"date":"2014-10-25T20:57:26","date_gmt":"2014-10-25T18:57:26","guid":{"rendered":"http:\/\/www.alpoma.net\/tecob\/?p=10184"},"modified":"2014-10-25T20:57:26","modified_gmt":"2014-10-25T18:57:26","slug":"el-frankenstein-de-zehnder","status":"publish","type":"post","link":"https:\/\/alpoma.net\/tecob\/?p=10184","title":{"rendered":"El Frankenstein de Zehnder"},"content":{"rendered":"<p>Hoy nos visita una fotograf\u00eda muy especial, una imagen que tiene reservado un espacio singular en la historia de la ciencia y la tecnolog\u00eda. He aqu\u00ed al Frankenstein de Zehnder&#8230;<\/p>\n<p><a href=\"http:\/\/www.alpoma.net\/tecob\/wp-content\/uploads\/2014\/10\/Zehnder_rayos_X.jpg\"><img decoding=\"async\" src=\"http:\/\/www.alpoma.net\/tecob\/wp-content\/uploads\/2014\/10\/Zehnder_rayos_X.jpg\" alt=\"Zehnder_rayos_X\" width=\"620\" class=\"otros\" \/><\/a><\/p>\n<p>Lo de Frankenstein es una licencia que me he tomado porque, a fin de cuentas, <strong>la imagen fue realizada con exposiciones de cinco a quince minutos a rayos X sobre diversas partes del cuerpo de varias personas<\/strong>. En concreto, lo que ah\u00ed se ve es la primera imagen de un cuerpo humano completo visto a trav\u00e9s de rayos X o, mejor dicho, un mosaico de nueve tomas.<\/p>\n<p>Fue realizada en agosto de 1896 por <strong><a href=\"http:\/\/en.wikipedia.org\/wiki\/Ludwig_Zehnder\">Ludwig Zehnder<\/a><\/strong>, ayudante de <strong>R\u00f6ntgen<\/strong>, que el a\u00f1o anterior hab\u00eda descubierto los rayos X. Al principio pocos cient\u00edficos creyeron que aquellos rayos misteriosos fueran algo real, a fin de cuentas las primeras noticias que llegaban de peri\u00f3dicos eran poco menos que incre\u00edbles y muchos todav\u00eda no hab\u00edan le\u00eddo el art\u00edculo de R\u00f6ntgen titulado \u00abSobre un nuevo tipo de rayos, comunicaci\u00f3n preliminar\u00bb, una obra maestra de la literatura cient\u00edfica, ejemplo sencillo y directo de comunicaci\u00f3n acerca de una investigaci\u00f3n.<\/p>\n<p>El 5 de enero de 1896 apareci\u00f3 una primera menci\u00f3n en prensa en un peri\u00f3dico de Viena. El tema era tan asombroso que a mediados de ese mismo mes ya hab\u00eda aparecido en el <em>New York Times<\/em>. El caso de los rayos que penetraban la materia e impresionaban las placas fotogr\u00e1ficas hab\u00eda dado la vuelta al mundo, para pesabumbre del propio R\u00f6ntgen. Los peri\u00f3dicos no hac\u00edan m\u00e1s que publicar im\u00e1genes obtenidas con la todav\u00eda innominada radiaci\u00f3n, pero no iban mucho m\u00e1s all\u00e1 del divertimento. Para el cient\u00edfico alem\u00e1n aquello no ten\u00eda gracia, le preocupaba descubrir la naturaleza de lo descubierto, no convertirlo en un espect\u00e1culo circense.<\/p>\n<p>En pocos meses <strong>proliferaron las m\u00e1quinas de rayos X<\/strong>, sobre todo las construidas por fot\u00f3grafos. Los art\u00edculos cient\u00edficos pronto despejaron las dudas, aquello era real. Una fiebre se despert\u00f3 por todo el planeta, se pens\u00f3 en utilizar la nov\u00edsima radiaci\u00f3n para todo y, claro est\u00e1, el pobre R\u00f6ntgen, amante de la tranquilidad y de un estilo de vida met\u00f3dico y alejado de la algarab\u00eda no hac\u00edan m\u00e1s que darle la lata. Pese a todo, no se apart\u00f3 de su rutina diaria y continu\u00f3 con sus investigaciones como si nada hubiera sucedido. Rechaz\u00f3 las ofertas para dar conferencias, salvo en alg\u00fan caso puntual, y apenas si respond\u00eda a alguna de las cartas que le llegaban. No pudo librarse, sin embargo, de dar cierto discurso.<strong> En 1901 le fue concedido el primer Premio Nobel de f\u00edsica de la historia<\/strong>. Cabe decir que el dinero del premio fue donado por R\u00f6ntgen al departamento de f\u00edsica de la Universidad de <strong><a href=\"http:\/\/www.uni-wuerzburg.de\/en\/ueber\/university\/roentgenring_science_mile\/nobel_laureates\/wilhelm_conrad_roentgen_1901\/\">W\u00fcrzburg<\/a><\/strong>, para que fuera utilizado en investigaci\u00f3n y becas. En ese lugar han administrado tan admirablemente esos dineros que, a d\u00eda de hoy, todav\u00eda se utilizan los intereses con los mismos fines<sup>1<\/sup>.<\/p>\n<p><strong>Imagen<\/strong>: <a href=\"http:\/\/photohist.blogspot.com.es\/2009\/06\/ludwig-zehnder-x-ray-photograph-of.html\">History of Photography<\/a> \/ Deutsches Museum, Munich.<\/p>\n<p>___________________<br \/>\n<sup>1<\/sup> Al menos hasta el 96 era as\u00ed y supongo que lo seguir\u00e1 siendo. V\u00e9ase: <em>El descubrimiento de los rayos X<\/em>, por Graham Farmelo. Investigaci\u00f3n y Ciencia, enero 1996. <\/p>\n","protected":false},"excerpt":{"rendered":"<div class=\"mh-excerpt\"><p>Hoy nos visita una fotograf\u00eda muy especial, una imagen que tiene reservado un espacio singular en la historia de la ciencia y la tecnolog\u00eda. He aqu\u00ed al Frankenstein de Zehnder&#8230; <a class=\"mh-excerpt-more\" href=\"https:\/\/alpoma.net\/tecob\/?p=10184\" title=\"El Frankenstein de Zehnder\">[&#8230;]<\/a><\/p>\n<\/div>","protected":false},"author":1,"featured_media":10186,"comment_status":"open","ping_status":"open","sticky":false,"template":"","format":"standard","meta":{"jetpack_post_was_ever_published":false,"_jetpack_newsletter_access":"","_jetpack_dont_email_post_to_subs":false,"_jetpack_newsletter_tier_id":0,"_jetpack_memberships_contains_paywalled_content":false,"_jetpack_memberships_contains_paid_content":false,"footnotes":""},"categories":[1],"tags":[],"class_list":["post-10184","post","type-post","status-publish","format-standard","has-post-thumbnail","hentry","category-general"],"jetpack_featured_media_url":"https:\/\/alpoma.net\/tecob\/wp-content\/uploads\/2014\/10\/Zehnder_rayos_X.jpg","jetpack_shortlink":"https:\/\/wp.me\/p93Dc1-2Eg","jetpack-related-posts":[{"id":8470,"url":"https:\/\/alpoma.net\/tecob\/?p=8470","url_meta":{"origin":10184,"position":0},"title":"El doctor C\u00e9sar Comas Llaber\u00eda, h\u00e9roe de los rayos X","author":"alpoma","date":"2 septiembre 2013","format":false,"excerpt":"Publiqu\u00e9 originalmente este art\u00edculo en la revista Historia de Iberia Vieja, n\u00famero 99, septiembre de 2013. \u00abVivir para ver\u00bb, dice el viejo refr\u00e1n castellano. Repit\u00e1moslo hoy, en que interesa tanto a la gente la nueva del descubrimiento de una especie de Iuz que no se ve, pero cuya intensidad de\u2026","rel":"","context":"En \u00abMade in Spain\u00bb","block_context":{"text":"Made in Spain","link":"https:\/\/alpoma.net\/tecob\/?cat=10"},"img":{"alt_text":"cesar_comas","src":"https:\/\/i0.wp.com\/www.alpoma.net\/tecob\/wp-content\/uploads\/2013\/09\/cesar_comas-204x300.jpg?resize=350%2C200","width":350,"height":200},"classes":[]},{"id":975,"url":"https:\/\/alpoma.net\/tecob\/?p=975","url_meta":{"origin":10184,"position":1},"title":"Fotografiando con rayos X","author":"alpoma","date":"26 agosto 2008","format":false,"excerpt":"Este es uno de los t\u00edpicos casos, cuando uno se refiere a cuestiones visuales y de arte, en que una imagen lo dice todo. Cont\u00e9mplese con calma la siguiente maravilla. Se trata s\u00f3lo de un ejemplo de montaje con fotograf\u00edas de objetos realizadas, no con luz, sino con rayos X.\u2026","rel":"","context":"En \u00abInnovaci\u00f3n\u00bb","block_context":{"text":"Innovaci\u00f3n","link":"https:\/\/alpoma.net\/tecob\/?cat=4"},"img":{"alt_text":"","src":"https:\/\/i0.wp.com\/alpoma.net\/tecob\/wp-content\/uploads\/2008\/08\/2800353117_09d4e3b9b5_o.jpg?resize=350%2C200&ssl=1","width":350,"height":200,"srcset":"https:\/\/i0.wp.com\/alpoma.net\/tecob\/wp-content\/uploads\/2008\/08\/2800353117_09d4e3b9b5_o.jpg?resize=350%2C200&ssl=1 1x, https:\/\/i0.wp.com\/alpoma.net\/tecob\/wp-content\/uploads\/2008\/08\/2800353117_09d4e3b9b5_o.jpg?resize=525%2C300&ssl=1 1.5x"},"classes":[]},{"id":5660,"url":"https:\/\/alpoma.net\/tecob\/?p=5660","url_meta":{"origin":10184,"position":2},"title":"Buscando c\u00e1maras secretas en las pir\u00e1mides de Egipto con rayos c\u00f3smicos","author":"alpoma","date":"3 noviembre 2017","format":false,"excerpt":"ACTUALIZACI\u00d3N 3\/11\/2017: Este art\u00edculo fue originalmente publicado el 18 de noviembre de 2011. El tema ha entrado ahora de lleno en las noticias de actualidad por el posible descubrimiento de un espacio desconocido en el interior de la Gran Pir\u00e1mide. Sea como fuere, porque hay pol\u00e9mica al respecto, conviene recordar\u2026","rel":"","context":"En \u00abGeo\u00bb","block_context":{"text":"Geo","link":"https:\/\/alpoma.net\/tecob\/?cat=5"},"img":{"alt_text":"imagen_1","src":"https:\/\/i0.wp.com\/farm7.static.flickr.com\/6228\/6359195149_e638cac8bc_o.jpg?resize=350%2C200","width":350,"height":200,"srcset":"https:\/\/i0.wp.com\/farm7.static.flickr.com\/6228\/6359195149_e638cac8bc_o.jpg?resize=350%2C200 1x, https:\/\/i0.wp.com\/farm7.static.flickr.com\/6228\/6359195149_e638cac8bc_o.jpg?resize=525%2C300 1.5x"},"classes":[]},{"id":8052,"url":"https:\/\/alpoma.net\/tecob\/?p=8052","url_meta":{"origin":10184,"position":3},"title":"El Laboratorio El\u00e9ctrico de M\u00f3nico S\u00e1nchez","author":"alpoma","date":"1 abril 2013","format":false,"excerpt":"Este post corresponde a una versi\u00f3n reducida del art\u00edculo que publiqu\u00e9 en la revista Historia de Iberia Vieja en su edici\u00f3n correspondiente al mes de abril de 2013. Una de las notas m\u00e1s simp\u00e1ticamente interesantes de la actual Exposici\u00f3n de Medicina e Higiene es la presencia en ella del maravilloso\u2026","rel":"","context":"En \u00abMade in Spain\u00bb","block_context":{"text":"Made in Spain","link":"https:\/\/alpoma.net\/tecob\/?cat=10"},"img":{"alt_text":"monico_sanchez_2","src":"https:\/\/i0.wp.com\/farm9.staticflickr.com\/8384\/8605906331_7db2561641_m.jpg?resize=350%2C200","width":350,"height":200},"classes":[]},{"id":14971,"url":"https:\/\/alpoma.net\/tecob\/?p=14971","url_meta":{"origin":10184,"position":4},"title":"El Solarium giratorio de Aix-les-Bains, un edificio asombroso","author":"alpoma","date":"21 marzo 2020","format":false,"excerpt":"Ya no existe, lo que es una pena, pero debi\u00f3 ser algo impresionante de contemplar. Aix-les-Bains es una localidad del oeste franc\u00e9s en la que se levant\u00f3 una de las estructuras m\u00e1s singulares que conozco. He aqu\u00ed una fotograf\u00eda de la \u00e9poca en la se erig\u00eda sobre el terreno el\u2026","rel":"","context":"En \u00abObsolescencia\u00bb","block_context":{"text":"Obsolescencia","link":"https:\/\/alpoma.net\/tecob\/?cat=3"},"img":{"alt_text":"","src":"https:\/\/i0.wp.com\/alpoma.net\/tecob\/wp-content\/uploads\/2020\/03\/solarium-1.jpg?resize=350%2C200&ssl=1","width":350,"height":200,"srcset":"https:\/\/i0.wp.com\/alpoma.net\/tecob\/wp-content\/uploads\/2020\/03\/solarium-1.jpg?resize=350%2C200&ssl=1 1x, https:\/\/i0.wp.com\/alpoma.net\/tecob\/wp-content\/uploads\/2020\/03\/solarium-1.jpg?resize=525%2C300&ssl=1 1.5x, https:\/\/i0.wp.com\/alpoma.net\/tecob\/wp-content\/uploads\/2020\/03\/solarium-1.jpg?resize=700%2C400&ssl=1 2x"},"classes":[]},{"id":8322,"url":"https:\/\/alpoma.net\/tecob\/?p=8322","url_meta":{"origin":10184,"position":5},"title":"La er\u00f3tica del cors\u00e9 tras los rayos X","author":"alpoma","date":"19 junio 2013","format":false,"excerpt":"Los cors\u00e9s, que no son s\u00f3lo cosa femenina pues a lo largo de la historia los cors\u00e9s masculinos tambi\u00e9n han dado mucho juego, tuvieron \u00e9pocas de gloria en la moda de varios siglos. El cors\u00e9 vive ahora cierto renacimiento y he de reconocer que tiene su encanto y atractivo, pero\u2026","rel":"","context":"En \u00abObsolescencia\u00bb","block_context":{"text":"Obsolescencia","link":"https:\/\/alpoma.net\/tecob\/?cat=3"},"img":{"alt_text":"","src":"https:\/\/i0.wp.com\/alpoma.net\/tecob\/wp-content\/uploads\/2013\/06\/461px-Padiographie_du_corsetLigne28dos29.jpg?resize=350%2C200&ssl=1","width":350,"height":200},"classes":[]}],"jetpack_sharing_enabled":true,"_links":{"self":[{"href":"https:\/\/alpoma.net\/tecob\/index.php?rest_route=\/wp\/v2\/posts\/10184","targetHints":{"allow":["GET"]}}],"collection":[{"href":"https:\/\/alpoma.net\/tecob\/index.php?rest_route=\/wp\/v2\/posts"}],"about":[{"href":"https:\/\/alpoma.net\/tecob\/index.php?rest_route=\/wp\/v2\/types\/post"}],"author":[{"embeddable":true,"href":"https:\/\/alpoma.net\/tecob\/index.php?rest_route=\/wp\/v2\/users\/1"}],"replies":[{"embeddable":true,"href":"https:\/\/alpoma.net\/tecob\/index.php?rest_route=%2Fwp%2Fv2%2Fcomments&post=10184"}],"version-history":[{"count":0,"href":"https:\/\/alpoma.net\/tecob\/index.php?rest_route=\/wp\/v2\/posts\/10184\/revisions"}],"wp:featuredmedia":[{"embeddable":true,"href":"https:\/\/alpoma.net\/tecob\/index.php?rest_route=\/wp\/v2\/media\/10186"}],"wp:attachment":[{"href":"https:\/\/alpoma.net\/tecob\/index.php?rest_route=%2Fwp%2Fv2%2Fmedia&parent=10184"}],"wp:term":[{"taxonomy":"category","embeddable":true,"href":"https:\/\/alpoma.net\/tecob\/index.php?rest_route=%2Fwp%2Fv2%2Fcategories&post=10184"},{"taxonomy":"post_tag","embeddable":true,"href":"https:\/\/alpoma.net\/tecob\/index.php?rest_route=%2Fwp%2Fv2%2Ftags&post=10184"}],"curies":[{"name":"wp","href":"https:\/\/api.w.org\/{rel}","templated":true}]}}