{"id":1016,"date":"2008-10-18T12:41:20","date_gmt":"2008-10-18T10:41:20","guid":{"rendered":"http:\/\/www.alpoma.net\/tecob\/?p=1016"},"modified":"2009-07-06T17:38:24","modified_gmt":"2009-07-06T15:38:24","slug":"sabero-cuna-de-la-siderurgia-espanola","status":"publish","type":"post","link":"https:\/\/alpoma.net\/tecob\/?p=1016","title":{"rendered":"Sabero, cuna de la siderurgia espa\u00f1ola"},"content":{"rendered":"<p class=\"otros3\">Tal y como <strong><a href=\"http:\/\/www.alpoma.net\/tecob\/?p=949\" class=\"enlaces\">avis\u00e9 el pasado d\u00eda 3 de agosto<\/a><\/strong>, aqu\u00ed est\u00e1 el art\u00edculo dedicado a la Ferrer\u00eda de San Blas que publiqu\u00e9 en el n\u00famero de Octubre de <strong><a href=\"http:\/\/www.historiadeiberiavieja.com\/\" class=\"enlaces\">Historia de Iberia Vieja<\/a><\/strong>, enriquecido con enlaces a fuentes de inter\u00e9s.<\/p>\n<p><img decoding=\"async\" src=\"http:\/\/farm4.static.flickr.com\/3063\/2727621205_6258033418_m.jpg\" alt=\"img\" class=\"dch\"\/><em>Si Roma inici\u00f3 el camino, mucho hubo que esperar para que otros siguieran con la gran tradici\u00f3n minera a la que dieron vida, creando paisajes tan sorprendentes como Las M\u00e9dulas, en la provincia de Le\u00f3n. Sin salir de la provincia, situ\u00e1ndonos en la Monta\u00f1a Oriental Leonesa, podemos localizar otros ejemplos de minas muy antiguas, como en Ria\u00f1o o Lois. Pero si los romanos buscaron ah\u00ed metales, tales como oro, plata, cobre o incluso mercurio, fue otro el material que transform\u00f3 los paisajes de valles cercanos. El carb\u00f3n, piedras combustible, todav\u00eda hoy una de las fuentes de energ\u00eda m\u00e1s empleadas en todo el planeta, comenz\u00f3 a explotarse en estas tierras hace casi doscientos a\u00f1os.  Hacia 1828 fueron cartografiados, por parte de equipos brit\u00e1nicos, los yacimientos de carb\u00f3n y hierro que rodean al valle de Sabero, en plena monta\u00f1a leonesa. A partir de entonces se desat\u00f3 toda una fiebre industrial que convirti\u00f3 a una min\u00fascula aldea monta\u00f1esa en un emporio minero e industrial ef\u00edmero, pero apasionante, una de las cunas de la siderurgia en Espa\u00f1a.<\/em><\/p>\n<p><strong>El nacimiento de una utop\u00eda<\/strong><\/p>\n<p><strong><a href=\"http:\/\/www.aytosabero.es\/\" class=\"enlaces\">Sabero<\/a><\/strong> es hoy un municipio en pleno declive demogr\u00e1fico y econ\u00f3mico, al menos si lo comparamos con \u00e9pocas anteriores, pero ha sabido guardar su historia para mostrarla a quien desee contemplar un pasado sorprendente. Lo que los ingleses comenzaron a principios de la d\u00e9cada de 1830, iniciando la explotaci\u00f3n de minas de carb\u00f3n, fue desarroll\u00e1ndose poco a poco hasta convertir a la cuenca hullera de Sabero, la primera que fue explotada en la provincia leonesa, en un referente econ\u00f3mico nacional. Nace en 1841 una empresa emblem\u00e1tica, la <strong>Sociedad Palentina de Minas<\/strong>, que explotaba varias minas en Sabero y, adem\u00e1s, era propietaria de una concesi\u00f3n ferruginosa en un yacimiento cercano. Con esto ya se ten\u00edan los dos ingredientes fundamentales para fabricar el preciado metal que da vida a todo tipo de objetos, m\u00e1quinas y veh\u00edculos, el hierro. Teniendo las materias primas a mano, la pionera empresa decidi\u00f3 llevar a cabo el que, desde el principio, fue su objetivo principal, la construcci\u00f3n de una gran industria sider\u00fargica con altos hornos de cok. Tal empe\u00f1o choc\u00f3, desde el primer momento, con graves problemas que terminaron por arruinar el sue\u00f1o del progreso a trav\u00e9s del hierro en el valle de Sabero. Los m\u00e9todos de extracci\u00f3n de carb\u00f3n empleados no eran los m\u00e1s adecuados para las condiciones geol\u00f3gicas en las que se encuentra el mineral en el valle, con lo que el rendimiento era bastante malo y se perd\u00eda mucho mineral. Hombres y bestias se afanaban en arrancar el preciado tesoro negro de las entra\u00f1as de la monta\u00f1a para transportarlo al exterior de las galer\u00edas, pero la producci\u00f3n era exigua. Aunque el producto lograba colocarse con facilidad en mercados cercanos de Castilla, pronto surgi\u00f3 dura competencia que ten\u00eda m\u00e1s ventajas y mayor producci\u00f3n con el inicio de la explotaci\u00f3n de la cuenca de Barruelo en el norte de Palencia.<\/p>\n<p>Fue pues la fabricaci\u00f3n de hierro la \u00fanica v\u00eda que parec\u00eda tener el futuro asegurado en tierras de Sabero. Pocos a\u00f1os despu\u00e9s de su nacimiento, el sue\u00f1o sider\u00fargico vio ampliado su capital con socios leoneses, se convirti\u00f3 en sociedad an\u00f3nima y pas\u00f3 a llamarse <strong>Sociedad Palentina-Leonesa de Minas<\/strong>. Lo que en esos a\u00f1os de la primera mitad del siglo XIX no era sino un peque\u00f1o conjunto de casas perdidas en lo profundo de la monta\u00f1a, con gentes que, a pesar de haber sentido ya el avance de la miner\u00eda, segu\u00edan siendo predominantemente agricultores y ganaderos, junto con algunos artesanos. Esta predominancia de lo agrario cambiar\u00eda en pocos a\u00f1os, pues las minas de carb\u00f3n aumentar\u00e1n su producci\u00f3n y se mantendr\u00e1n en funcionamiento hasta finales del siglo XX, pero lo que ya por entonces era un lugar mal comunicado con el resto del pa\u00eds, continu\u00f3 siendo deficitario en este aspecto, lo que jug\u00f3 en contra del pretendido desarrollo de la industria sider\u00fargica local. Sin embargo, parec\u00eda entonces una idea muy buena. Aprovechando el carb\u00f3n y el mineral de hierro producidos en minas muy pr\u00f3ximas, se levant\u00f3 en Sabero su emblem\u00e1tica ferrer\u00eda que comenz\u00f3 a funcionar en 1843. <\/p>\n<p>No puedo imaginar lo que supuso aquella empresa. Pensemos un poco d\u00f3nde se encuentra Sabero, perdido entre monta\u00f1as, lejos de cualquier gran ciudad o v\u00eda de comunicaci\u00f3n importante. Nada de esto hizo temblar a los osados inversores locales, decidieron levantar una gran factor\u00eda y lo lograron. Gigantescas piezas de metal, imponentes m\u00e1quinas y artilugios llegaron entonces al puerto de Gij\u00f3n. No dudo en calificar de asombrosa la tenacidad de aquellos osados obreros que, transportando en carros tirados por bueyes los gigantes de metal subiendo puertos y descendiendo valles, lograron mover todo lo necesario para levantar la industria sider\u00fargica de Sabero. <\/p>\n<p>Con las nov\u00edsimas laminadoras, soplantes, hornos y martillo pil\u00f3n, todo ello lo m\u00e1s puntero de la \u00e9poca, se dio vida a la <strong>Ferrer\u00eda de San Blas<\/strong>, llamada as\u00ed en honor al santo que habita en una ermita de las cercan\u00edas de la factor\u00eda. Con el primer horno de carb\u00f3n de cok de Espa\u00f1a en marcha y la ferrer\u00eda produciendo lingotes de hierro colado, todo parec\u00eda marchar bien. Fueron los pioneros, abrieron un camino complicado que no tardaron en seguir otros en Asturias pero fue aqu\u00ed, en Sabero, donde se dieron los primeros pasos de la industria sider\u00fargica moderna espa\u00f1ola, claro que, por desgracia, no dur\u00f3 mucho la aventura. <\/p>\n<p><strong>El sue\u00f1o se convirti\u00f3 en decepci\u00f3n<\/strong><\/p>\n<p><img decoding=\"async\" src=\"http:\/\/farm4.static.flickr.com\/3229\/2727618767_42d2ae0c95_m.jpg\" alt=\"img\" class=\"izda\"\/>El complejo industrial de la Ferrer\u00eda de San Blas lleg\u00f3 a transformar el paisaje de Sabero de forma radical. En el valle donde s\u00f3lo se levantaron peque\u00f1as casitas durante siglos, se elevaban ahora dos imponentes torres, los <strong>hornos altos de 16 metros de altura y m\u00e1s de diez de di\u00e1metro<\/strong>, acompa\u00f1ados por el continuo ruido de los generadores de vapor, los soplantes que inyectaban aire en los hornos, el trasiego de vagonetas con carb\u00f3n y mineral de hierro para alimentar a los insaciables monstruos ardientes. Todo ello unido a hornos de cok, una gran nave para laminado del metal, hornos de reverbero y refino, el martillo pil\u00f3n, almacenes y cuadras, creaba una estampa impresionante, como un monstruo humeante surgido por medio de alguna secreta magia en medio de un para\u00edso monta\u00f1oso. Gran cantidad de trabajadores llegaron al peque\u00f1o pueblo, dando nueva vida al lugar. Habitaron casas construidas para ellos por la empresa que, junto con la factor\u00eda, constituyeron un entorno urbano singular e hist\u00f3rico del que se conservan bastantes restos, siendo \u00e9ste un patrimonio industrial \u00fanico en su especie.<\/p>\n<p>La f\u00e1brica de hierro, al modo de f\u00e1ctor\u00eda inglesa perdida en medio de la Cordillera Cant\u00e1brica, con su original arquitectura de amplios arcos apuntados, aliment\u00f3 el desarrollo de la comarca, anim\u00f3 a que la escasa producci\u00f3n de las minas de carb\u00f3n creciera y se mantuviera en auge durante d\u00e9cadas y anim\u00f3 a otros a llevar a cabo aventuras similares en otras partes de Espa\u00f1a. Pero a pesar de que la cercan\u00eda de las materias primas constitu\u00eda una ventaja importante, poco pudo hacer la ferrer\u00eda para mantener su funcionamiento. El sue\u00f1o alimentado por la ilusi\u00f3n de ver surgir una verdadera revoluci\u00f3n industrial a la brit\u00e1nica en el norte castellano muri\u00f3 muy pronto. <strong>Llegado el a\u00f1o 1866 el sue\u00f1o termin\u00f3 por convertirse en decepci\u00f3n<\/strong>, tras tanto dinero invertido, grandes esfuerzos ingenieriles y sudor de los trabajadores, nada pudo hacerse para competir con otras cuencas mineras y hornos que, en sus lugares de arraigo, contaban con algo que Sabero no ten\u00eda, comunicaciones adecuadas para colocar el producto en el mercado. Las minas de carb\u00f3n siguieron produciendo mineral mucho tiempo, pero la siderurgia de Sabero silenci\u00f3 sus hornos apenas cuando acababa de nacer.<\/p>\n<p><strong>El Museo de la Siderurgia y la Miner\u00eda de Castilla y Le\u00f3n<\/strong><\/p>\n<p>Tras muchas d\u00e9cadas de olvido y, a pesar de que las labores de restauraci\u00f3n han sido pol\u00e9micas por diversos aspectos paisaj\u00edsticos y arquitect\u00f3nicos, la Junta de Castilla y Le\u00f3n ha dado vida al <strong><a href=\"http:\/\/www.jcyl.es\/scsiau\/Satellite\/up\/es\/CulturaTurismo\/Page\/PlantillaN3SinHijos\/1149869438907\/_\/_\/_?asm=jcyl&#038;paginaNavegacion=&#038;seccion=&#038;tipoLetra=x-small\" class=\"enlaces\">Museo de la Siderurgia y la Miner\u00eda de Castilla y Le\u00f3n<\/a><\/strong>, que recupera los restos de la Ferrer\u00eda de San Blas, mostrando al visitante c\u00f3mo se fabricaba y trabajaba el hierro a partir de los minerales extra\u00eddos de las monta\u00f1as cercanas. Maquetas, reproducciones de las grandes m\u00e1quinas de la \u00e9poca y paneles informativos acompa\u00f1an al visitante a descubrir el pasado de esta industria pionera. Como la cuenca de Sabero cuenta con una historia apasionante, he de aprovechar este espacio para recomendar la lectura, a quien est\u00e9 interesado en profundizar, de la magn\u00edfica tesis doctoral de Jes\u00fas S\u00e1nchez Melado, <strong><a href=\"http:\/\/www.jsmelado.es\/tesis.html\" class=\"enlaces\">Sabero Historia econ\u00f3mica de una cuenca minera<\/a><\/strong>, publicada en 2007.<\/p>\n","protected":false},"excerpt":{"rendered":"<div class=\"mh-excerpt\"><p>Tal y como avis\u00e9 el pasado d\u00eda 3 de agosto, aqu\u00ed est\u00e1 el art\u00edculo dedicado a la Ferrer\u00eda de San Blas que publiqu\u00e9 en el n\u00famero de Octubre de Historia <a class=\"mh-excerpt-more\" href=\"https:\/\/alpoma.net\/tecob\/?p=1016\" title=\"Sabero, cuna de la siderurgia espa\u00f1ola\">[&#8230;]<\/a><\/p>\n<\/div>","protected":false},"author":1,"featured_media":10669,"comment_status":"open","ping_status":"open","sticky":false,"template":"","format":"standard","meta":{"jetpack_post_was_ever_published":false,"_jetpack_newsletter_access":"","_jetpack_dont_email_post_to_subs":false,"_jetpack_newsletter_tier_id":0,"_jetpack_memberships_contains_paywalled_content":false,"_jetpack_memberships_contains_paid_content":false,"footnotes":""},"categories":[5,10,3],"tags":[],"class_list":["post-1016","post","type-post","status-publish","format-standard","has-post-thumbnail","hentry","category-geo","category-made_in_spain","category-obsolescencia"],"jetpack_featured_media_url":"https:\/\/alpoma.net\/tecob\/wp-content\/uploads\/2008\/10\/2727621205_6258033418_m.jpg","jetpack_shortlink":"https:\/\/wp.me\/p93Dc1-go","jetpack-related-posts":[{"id":6826,"url":"https:\/\/alpoma.net\/tecob\/?p=6826","url_meta":{"origin":1016,"position":0},"title":"Turismo y lectura para este verano con \u00abEl viaje de Argos\u00bb","author":"alpoma","date":"1 julio 2012","format":false,"excerpt":"Aunque en el website de mi novela El viaje de Argos ya hay material adicional, fotos y mapas, creo que faltaba algo para completar el c\u00edrculo. Por ello, adem\u00e1s de recomendar de nuevo la lectura del libro, como no pod\u00eda ser de otro modo, he creado un mapa que re\u00fane\u2026","rel":"","context":"En \u00abPersonal\u00bb","block_context":{"text":"Personal","link":"https:\/\/alpoma.net\/tecob\/?cat=2"},"img":{"alt_text":"La Reana (Fuentes Tam\u00e1ricas) Velilla del R\u00edo Carri\u00f3n - Palencia","src":"https:\/\/i0.wp.com\/farm3.staticflickr.com\/2672\/4178339781_d76a6a4b8c_m.jpg?resize=350%2C200","width":350,"height":200},"classes":[]},{"id":6960,"url":"https:\/\/alpoma.net\/tecob\/?p=6960","url_meta":{"origin":1016,"position":1},"title":"Un aeropuerto fantasma en tierra de volcanes","author":"alpoma","date":"1 agosto 2012","format":false,"excerpt":"Fruto de conversaciones e intercambios fotogr\u00e1ficos es esta peque\u00f1a nota de hoy acerca de la provincia espa\u00f1ola de Ciudad Real. Todo comenz\u00f3 con varias im\u00e1genes del famoso aeropuerto de Ciudad Real, ese aeropuerto gigantesco olvidado en medio de la nada y que se llev\u00f3 muchos dineros, tanto p\u00fablicos como privados,\u2026","rel":"","context":"En \u00abGeo\u00bb","block_context":{"text":"Geo","link":"https:\/\/alpoma.net\/tecob\/?cat=5"},"img":{"alt_text":"","src":"https:\/\/i0.wp.com\/alpoma.net\/tecob\/wp-content\/uploads\/2012\/08\/7687575844_32c2faa1b2_z.jpg?resize=350%2C200&ssl=1","width":350,"height":200,"srcset":"https:\/\/i0.wp.com\/alpoma.net\/tecob\/wp-content\/uploads\/2012\/08\/7687575844_32c2faa1b2_z.jpg?resize=350%2C200&ssl=1 1x, https:\/\/i0.wp.com\/alpoma.net\/tecob\/wp-content\/uploads\/2012\/08\/7687575844_32c2faa1b2_z.jpg?resize=525%2C300&ssl=1 1.5x"},"classes":[]},{"id":4139,"url":"https:\/\/alpoma.net\/tecob\/?p=4139","url_meta":{"origin":1016,"position":2},"title":"Industria de vencejos","author":"alpoma","date":"2 febrero 2011","format":false,"excerpt":"Cuando cruz\u00f3 esta imagen ante mis ojos me llam\u00f3 la atenci\u00f3n al instante. Veamos, puede verse un edificio que podr\u00eda ser una fortaleza, un gran transformador el\u00e9ctrico o bien una f\u00e1brica. Lo \u00faltimo realmente se acerca algo a su verdadera funci\u00f3n, pero no deja de ser una aproximaci\u00f3n muy simple\u2026","rel":"","context":"En \u00abGeo\u00bb","block_context":{"text":"Geo","link":"https:\/\/alpoma.net\/tecob\/?cat=5"},"img":{"alt_text":"","src":"https:\/\/i0.wp.com\/alpoma.net\/tecob\/wp-content\/uploads\/2011\/02\/5410805961_368aebcd84_z.jpg?resize=350%2C200&ssl=1","width":350,"height":200,"srcset":"https:\/\/i0.wp.com\/alpoma.net\/tecob\/wp-content\/uploads\/2011\/02\/5410805961_368aebcd84_z.jpg?resize=350%2C200&ssl=1 1x, https:\/\/i0.wp.com\/alpoma.net\/tecob\/wp-content\/uploads\/2011\/02\/5410805961_368aebcd84_z.jpg?resize=525%2C300&ssl=1 1.5x"},"classes":[]},{"id":806,"url":"https:\/\/alpoma.net\/tecob\/?p=806","url_meta":{"origin":1016,"position":3},"title":"Gusano lunar","author":"alpoma","date":"27 diciembre 2007","format":false,"excerpt":"Mientras buscaba informaci\u00f3n para completar el art\u00edculo de ayer sobre la misi\u00f3n tripulada a Venus, me encontr\u00e9 con un bicho raro digno de menci\u00f3n. El gusano lunar, que nada tiene que ver con los espectaculares gusanos de arena de Arrakis, hubiera sido una m\u00e1quina asombrosa de haberse llevado a la\u2026","rel":"","context":"En \u00abObsolescencia\u00bb","block_context":{"text":"Obsolescencia","link":"https:\/\/alpoma.net\/tecob\/?cat=3"},"img":{"alt_text":"","src":"https:\/\/i0.wp.com\/alpoma.net\/tecob\/wp-content\/uploads\/2007\/12\/2141528268_fd4cbdecef_o.jpg?resize=350%2C200&ssl=1","width":350,"height":200,"srcset":"https:\/\/i0.wp.com\/alpoma.net\/tecob\/wp-content\/uploads\/2007\/12\/2141528268_fd4cbdecef_o.jpg?resize=350%2C200&ssl=1 1x, https:\/\/i0.wp.com\/alpoma.net\/tecob\/wp-content\/uploads\/2007\/12\/2141528268_fd4cbdecef_o.jpg?resize=525%2C300&ssl=1 1.5x"},"classes":[]},{"id":4262,"url":"https:\/\/alpoma.net\/tecob\/?p=4262","url_meta":{"origin":1016,"position":4},"title":"Surf sobre olas artificiales","author":"alpoma","date":"27 febrero 2011","format":false,"excerpt":"Cuando se habla de surf, la imaginaci\u00f3n suele llevarnos a paisajes ex\u00f3ticos del Pac\u00edfico, o bien a peligrosos acantilados golpeados por gigantescas olas, lugares disfrutados por los jinetes del oc\u00e9ano, pero no siempre es as\u00ed. \u00bfPor qu\u00e9 no hacer surf sobre una ola artificial? Aunque es un espect\u00e1culo que, posiblemente,\u2026","rel":"","context":"En \u00abGeo\u00bb","block_context":{"text":"Geo","link":"https:\/\/alpoma.net\/tecob\/?cat=5"},"img":{"alt_text":"","src":"","width":0,"height":0},"classes":[]},{"id":502,"url":"https:\/\/alpoma.net\/tecob\/?p=502","url_meta":{"origin":1016,"position":5},"title":"Historia de las bestias cuadr\u00fapedas y las serpientes","author":"alpoma","date":"14 junio 2006","format":false,"excerpt":"Por muy extra\u00f1o que sea un animal, por muy lejano que est\u00e9 el lugar en el que viva, los escolares de hoy d\u00eda pueden verlo, ya sea en fotograf\u00edas en color a trav\u00e9s de sus libros de biolog\u00eda o a trav\u00e9s de la web o un documental televisivo, con lo\u2026","rel":"","context":"En \u00abObsolescencia\u00bb","block_context":{"text":"Obsolescencia","link":"https:\/\/alpoma.net\/tecob\/?cat=3"},"img":{"alt_text":"","src":"","width":0,"height":0},"classes":[]}],"jetpack_sharing_enabled":true,"_links":{"self":[{"href":"https:\/\/alpoma.net\/tecob\/index.php?rest_route=\/wp\/v2\/posts\/1016","targetHints":{"allow":["GET"]}}],"collection":[{"href":"https:\/\/alpoma.net\/tecob\/index.php?rest_route=\/wp\/v2\/posts"}],"about":[{"href":"https:\/\/alpoma.net\/tecob\/index.php?rest_route=\/wp\/v2\/types\/post"}],"author":[{"embeddable":true,"href":"https:\/\/alpoma.net\/tecob\/index.php?rest_route=\/wp\/v2\/users\/1"}],"replies":[{"embeddable":true,"href":"https:\/\/alpoma.net\/tecob\/index.php?rest_route=%2Fwp%2Fv2%2Fcomments&post=1016"}],"version-history":[{"count":0,"href":"https:\/\/alpoma.net\/tecob\/index.php?rest_route=\/wp\/v2\/posts\/1016\/revisions"}],"wp:featuredmedia":[{"embeddable":true,"href":"https:\/\/alpoma.net\/tecob\/index.php?rest_route=\/wp\/v2\/media\/10669"}],"wp:attachment":[{"href":"https:\/\/alpoma.net\/tecob\/index.php?rest_route=%2Fwp%2Fv2%2Fmedia&parent=1016"}],"wp:term":[{"taxonomy":"category","embeddable":true,"href":"https:\/\/alpoma.net\/tecob\/index.php?rest_route=%2Fwp%2Fv2%2Fcategories&post=1016"},{"taxonomy":"post_tag","embeddable":true,"href":"https:\/\/alpoma.net\/tecob\/index.php?rest_route=%2Fwp%2Fv2%2Ftags&post=1016"}],"curies":[{"name":"wp","href":"https:\/\/api.w.org\/{rel}","templated":true}]}}