{"id":10120,"date":"2014-09-18T22:55:18","date_gmt":"2014-09-18T20:55:18","guid":{"rendered":"http:\/\/www.alpoma.net\/tecob\/?p=10120"},"modified":"2014-09-18T23:20:30","modified_gmt":"2014-09-18T21:20:30","slug":"ubaldo-pasaron-el-tipo-que-invento-la-navegacion-aerea-y-fue-tomado-por-loco","status":"publish","type":"post","link":"https:\/\/alpoma.net\/tecob\/?p=10120","title":{"rendered":"Ubaldo Pasar\u00f3n, el tipo que \u00abinvent\u00f3\u00bb la navegaci\u00f3n a\u00e9rea y fue tomado por loco"},"content":{"rendered":"<p>Antes de entrar en harina conviene recordar algunas fechas. <strong>Julio Verne<\/strong> public\u00f3 <em> La vuelta al mundo en ochenta d\u00edas<\/em> en el a\u00f1o 1872. <strong><a href=\"http:\/\/es.wikipedia.org\/wiki\/Henri_Giffard\">Henri Giffard<\/a><\/strong> vol\u00f3, con el que es considerado el primer dirigible de la historia, all\u00e1 por el a\u00f1o 1852, aunque no fue hasta finales del siglo XIX cuando los dirigibles se convirtieron en algo relativamente com\u00fan. Entre esos a\u00f1os citados situamos al espa\u00f1ol <strong><a href=\"http:\/\/bioguada.blogspot.com.es\/2013\/12\/ubaldo-pasaron-lastra.html\">Ubaldo Pasar\u00f3n<\/a><\/strong> y sus sue\u00f1os a\u00e9reos. Veamos, el tal Ubaldo era un militar con formaci\u00f3n en ingenier\u00eda que, adem\u00e1s, era poeta y periodista. Siendo destinado como capit\u00e1n en Cuba, desat\u00f3 repentinamente una actividad imaginativa asombrosa. Dise\u00f1\u00f3 y solicit\u00f3 patente para una m\u00e1quina a\u00e9rea gobernable, a modo de gran dirigible, capaz de dar la vuelta al mundo en poco m\u00e1s de diez d\u00edas. Lo que no fueron m\u00e1s que unas letras publicadas en 1862 en la <em>Gaceta de La Habana<\/em> termin\u00f3 convertido en una entra\u00f1able y un tanto ca\u00f3tica recopilaci\u00f3n de textos en forma de librillo a los pocos meses. En la revista <em>Nuestro Tiempo<\/em>, edici\u00f3n de abril de 1926, se menciona al bueno de Ubaldo de la manera que sigue:<\/p>\n<blockquote><p>Un capit\u00e1n de infanter\u00eda, gallego natural de Lugo, don Ubaldo Pasar\u00f3n y Lastra, autor de varias importantes obras y de una con l\u00e1minas titulada<em> Pilotaje<\/em> <em>aeron\u00e1utico<\/em>, solicit\u00f3 y obtuvo antes que nadie del intendente general de Cuba (&#8230;) el 10 de junio de 1862 el t\u00edtulo de Descubridor de la navegaci\u00f3n atmosf\u00e9rica y el privilegio durante diez a\u00f1os, y por el precio de 20 millones de pesos, de un servicio de correo aerost\u00e1tico cada semana al cual titul\u00f3 \u00abFlotante correo universal circunnavegador\u00bb; poco tiempo despu\u00e9s mor\u00eda este ilustrado capit\u00e1n, y con \u00e9l su proyecto, en la isla de Santo Domingo. <\/p><\/blockquote>\n<p><img loading=\"lazy\" decoding=\"async\" src=\"http:\/\/www.alpoma.net\/tecob\/wp-content\/uploads\/2014\/09\/ubaldo_pasaron.png\" alt=\"ubaldo_pasaron\" width=\"620\" height=\"400\" class=\"otros\" \/><\/p>\n<p>La cosa ten\u00eda su gracia, porque ciertamente Ubaldo muy dif\u00edcilmente iba a poder llevar a cabo aquella aventura. En Espa\u00f1a se lo tomaron con guasa y durante bastante tiempo la prensa estuvo recordando a Pasar\u00f3n, con burlas y dislates. Ahora bien, el libro de Ubaldo Pasar\u00f3n no dejaba de ser un precursor de la<strong> ciencia ficci\u00f3n<\/strong> (salvando las distancias l\u00f3gicas), un ejercicio de imaginaci\u00f3n creativa realmente singular en el que se habla de navegaci\u00f3n a\u00e9rea y mil historias aparentemente inconexas, desde el transporte de pasajeros y de correo a\u00e9reo mundial, hasta la propulsi\u00f3n el\u00e9ctrica, incluyendo c\u00e1lculos de diverso tipo, cuando nada de eso exist\u00eda todav\u00eda. <\/p>\n<p>La obra <em>Pilotage<\/em> [sic] <em>aereon\u00e1utico<\/em> de Ubaldo Pasar\u00f3n puede encontrarse en la <strong><a href=\"http:\/\/bdh-rd.bne.es\/viewer.vm?id=0000069894&#038;page=1\">Biblioteca Nacional de Espa\u00f1a<\/a><\/strong> (PDF). Incluye los dibujos que ilustran este art\u00edculo. <\/p>\n","protected":false},"excerpt":{"rendered":"<div class=\"mh-excerpt\"><p>Antes de entrar en harina conviene recordar algunas fechas. Julio Verne public\u00f3 La vuelta al mundo en ochenta d\u00edas en el a\u00f1o 1872. Henri Giffard vol\u00f3, con el que es <a class=\"mh-excerpt-more\" href=\"https:\/\/alpoma.net\/tecob\/?p=10120\" title=\"Ubaldo Pasar\u00f3n, el tipo que \u00abinvent\u00f3\u00bb la navegaci\u00f3n a\u00e9rea y fue tomado por loco\">[&#8230;]<\/a><\/p>\n<\/div>","protected":false},"author":1,"featured_media":10128,"comment_status":"open","ping_status":"open","sticky":false,"template":"","format":"standard","meta":{"jetpack_post_was_ever_published":false,"_jetpack_newsletter_access":"","_jetpack_dont_email_post_to_subs":false,"_jetpack_newsletter_tier_id":0,"_jetpack_memberships_contains_paywalled_content":false,"_jetpack_memberships_contains_paid_content":false,"footnotes":""},"categories":[10],"tags":[],"class_list":["post-10120","post","type-post","status-publish","format-standard","has-post-thumbnail","hentry","category-made_in_spain"],"jetpack_featured_media_url":"https:\/\/alpoma.net\/tecob\/wp-content\/uploads\/2014\/09\/ubaldo_pasaron.png","jetpack_shortlink":"https:\/\/wp.me\/p93Dc1-2De","jetpack-related-posts":[{"id":11681,"url":"https:\/\/alpoma.net\/tecob\/?p=11681","url_meta":{"origin":10120,"position":0},"title":"El primer vuelo a trav\u00e9s del Atl\u00e1ntico&#8230; y no me refiero a Lindbergh","author":"alpoma","date":"8 octubre 2015","format":false,"excerpt":"Son pocos los nombres que realmente quedan grabados a fuego en las p\u00e1ginas de la historia y que puedan soportar con fortuna el paso de las d\u00e9cadas en la memoria colectiva. Uno de esos nombres es el de Charles Lindbergh, h\u00e9roe desde el a\u00f1o 1927, cuando se convirti\u00f3 en el\u2026","rel":"","context":"En \u00abObsolescencia\u00bb","block_context":{"text":"Obsolescencia","link":"https:\/\/alpoma.net\/tecob\/?cat=3"},"img":{"alt_text":"","src":"https:\/\/i0.wp.com\/alpoma.net\/tecob\/wp-content\/uploads\/2015\/10\/curtiss_5.jpg?resize=350%2C200&ssl=1","width":350,"height":200,"srcset":"https:\/\/i0.wp.com\/alpoma.net\/tecob\/wp-content\/uploads\/2015\/10\/curtiss_5.jpg?resize=350%2C200&ssl=1 1x, https:\/\/i0.wp.com\/alpoma.net\/tecob\/wp-content\/uploads\/2015\/10\/curtiss_5.jpg?resize=525%2C300&ssl=1 1.5x"},"classes":[]},{"id":8952,"url":"https:\/\/alpoma.net\/tecob\/?p=8952","url_meta":{"origin":10120,"position":1},"title":"Cuando Espa\u00f1a volaba en dirigible","author":"alpoma","date":"4 abril 2014","format":false,"excerpt":"Fragmentos del art\u00edculo sobre Torres Quevedo que publiqu\u00e9 en la revista Historia de Iberia Vieja en su edici\u00f3n del mes de abril de 2014. La edad de oro de los dirigibles A principios del siglo XX no eran los aviones, apenas reci\u00e9n nacidos, los aparatos voladores que parec\u00edan tener un\u2026","rel":"","context":"En \u00abMade in Spain\u00bb","block_context":{"text":"Made in Spain","link":"https:\/\/alpoma.net\/tecob\/?cat=10"},"img":{"alt_text":"","src":"https:\/\/i0.wp.com\/alpoma.net\/tecob\/wp-content\/uploads\/2014\/04\/dtr_1.jpg?resize=350%2C200&ssl=1","width":350,"height":200,"srcset":"https:\/\/i0.wp.com\/alpoma.net\/tecob\/wp-content\/uploads\/2014\/04\/dtr_1.jpg?resize=350%2C200&ssl=1 1x, https:\/\/i0.wp.com\/alpoma.net\/tecob\/wp-content\/uploads\/2014\/04\/dtr_1.jpg?resize=525%2C300&ssl=1 1.5x, https:\/\/i0.wp.com\/alpoma.net\/tecob\/wp-content\/uploads\/2014\/04\/dtr_1.jpg?resize=700%2C400&ssl=1 2x"},"classes":[]},{"id":12824,"url":"https:\/\/alpoma.net\/tecob\/?p=12824","url_meta":{"origin":10120,"position":2},"title":"Jer\u00f3nimo Meg\u00edas, el m\u00e9dico espa\u00f1ol que dio la vuelta al mundo en el Graf Zeppelin","author":"alpoma","date":"2 septiembre 2017","format":false,"excerpt":"Jer\u00f3nimo y Jacinto Meg\u00edas, hermanos canarios, m\u00e9dicos y bacteri\u00f3logos de renombre se convirtieron por m\u00e9ritos propios en dos de las figuras intelectuales m\u00e1s asombrosas de la Espa\u00f1a de la primera mitad del siglo XX. Pero, adem\u00e1s, Jer\u00f3nimo Meg\u00edas tambi\u00e9n sent\u00eda una pasi\u00f3n por la aventura que le llev\u00f3 a ser\u2026","rel":"","context":"En \u00abMade in Spain\u00bb","block_context":{"text":"Made in Spain","link":"https:\/\/alpoma.net\/tecob\/?cat=10"},"img":{"alt_text":"","src":"https:\/\/i0.wp.com\/alpoma.net\/tecob\/wp-content\/uploads\/2017\/09\/jeronimo.jpg?resize=350%2C200&ssl=1","width":350,"height":200,"srcset":"https:\/\/i0.wp.com\/alpoma.net\/tecob\/wp-content\/uploads\/2017\/09\/jeronimo.jpg?resize=350%2C200&ssl=1 1x, https:\/\/i0.wp.com\/alpoma.net\/tecob\/wp-content\/uploads\/2017\/09\/jeronimo.jpg?resize=525%2C300&ssl=1 1.5x, https:\/\/i0.wp.com\/alpoma.net\/tecob\/wp-content\/uploads\/2017\/09\/jeronimo.jpg?resize=700%2C400&ssl=1 2x, https:\/\/i0.wp.com\/alpoma.net\/tecob\/wp-content\/uploads\/2017\/09\/jeronimo.jpg?resize=1050%2C600&ssl=1 3x"},"classes":[]},{"id":8818,"url":"https:\/\/alpoma.net\/tecob\/?p=8818","url_meta":{"origin":10120,"position":3},"title":"El buitre y el dirigible","author":"alpoma","date":"12 febrero 2014","format":false,"excerpt":"En todas las \u00e9pocas, en todos los tiempos, adem\u00e1s de la burocracia hay algo que ni ha cambiado ni parece que vaya a cambiar. Se trata de los bulos. Y es que, noticias falsas aparecen por todas partes y no hay d\u00eda que no salten por ac\u00e1 o por all\u00e1.\u2026","rel":"","context":"En \u00abMade in Spain\u00bb","block_context":{"text":"Made in Spain","link":"https:\/\/alpoma.net\/tecob\/?cat=10"},"img":{"alt_text":"Graf_zeppelin","src":"https:\/\/i0.wp.com\/www.alpoma.net\/tecob\/wp-content\/uploads\/2014\/02\/Graf_zeppelin-300x193.jpg?resize=350%2C200","width":350,"height":200},"classes":[]},{"id":5940,"url":"https:\/\/alpoma.net\/tecob\/?p=5940","url_meta":{"origin":10120,"position":4},"title":"\u00a1Fumen radio!","author":"alpoma","date":"4 enero 2012","format":false,"excerpt":"El noruego Roald Amundsen, que hace poco m\u00e1s de un siglo se convirti\u00f3 en el primer ser humano en llegar al Polo Sur, era un explorador de esos que no se quedan quietos ni en la cama. Despu\u00e9s de diversas expediciones por medio mundo, decidi\u00f3 que su pr\u00f3xima aventura, entre\u2026","rel":"","context":"En \u00abObsolescencia\u00bb","block_context":{"text":"Obsolescencia","link":"https:\/\/alpoma.net\/tecob\/?cat=3"},"img":{"alt_text":"el_buen_tono","src":"https:\/\/i0.wp.com\/farm8.staticflickr.com\/7155\/6630658301_39d6fc694e.jpg?resize=350%2C200","width":350,"height":200},"classes":[]},{"id":3508,"url":"https:\/\/alpoma.net\/tecob\/?p=3508","url_meta":{"origin":10120,"position":5},"title":"La aventura del Zeppelin LZ-104 en \u00c1frica","author":"alpoma","date":"17 septiembre 2010","format":false,"excerpt":"No era gran cosa, no al menos si se comparaba con sus hermanos. El Zeppelin LZ-104, tambi\u00e9n conocido por su numeraci\u00f3n t\u00e1ctica L.59, fue un dirigible militar alem\u00e1n que contaba con una longitud de 226,50 metros y un di\u00e1metro de 23,90 metros. Con un volumen de 68.500 metros c\u00fabicos, era\u2026","rel":"","context":"En \u00abObsolescencia\u00bb","block_context":{"text":"Obsolescencia","link":"https:\/\/alpoma.net\/tecob\/?cat=3"},"img":{"alt_text":"","src":"https:\/\/i0.wp.com\/alpoma.net\/tecob\/wp-content\/uploads\/2010\/09\/4998870191_0f4c9a499b_o.jpg?resize=350%2C200&ssl=1","width":350,"height":200,"srcset":"https:\/\/i0.wp.com\/alpoma.net\/tecob\/wp-content\/uploads\/2010\/09\/4998870191_0f4c9a499b_o.jpg?resize=350%2C200&ssl=1 1x, https:\/\/i0.wp.com\/alpoma.net\/tecob\/wp-content\/uploads\/2010\/09\/4998870191_0f4c9a499b_o.jpg?resize=525%2C300&ssl=1 1.5x"},"classes":[]}],"jetpack_sharing_enabled":true,"_links":{"self":[{"href":"https:\/\/alpoma.net\/tecob\/index.php?rest_route=\/wp\/v2\/posts\/10120","targetHints":{"allow":["GET"]}}],"collection":[{"href":"https:\/\/alpoma.net\/tecob\/index.php?rest_route=\/wp\/v2\/posts"}],"about":[{"href":"https:\/\/alpoma.net\/tecob\/index.php?rest_route=\/wp\/v2\/types\/post"}],"author":[{"embeddable":true,"href":"https:\/\/alpoma.net\/tecob\/index.php?rest_route=\/wp\/v2\/users\/1"}],"replies":[{"embeddable":true,"href":"https:\/\/alpoma.net\/tecob\/index.php?rest_route=%2Fwp%2Fv2%2Fcomments&post=10120"}],"version-history":[{"count":0,"href":"https:\/\/alpoma.net\/tecob\/index.php?rest_route=\/wp\/v2\/posts\/10120\/revisions"}],"wp:featuredmedia":[{"embeddable":true,"href":"https:\/\/alpoma.net\/tecob\/index.php?rest_route=\/wp\/v2\/media\/10128"}],"wp:attachment":[{"href":"https:\/\/alpoma.net\/tecob\/index.php?rest_route=%2Fwp%2Fv2%2Fmedia&parent=10120"}],"wp:term":[{"taxonomy":"category","embeddable":true,"href":"https:\/\/alpoma.net\/tecob\/index.php?rest_route=%2Fwp%2Fv2%2Fcategories&post=10120"},{"taxonomy":"post_tag","embeddable":true,"href":"https:\/\/alpoma.net\/tecob\/index.php?rest_route=%2Fwp%2Fv2%2Ftags&post=10120"}],"curies":[{"name":"wp","href":"https:\/\/api.w.org\/{rel}","templated":true}]}}