{"id":1010,"date":"2008-10-08T19:49:39","date_gmt":"2008-10-08T17:49:39","guid":{"rendered":"http:\/\/www.alpoma.net\/tecob\/?p=1010"},"modified":"2009-12-12T12:25:42","modified_gmt":"2009-12-12T10:25:42","slug":"dukas-el-limite-de-la-perfeccion","status":"publish","type":"post","link":"https:\/\/alpoma.net\/tecob\/?p=1010","title":{"rendered":"Dukas, el l\u00edmite de la perfecci\u00f3n"},"content":{"rendered":"<p>No hay que ser chapucero, pero ser muy perfeccionista, al parecer, tampoco es muy bueno. Al llegar esta ma\u00f1ana a casa, a la hora de comer, me encontr\u00e9 frente a frente con un repetid\u00edsimo episodio de <em>Los Simpson<\/em>, en el que la familia amarilla viaja al parque de atracciones <em>Rascapiquilandia<\/em>. No prest\u00e9 mucha antenci\u00f3n, m\u00e1s pod\u00eda el hambre y el tedio de ver otra vez algo tan manido, pero cierta escena me hizo recordar una pat\u00e9tica historia. En la pantalla, aparecen Rasca y Pica, el rat\u00f3n y el gato, sea quien fuere cada uno, porque no recuerdo a qu\u00e9 p\u00e9rfido bichejo pertenece cada nombre. Los dos violentos dibujos parodian una pel\u00edcula de Disney, en concreto <em>Fantas\u00eda<\/em>, de 1940.<\/p>\n<p>Como m\u00fasica de fondo, al igual que en la pel\u00edcula, suena una magn\u00edfica composici\u00f3n, que la mayor\u00eda de la gente asocia con del mago del cine de animaci\u00f3n pero sin recordar que se trata de <em><strong>El aprendiz de brujo<\/strong><\/em>, obra de <strong><a href=\"http:\/\/www.biografiasyvidas.com\/biografia\/d\/dukas.htm\" class=\"enlaces\">Paul Dukas<\/a><\/strong>.<\/p>\n<p>Esta joya del compositor franc\u00e9s, un <em>scherzo<\/em> sinf\u00f3nico, pura m\u00fasica program\u00e1tica basada en un texto de Goethe, da muestra de la maestr\u00eda que lleg\u00f3 a alcanzar. Pero esta historia tiene un componente triste, pat\u00e9tico como bien escrib\u00ed antes. Paul Dukas falleci\u00f3 en 1935, no tengo claro si se suicid\u00f3, porque las biograf\u00edas son un tanto confusas con respecto a sus momentos finales, pero poco importa. Quien, durante d\u00e9cadas, fue considerado un excelso artesano de la composici\u00f3n, que fue maestro de genios como Messiaen y que, adem\u00e1s, fue impecable escritor y cr\u00edtico musical, <strong>decidi\u00f3 quemar gran parte de su obra, en su mayor\u00eda in\u00e9dita, poco antes de morir<\/strong>. Consideraba Dukas que su producci\u00f3n, salvo las escasas obras que han llegado a nuestros d\u00edas, merec\u00eda desaparecer para siempre porque no era digna, su esp\u00edritu de perfecci\u00f3n nos ha privado de obras que, con seguridad, ser\u00edan consideradas actualmente como grandes composiciones. Como recuerdo de Dukas, el implacable perfeccionista, nada mejor que disfrutar con <em>El aprendiz de brujo<\/em>&#8230;<\/p>\n<p><object width=\"425\" height=\"344\"><param name=\"movie\" value=\"http:\/\/www.youtube.com\/v\/ZbYse0gZZdU&#038;hl=es&#038;fs=1\"><\/param><param name=\"allowFullScreen\" value=\"true\"><\/param><\/object><\/p>\n","protected":false},"excerpt":{"rendered":"<div class=\"mh-excerpt\"><p>No hay que ser chapucero, pero ser muy perfeccionista, al parecer, tampoco es muy bueno. Al llegar esta ma\u00f1ana a casa, a la hora de comer, me encontr\u00e9 frente a <a class=\"mh-excerpt-more\" href=\"https:\/\/alpoma.net\/tecob\/?p=1010\" title=\"Dukas, el l\u00edmite de la perfecci\u00f3n\">[&#8230;]<\/a><\/p>\n<\/div>","protected":false},"author":1,"featured_media":0,"comment_status":"open","ping_status":"open","sticky":false,"template":"","format":"standard","meta":{"jetpack_post_was_ever_published":false,"_jetpack_newsletter_access":"","_jetpack_dont_email_post_to_subs":false,"_jetpack_newsletter_tier_id":0,"_jetpack_memberships_contains_paywalled_content":false,"_jetpack_memberships_contains_paid_content":false,"footnotes":""},"categories":[42,2],"tags":[],"class_list":["post-1010","post","type-post","status-publish","format-standard","hentry","category-musica","category-personal"],"jetpack_featured_media_url":"","jetpack_shortlink":"https:\/\/wp.me\/p93Dc1-gi","jetpack-related-posts":[{"id":3,"url":"https:\/\/alpoma.net\/tecob\/?p=3","url_meta":{"origin":1010,"position":0},"title":"Pet Shop Boys y El Acorazado Potemkin","author":"alpoma","date":"11 septiembre 2005","format":false,"excerpt":"Hasta hoy nunca hab\u00eda tra\u00eddo un asunto musical a TecOb. Natural, porque lo normal es que hable de m\u00e1quinas o teor\u00edas cient\u00edficas. Pero hay momentos especiales, como \u00e9ste. El d\u00eda cinco de este mes, se edit\u00f3 en CD la banda sonora que Pet Shop Boys han realizado sobre el cl\u00e1sico\u2026","rel":"","context":"En \u00abGeneral\u00bb","block_context":{"text":"General","link":"https:\/\/alpoma.net\/tecob\/?cat=1"},"img":{"alt_text":"","src":"https:\/\/i0.wp.com\/alpoma.net\/tecob\/wp-content\/uploads\/2005\/09\/35374734_d63b9a55e0_o.png?resize=350%2C200&ssl=1","width":350,"height":200},"classes":[]},{"id":984,"url":"https:\/\/alpoma.net\/tecob\/?p=984","url_meta":{"origin":1010,"position":1},"title":"Primer","author":"alpoma","date":"31 agosto 2008","format":false,"excerpt":"He de empezar esta colecci\u00f3n de palabras urdidas con mayor o menor acierto avisando que destripar\u00e9 algunos de los elementos m\u00e1s caracter\u00edsticos de esta pel\u00edcula. Primer, \u00e9ste es su t\u00edtulo. Shane Carruth, su director. Poco m\u00e1s se puede decir desde el punto de vista t\u00e9cnico porque, s\u00ed, hay actores y\u2026","rel":"","context":"En \u00abPersonal\u00bb","block_context":{"text":"Personal","link":"https:\/\/alpoma.net\/tecob\/?cat=2"},"img":{"alt_text":"","src":"https:\/\/i0.wp.com\/alpoma.net\/tecob\/wp-content\/uploads\/2008\/08\/2814325495_40922c746e_o.jpg?resize=350%2C200&ssl=1","width":350,"height":200,"srcset":"https:\/\/i0.wp.com\/alpoma.net\/tecob\/wp-content\/uploads\/2008\/08\/2814325495_40922c746e_o.jpg?resize=350%2C200&ssl=1 1x, https:\/\/i0.wp.com\/alpoma.net\/tecob\/wp-content\/uploads\/2008\/08\/2814325495_40922c746e_o.jpg?resize=525%2C300&ssl=1 1.5x"},"classes":[]},{"id":709,"url":"https:\/\/alpoma.net\/tecob\/?p=709","url_meta":{"origin":1010,"position":2},"title":"El sonido de la guillotina","author":"alpoma","date":"19 abril 2007","format":false,"excerpt":"Nunca he escuchado el sonido de una guillotina \"trabajando\" y espero no tener que hacerlo nunca. No obstante, se trata de un recurso muy efectivo en algunos casos, como el que voy a referir brevemente. He de reconocer que, en cuanto a la \u00f3pera, soy bastante mani\u00e1tico. Muy pocas \u00f3peras\u2026","rel":"","context":"En \u00abM\u00fasica\u00bb","block_context":{"text":"M\u00fasica","link":"https:\/\/alpoma.net\/tecob\/?cat=42"},"img":{"alt_text":"","src":"","width":0,"height":0},"classes":[]},{"id":1047,"url":"https:\/\/alpoma.net\/tecob\/?p=1047","url_meta":{"origin":1010,"position":3},"title":"Ultim\u00e1tums","author":"alpoma","date":"14 diciembre 2008","format":false,"excerpt":"Puede que s\u00f3lo sea cosa m\u00eda, pero \u00faltimamente nada me sorprende del cine actual. Quede constancia que esto lo escribe un fan\u00e1tico de la ciencia ficci\u00f3n, un friki en toda regla, para lo bueno y para lo malo, que se entretiene con cualquier cosa que remotamente tenga argumento de ambiente\u2026","rel":"","context":"En \u00abPersonal\u00bb","block_context":{"text":"Personal","link":"https:\/\/alpoma.net\/tecob\/?cat=2"},"img":{"alt_text":"","src":"https:\/\/i0.wp.com\/alpoma.net\/tecob\/wp-content\/uploads\/2008\/12\/3107932054_4e8d01fe8e.jpg?resize=350%2C200&ssl=1","width":350,"height":200},"classes":[]},{"id":12046,"url":"https:\/\/alpoma.net\/tecob\/?p=12046","url_meta":{"origin":1010,"position":4},"title":"Francisco Sanz y los actores mec\u00e1nicos","author":"alpoma","date":"29 abril 2016","format":false,"excerpt":"Versi\u00f3n para TecOb del art\u00edculo que publiqu\u00e9 en Historia de Iberia Vieja, edici\u00f3n de abril de 2016. Sanz es un poderoso ventr\u00edlocuo. Posee una admirable facilidad para cambiar el metal de voz y dar a cada una de sus marionetas una vida f\u00edsica real, aut\u00e9ntica, palpitante, sugestiva, espiritual. Puede afirmarse\u2026","rel":"","context":"En \u00abMade in Spain\u00bb","block_context":{"text":"Made in Spain","link":"https:\/\/alpoma.net\/tecob\/?cat=10"},"img":{"alt_text":"","src":"https:\/\/i0.wp.com\/alpoma.net\/tecob\/wp-content\/uploads\/2016\/04\/San_con_Don_Liborio.jpg?resize=350%2C200&ssl=1","width":350,"height":200,"srcset":"https:\/\/i0.wp.com\/alpoma.net\/tecob\/wp-content\/uploads\/2016\/04\/San_con_Don_Liborio.jpg?resize=350%2C200&ssl=1 1x, https:\/\/i0.wp.com\/alpoma.net\/tecob\/wp-content\/uploads\/2016\/04\/San_con_Don_Liborio.jpg?resize=525%2C300&ssl=1 1.5x"},"classes":[]},{"id":785,"url":"https:\/\/alpoma.net\/tecob\/?p=785","url_meta":{"origin":1010,"position":5},"title":"Los raros","author":"alpoma","date":"29 septiembre 2007","format":false,"excerpt":"Sirva el t\u00edtulo de este peque\u00f1o art\u00edculo como humilde homenaje a la obra de Rub\u00e9n Dar\u00edo del mismo nombre y a un \"derivado\" suyo, cierto programa de Radio Cl\u00e1sica que se emit\u00eda los fines de semana con la intenci\u00f3n de descubrir obras de compositores casi olvidados y, por lo general,\u2026","rel":"","context":"En \u00abM\u00fasica\u00bb","block_context":{"text":"M\u00fasica","link":"https:\/\/alpoma.net\/tecob\/?cat=42"},"img":{"alt_text":"","src":"","width":0,"height":0},"classes":[]}],"jetpack_sharing_enabled":true,"_links":{"self":[{"href":"https:\/\/alpoma.net\/tecob\/index.php?rest_route=\/wp\/v2\/posts\/1010","targetHints":{"allow":["GET"]}}],"collection":[{"href":"https:\/\/alpoma.net\/tecob\/index.php?rest_route=\/wp\/v2\/posts"}],"about":[{"href":"https:\/\/alpoma.net\/tecob\/index.php?rest_route=\/wp\/v2\/types\/post"}],"author":[{"embeddable":true,"href":"https:\/\/alpoma.net\/tecob\/index.php?rest_route=\/wp\/v2\/users\/1"}],"replies":[{"embeddable":true,"href":"https:\/\/alpoma.net\/tecob\/index.php?rest_route=%2Fwp%2Fv2%2Fcomments&post=1010"}],"version-history":[{"count":0,"href":"https:\/\/alpoma.net\/tecob\/index.php?rest_route=\/wp\/v2\/posts\/1010\/revisions"}],"wp:attachment":[{"href":"https:\/\/alpoma.net\/tecob\/index.php?rest_route=%2Fwp%2Fv2%2Fmedia&parent=1010"}],"wp:term":[{"taxonomy":"category","embeddable":true,"href":"https:\/\/alpoma.net\/tecob\/index.php?rest_route=%2Fwp%2Fv2%2Fcategories&post=1010"},{"taxonomy":"post_tag","embeddable":true,"href":"https:\/\/alpoma.net\/tecob\/index.php?rest_route=%2Fwp%2Fv2%2Ftags&post=1010"}],"curies":[{"name":"wp","href":"https:\/\/api.w.org\/{rel}","templated":true}]}}