{"id":1007,"date":"2008-10-04T21:27:37","date_gmt":"2008-10-04T19:27:37","guid":{"rendered":"http:\/\/www.alpoma.net\/tecob\/?p=1007"},"modified":"2008-10-04T21:28:05","modified_gmt":"2008-10-04T19:28:05","slug":"el-pozo-geotermico-de-flammarion","status":"publish","type":"post","link":"https:\/\/alpoma.net\/tecob\/?p=1007","title":{"rendered":"El pozo geot\u00e9rmico de Flammarion"},"content":{"rendered":"<p>Si tuviera que comparar la figura de Flammarion con la de alg\u00fan personaje de nuestra \u00e9poca, para lograr entender el impacto de sus publicaciones y opiniones, no dudar\u00eda en acudir a Carl Sagan. Si hoy d\u00eda, y desde hace varias d\u00e9cadas, a pesar de haber fallecido ya, Sagan sigue siendo considerado el prototipo del cient\u00edfico divulgador de la ciencia, hace cien a\u00f1os vivi\u00f3 alguien a quien podr\u00edamos considerar el equivalente de entonces. Se llamaba <strong><a href=\"http:\/\/es.wikipedia.org\/wiki\/Camille_Flammarion\" class=\"enlaces\">Camille Flammarion<\/a><\/strong> y, durante muchos a\u00f1os fue el m\u00e1s conocido escritor de temas cient\u00edficos, tomado por algunos como el heredero de Julio Verne y, en definitiva, un autor que, a pesar de que <strong>se dej\u00f3 llevar por la fantas\u00eda en muchas ocasiones<\/strong>, sirvi\u00f3 para que mucha gente conociera los avances cient\u00edficos de su \u00e9poca a trav\u00e9s de sus obras de forma muy amena. A Flammarion le encantaba imaginar c\u00f3mo ser\u00edan las tecnolog\u00edas del futuro, por lo que dedic\u00f3 gran n\u00famero de art\u00edculos a pensar en todo tipo de artilugios que, basados en las tendencias de la \u00e9poca, parec\u00edan marcar el camino del progreso. <\/p>\n<p>Veamos un ejemplo de especulaci\u00f3n de lo m\u00e1s atractivo, publicado en la revista <em>Por esos mundos<\/em>, editada en Madrid en noviembre de 1909, donde el astr\u00f3nomo y escritor franc\u00e9s da muestras de una inventiva de altos vuelos, o mejor, de grandes profundidades. Es un art\u00edculo titulado <em>El gran pozo geot\u00e9rmico, una nueva fuente de energ\u00eda<\/em>, donde Flammarion deja libre a su imaginaci\u00f3n para pensar sobre <strong>c\u00f3mo aprovechar el calor interno de la Tierra<\/strong>. Pensaba el franc\u00e9s que, gracias a ese calor, se podr\u00eda alimentar de energ\u00eda a toda la humanidad, en una \u00e9poca en la que las principales fuentes energ\u00e9ticas eran el carb\u00f3n y la hidr\u00e1ulica. Curiosamente, a principios del siglo XX se planteaba un futuro \u00abcercano\u00bb en el que se habr\u00eda agotado el carb\u00f3n, cosa que inquietaba mucho a algunas personas, en un tiempo en que el petr\u00f3leo todav\u00eda no era considerado como algo vital. <\/p>\n<p><img decoding=\"async\" src=\"http:\/\/farm4.static.flickr.com\/3271\/2912982894_cf7c39fb75_o.jpg\" alt=\"img\" class=\"otros\"\/><br \/>\n<sup>M\u00e1quinas perforadoras del pozo geot\u00e9rmico seg\u00fan Flammarion. Fuente: Biblioteca Nacional.<\/sup><\/p>\n<p>La idea descrita por Flammarion era sencilla. Consist\u00eda en abrir un <strong>gigantesco pozo en la corteza de nuestro planeta<\/strong>, una magna obra que alimentar\u00eda de energ\u00eda a todas las industrias del mundo. Hay que pensar en lo que se conoc\u00eda por entonces del interior terrestre, m\u00e1s bien poco, con lo que tal ingenuidad es completamente excusable. Veamos algunos detalles del proyecto. Contaba Flammarion que, por entonces, lo m\u00e1s que se hab\u00eda logrado ahondar en el interior de la corteza terrestre hab\u00eda sido el pozo de Paruschowitz, con unos 2.190 metros de profundidad. Ahora bien, lo que se propon\u00eda el intr\u00e9pido astr\u00f3nomo era algo mucho mayor, a saber, <strong>un agujero con trescientos metros de di\u00e1metro y decenas de kil\u00f3metros de profundidad<\/strong>, revestido con l\u00e1minas de acero y dotado de ascensores. Como lugar ideal para tal monstruosidad se plantean \u00e1reas cercanas al nivel del mar y, calculando la profundidad necesaria, Flammarion acude a lo que hoy d\u00eda se conoce como <em>gradiente geot\u00e9rmico<\/em>, esto es, el aumento de la temperatura con la profundidad. Seg\u00fan sus c\u00e1lculos, aumentando un grado cent\u00edgrado cada treinta metros, sin ser esto uniforme, bastar\u00eda profundizar \u00abpoco\u00bb, s\u00f3lo unas decenas de kil\u00f3metros para obtener la temperatura necesaria para mover m\u00e1quinas capaces de generar energ\u00eda a gran escala. <\/p>\n<p><img decoding=\"async\" src=\"http:\/\/farm4.static.flickr.com\/3080\/2912982376_c331a159ac_o.jpg\" alt=\"img\" class=\"otros\"\/><br \/>\n<sup>El pozo geot\u00e9rmico de Flammarion. Fuente: Biblioteca Nacional.<\/sup><\/p>\n<p>No s\u00f3lo la b\u00fasqueda del \u00abcalor central\u00bb mov\u00eda la imaginaci\u00f3n de Flammarion. Para el escritor y astr\u00f3nomo la construcci\u00f3n de tal agujero monumental permitir\u00eda acceder a <strong>grandes reservas minerales <\/strong>presentes en el interior terrestre, desde oro y plantino a metales desconocidos y fuentes de agua termal. Se quejaba Flammarion de que, habi\u00e9ndose medido la distancias a las estrellas y fotografiado los planetas a trav\u00e9s de telescopios, era muy poco lo que se sab\u00eda del interior terrestre. No puede decirse que hoy d\u00edas estemos igual, actualmente la geolog\u00eda conoce bastante bien el interior de la Tierra, de forma indirecta claro est\u00e1, pero no por ello deja de ser cierto que, habiendo ya posado sondas en el lejano Marte, sea tan poco lo que sabemos del coraz\u00f3n de nuestro mundo y, tambi\u00e9n, de los oc\u00e9anos que lo rodean. A\u00f1ade Flammarion que su idea no es nueva, puesto que hac\u00eda mucho se plante\u00f3 una discusi\u00f3n sobre el mismo tema entre Maupertuis y Voltaire. Es m\u00e1s, viajando hacia el pasado remoto, recuerda que Plutarco ya pens\u00f3 en qu\u00e9 podr\u00eda encontrarse si se realizaba un gran agujero hacia el interior terrestre.<\/p>\n<p>Como apunte final no quiero dejar de mencionar que, hoy d\u00eda, no hemos profundizado todav\u00eda demasiado en la corteza terrestre. Por ejemplo, la mayor perforaci\u00f3n hasta ahora, realizada por el proyecto ruso <em><a href=\"http:\/\/es.wikipedia.org\/wiki\/Pozo_Superprofundo_Kola\" class=\"enlaces\">Pozo Superprofundo de Kola<\/a><\/em>, alcanz\u00f3 en 1989 los <strong>12.262 metros de profundidad<\/strong>.<\/p>\n<p><strong>M\u00e1s informaci\u00f3n<\/strong>:<br \/>\n<em>Por esos mundos<\/em>, Noviembre de 1909. (V\u00e9ase <a href=\"http:\/\/hemerotecadigital.bne.es\/datos1\/numeros\/internet\/Madrid\/Por%20esos%20mundos%20(Madrid)\/1909\/190911\/19091101\/19091101_00000.pdf#page=1\" class=\"enlaces\">edici\u00f3n en PDF<\/a> gracias a la Biblioteca Nacional)<br \/>\n<a href=\"http:\/\/gallica.bnf.fr\/scripts\/catalog.php?Mod=i&#038;Titre=&#038;FondsTout=on&#038;FondsTxt=on&#038;FondsImp=on&#038;FondsPer=on&#038;FondsImg=on&#038;FondsAud=on&#038;FondsMan=on&#038;Auteur=flammarion&#038;Sujet=&#038;RPT=\" class=\"enlaces\">Obras de Flammarion en la Biblioth\u00e8que Nationale de France<\/a><\/p>\n","protected":false},"excerpt":{"rendered":"<div class=\"mh-excerpt\"><p>Si tuviera que comparar la figura de Flammarion con la de alg\u00fan personaje de nuestra \u00e9poca, para lograr entender el impacto de sus publicaciones y opiniones, no dudar\u00eda en acudir <a class=\"mh-excerpt-more\" href=\"https:\/\/alpoma.net\/tecob\/?p=1007\" title=\"El pozo geot\u00e9rmico de Flammarion\">[&#8230;]<\/a><\/p>\n<\/div>","protected":false},"author":1,"featured_media":11069,"comment_status":"open","ping_status":"open","sticky":false,"template":"","format":"standard","meta":{"jetpack_post_was_ever_published":false,"_jetpack_newsletter_access":"","_jetpack_dont_email_post_to_subs":false,"_jetpack_newsletter_tier_id":0,"_jetpack_memberships_contains_paywalled_content":false,"_jetpack_memberships_contains_paid_content":false,"footnotes":""},"categories":[5,3],"tags":[],"class_list":["post-1007","post","type-post","status-publish","format-standard","has-post-thumbnail","hentry","category-geo","category-obsolescencia"],"jetpack_featured_media_url":"https:\/\/alpoma.net\/tecob\/wp-content\/uploads\/2008\/10\/2912982894_cf7c39fb75_o.jpg","jetpack_shortlink":"https:\/\/wp.me\/p93Dc1-gf","jetpack-related-posts":[{"id":1174,"url":"https:\/\/alpoma.net\/tecob\/?p=1174","url_meta":{"origin":1007,"position":0},"title":"Sobre libros encuadernados con piel humana","author":"alpoma","date":"17 julio 2009","format":false,"excerpt":"Un reciente art\u00edculo de Los Angeles Times me ha hecho buscar otro art\u00edculo que le\u00ed hace tiempo sobre un macabro tema en el que, por lo general, se suele mezclar la ficci\u00f3n y lo real. Se trata de los libros encuadernados con piel humana que, a decir de los bibli\u00f3filos\u2026","rel":"","context":"En \u00abObsolescencia\u00bb","block_context":{"text":"Obsolescencia","link":"https:\/\/alpoma.net\/tecob\/?cat=3"},"img":{"alt_text":"","src":"https:\/\/i0.wp.com\/alpoma.net\/tecob\/wp-content\/uploads\/2009\/07\/3729669088_cefa2335bf_m.jpg?resize=350%2C200&ssl=1","width":350,"height":200},"classes":[]},{"id":1115,"url":"https:\/\/alpoma.net\/tecob\/?p=1115","url_meta":{"origin":1007,"position":1},"title":"\u00a1Edison conquista Marte!","author":"alpoma","date":"15 abril 2009","format":false,"excerpt":"Durante gran parte de su vida, sobre todo en los a\u00f1os que hicieron de puente entre los siglos XIX y XX, Thomas Alva Edison se convirti\u00f3 en todo un h\u00e9roe para los estadounidenses y, claro est\u00e1, fue homenajeado de mil y una maneras. Quien fuera gran vendedor de s\u00ed mismo\u2026","rel":"","context":"En \u00abObsolescencia\u00bb","block_context":{"text":"Obsolescencia","link":"https:\/\/alpoma.net\/tecob\/?cat=3"},"img":{"alt_text":"","src":"https:\/\/i0.wp.com\/alpoma.net\/tecob\/wp-content\/uploads\/2009\/04\/3444432773_4687d83ab8_o.jpg?resize=350%2C200&ssl=1","width":350,"height":200,"srcset":"https:\/\/i0.wp.com\/alpoma.net\/tecob\/wp-content\/uploads\/2009\/04\/3444432773_4687d83ab8_o.jpg?resize=350%2C200&ssl=1 1x, https:\/\/i0.wp.com\/alpoma.net\/tecob\/wp-content\/uploads\/2009\/04\/3444432773_4687d83ab8_o.jpg?resize=525%2C300&ssl=1 1.5x"},"classes":[]},{"id":13730,"url":"https:\/\/alpoma.net\/tecob\/?p=13730","url_meta":{"origin":1007,"position":2},"title":"Las aventuras del Coronel Ignotus","author":"alpoma","date":"2 octubre 2018","format":false,"excerpt":"Versi\u00f3n para TecOb del art\u00edculo que publiqu\u00e9 en la revista Historia de Iberia Vieja, edici\u00f3n de septiembre de 2018. La lectura del Coronel Ignotus nos deleita con la amenidad de Echegaray, con la trama y humorismo de Conan Doyle (\u2026) y nos hace admirar descripciones grandiosas, como la primera subida\u2026","rel":"","context":"En \u00abMade in Spain\u00bb","block_context":{"text":"Made in Spain","link":"https:\/\/alpoma.net\/tecob\/?cat=10"},"img":{"alt_text":"","src":"https:\/\/i0.wp.com\/alpoma.net\/tecob\/wp-content\/uploads\/2018\/10\/7.jpg?resize=350%2C200&ssl=1","width":350,"height":200,"srcset":"https:\/\/i0.wp.com\/alpoma.net\/tecob\/wp-content\/uploads\/2018\/10\/7.jpg?resize=350%2C200&ssl=1 1x, https:\/\/i0.wp.com\/alpoma.net\/tecob\/wp-content\/uploads\/2018\/10\/7.jpg?resize=525%2C300&ssl=1 1.5x, https:\/\/i0.wp.com\/alpoma.net\/tecob\/wp-content\/uploads\/2018\/10\/7.jpg?resize=700%2C400&ssl=1 2x, https:\/\/i0.wp.com\/alpoma.net\/tecob\/wp-content\/uploads\/2018\/10\/7.jpg?resize=1050%2C600&ssl=1 3x, https:\/\/i0.wp.com\/alpoma.net\/tecob\/wp-content\/uploads\/2018\/10\/7.jpg?resize=1400%2C800&ssl=1 4x"},"classes":[]},{"id":4740,"url":"https:\/\/alpoma.net\/tecob\/?p=4740","url_meta":{"origin":1007,"position":3},"title":"Jos\u00e9 Comas y Sol\u00e1, un barcelon\u00e9s con estrella","author":"alpoma","date":"4 mayo 2011","format":false,"excerpt":"El presente art\u00edculo corresponde a una versi\u00f3n abreviada del que publiqu\u00e9 en la edici\u00f3n del mes de mayo de 2011 de la revista Historia de Iberia Vieja. He sido mucho tiempo vecino suyo. Y ya es sabido que la frecuencia quita importancia a los hombres como a las cosas. Me\u2026","rel":"","context":"En \u00abMade in Spain\u00bb","block_context":{"text":"Made in Spain","link":"https:\/\/alpoma.net\/tecob\/?cat=10"},"img":{"alt_text":"Comas_Sola","src":"https:\/\/i0.wp.com\/farm6.static.flickr.com\/5103\/5687580930_fc6ee6cb2c_m.jpg?resize=350%2C200","width":350,"height":200},"classes":[]},{"id":120,"url":"https:\/\/alpoma.net\/tecob\/?p=120","url_meta":{"origin":1007,"position":4},"title":"Homenaje a Einstein","author":"alpoma","date":"12 abril 2005","format":false,"excerpt":"Estamos en el a\u00f1o del Quijote, eso seguro que lo sabe casi todo el mundo por estos parajes, pero poca gente sabe que, tambi\u00e9n, es el a\u00f1o de la f\u00edsica porque hace un siglo un chaval con la cabeza muy bien amueblada inici\u00f3 una revoluci\u00f3n en nuestro mundo que todav\u00eda\u2026","rel":"","context":"En \u00abGeneral\u00bb","block_context":{"text":"General","link":"https:\/\/alpoma.net\/tecob\/?cat=1"},"img":{"alt_text":"","src":"https:\/\/i0.wp.com\/alpoma.net\/tecob\/wp-content\/uploads\/2005\/04\/Albert_Einstein.jpg?resize=350%2C200&ssl=1","width":350,"height":200,"srcset":"https:\/\/i0.wp.com\/alpoma.net\/tecob\/wp-content\/uploads\/2005\/04\/Albert_Einstein.jpg?resize=350%2C200&ssl=1 1x, https:\/\/i0.wp.com\/alpoma.net\/tecob\/wp-content\/uploads\/2005\/04\/Albert_Einstein.jpg?resize=525%2C300&ssl=1 1.5x, https:\/\/i0.wp.com\/alpoma.net\/tecob\/wp-content\/uploads\/2005\/04\/Albert_Einstein.jpg?resize=700%2C400&ssl=1 2x, https:\/\/i0.wp.com\/alpoma.net\/tecob\/wp-content\/uploads\/2005\/04\/Albert_Einstein.jpg?resize=1050%2C600&ssl=1 3x, https:\/\/i0.wp.com\/alpoma.net\/tecob\/wp-content\/uploads\/2005\/04\/Albert_Einstein.jpg?resize=1400%2C800&ssl=1 4x"},"classes":[]},{"id":7765,"url":"https:\/\/alpoma.net\/tecob\/?p=7765","url_meta":{"origin":1007,"position":5},"title":"Pomponio Mela y la geograf\u00eda del mundo romano","author":"alpoma","date":"1 febrero 2013","format":false,"excerpt":"Versi\u00f3n reducida del art\u00edculo que publiqu\u00e9 en la revista Historia de Iberia Vieja, n\u00famero 92, edici\u00f3n de febrero de 2013. Admiti\u00f3se, en general, la forma esf\u00e9rica, pero sin comprender su geograf\u00eda. Cre\u00edase habitar la parte superior de esta esfera, quedando desconocida la parte inferior. Uno de los m\u00e1s antiguos y\u2026","rel":"","context":"En \u00abMade in Spain\u00bb","block_context":{"text":"Made in Spain","link":"https:\/\/alpoma.net\/tecob\/?cat=10"},"img":{"alt_text":"","src":"https:\/\/i0.wp.com\/alpoma.net\/tecob\/wp-content\/uploads\/2013\/02\/mapa_pomponio.jpg?resize=350%2C200&ssl=1","width":350,"height":200,"srcset":"https:\/\/i0.wp.com\/alpoma.net\/tecob\/wp-content\/uploads\/2013\/02\/mapa_pomponio.jpg?resize=350%2C200&ssl=1 1x, https:\/\/i0.wp.com\/alpoma.net\/tecob\/wp-content\/uploads\/2013\/02\/mapa_pomponio.jpg?resize=525%2C300&ssl=1 1.5x"},"classes":[]}],"jetpack_sharing_enabled":true,"_links":{"self":[{"href":"https:\/\/alpoma.net\/tecob\/index.php?rest_route=\/wp\/v2\/posts\/1007","targetHints":{"allow":["GET"]}}],"collection":[{"href":"https:\/\/alpoma.net\/tecob\/index.php?rest_route=\/wp\/v2\/posts"}],"about":[{"href":"https:\/\/alpoma.net\/tecob\/index.php?rest_route=\/wp\/v2\/types\/post"}],"author":[{"embeddable":true,"href":"https:\/\/alpoma.net\/tecob\/index.php?rest_route=\/wp\/v2\/users\/1"}],"replies":[{"embeddable":true,"href":"https:\/\/alpoma.net\/tecob\/index.php?rest_route=%2Fwp%2Fv2%2Fcomments&post=1007"}],"version-history":[{"count":0,"href":"https:\/\/alpoma.net\/tecob\/index.php?rest_route=\/wp\/v2\/posts\/1007\/revisions"}],"wp:featuredmedia":[{"embeddable":true,"href":"https:\/\/alpoma.net\/tecob\/index.php?rest_route=\/wp\/v2\/media\/11069"}],"wp:attachment":[{"href":"https:\/\/alpoma.net\/tecob\/index.php?rest_route=%2Fwp%2Fv2%2Fmedia&parent=1007"}],"wp:term":[{"taxonomy":"category","embeddable":true,"href":"https:\/\/alpoma.net\/tecob\/index.php?rest_route=%2Fwp%2Fv2%2Fcategories&post=1007"},{"taxonomy":"post_tag","embeddable":true,"href":"https:\/\/alpoma.net\/tecob\/index.php?rest_route=%2Fwp%2Fv2%2Ftags&post=1007"}],"curies":[{"name":"wp","href":"https:\/\/api.w.org\/{rel}","templated":true}]}}