{"id":10067,"date":"2014-09-05T14:33:21","date_gmt":"2014-09-05T12:33:21","guid":{"rendered":"http:\/\/www.alpoma.net\/tecob\/?p=10067"},"modified":"2014-09-05T14:33:44","modified_gmt":"2014-09-05T12:33:44","slug":"la-maquina-de-buceo-de-klingert-1797","status":"publish","type":"post","link":"https:\/\/alpoma.net\/tecob\/?p=10067","title":{"rendered":"La m\u00e1quina de buceo de Klingert (1797)"},"content":{"rendered":"<p>Repasando la historia de la<strong> tecnolog\u00eda de buceo<\/strong>, sorprende ver c\u00f3mo se sucedieron los proyectos para desarrollar <strong>m\u00e1quinas capaces de ofrecer la capacidad de respiraci\u00f3n bajo el agua<\/strong> con seguridad a lo largo de varios siglos. Se cuentan por decenas los intentos documentados desde el siglo XV. He ah\u00ed, por ejemplo, la exitosa y sorprendente experiencia de<strong> <a href=\"http:\/\/www.alpoma.net\/tecob\/?p=303\">Jer\u00f3nimo de Ayanz<\/a> <\/strong>realizada en 1602 en Valladolid, en aguas del Pisuerga, ante Felipe III.<\/p>\n<p>A finales del siglo XVIII apareci\u00f3 la m\u00e1quina que hoy nos visita. En el <a href=\"http:\/\/hemerotecadigital.bne.es\/issue.vm?id=0003878029&#038;page=30&#038;search=Klingert&#038;lang=es\">cuarto n\u00famero<\/a> del <em>Memorial literario o Biblioteca peri\u00f3dica de ciencias, literatura y artes<\/em>, de 1801, podemos leer la siguiente descripci\u00f3n de <strong>un experimento singular<\/strong>: <em><\/p>\n<blockquote><p>Hace muchos siglos que se trabaja en buscar una m\u00e1quina propia para bajar al fondo de las aguas, y conservar la facultad de respirar en ellas pero ninguna de las que hasta ahora se han inventado ha podido llenar completamente este objeto. (&#8230;) El se\u00f1or Klingert de Breslau ha publicado la descripci\u00f3n de una m\u00e1quina que \u00e9l mismo ha inventado y con la cual se ha logrado penetrar hasta 20 pies de profundidad en el r\u00edo \u00d3der, a la vista de una multitud de gente. Parece que con este aparato la persona pudo caminar y respirar libremente en el fondo del agua, y a\u00fan logr\u00f3 serrar el tronco de un \u00e1rbol que estaba en el fondo del r\u00edo, y atarle varias cuerdas, con las que se le pudo sacar, como igualmente varias cosas de peso. Esta m\u00e1quina debe ser de gran utilidad, sobre todo para socorrer a los infelices que naufragan en los puertos.<\/p><\/blockquote>\n<p><\/em><br \/>\n<img loading=\"lazy\" decoding=\"async\" src=\"http:\/\/www.alpoma.net\/tecob\/wp-content\/uploads\/2014\/09\/Klingert.jpg\" alt=\"Klingert\" width=\"620\" height=\"1142\" class=\"otros\" \/><br \/>\n<em>M\u00e1quina de Klingert. <a href=\"http:\/\/historyofdivingmuseum.blogspot.com.es\/2010\/10\/improbable-diving-machines-le-triton.html\">Fuente<\/a>.<\/em><\/p>\n<p>La cosa no pas\u00f3 de aquella muestra de ingenio, todav\u00eda<strong> quedaban d\u00e9cadas para que se desarrollara la tecnolog\u00eda de buceo de forma pr\u00e1ctica<\/strong>. Sin embargo, <strong>el experimento, llevado a cabo en 1797<\/strong>, llama la atenci\u00f3n tanto por qui\u00e9n lo realiz\u00f3 como por los medios utilizados. La m\u00e1quina estaba compuesta por <strong>un casco met\u00e1lico cil\u00edndrico unido a un forro de cuero con mangas y pantal\u00f3n que se ajustaban al cuerpo de tal forma que se imped\u00eda la entrada de agua<\/strong>. Los brazos y piernas quedaban libres para poder trabajar en inmersi\u00f3n. Ten\u00eda <strong>dos tubos conectados al cilindro<\/strong>, uno para aspiraci\u00f3n de aire limpio bombeado desde el exterior y otro para expulsar aire viciado. Se completaba el conjunto con un dep\u00f3sito intermedio de aire regulado a voluntad por el operador a trav\u00e9s de una v\u00e1lvula. <\/p>\n<p>La persona que ide\u00f3 todo aquello fue un mec\u00e1nico polaco nacido en 1760 llamado <strong><a href=\"http:\/\/de.wikipedia.org\/wiki\/Karl_Heinrich_Klingert\">Karl Heinrich Klingert<\/a><\/strong>. El tipo era de lo m\u00e1s habilidoso, su fama como genio de la mec\u00e1nica cruz\u00f3 fronteras y le garantiz\u00f3 recibir encargos singulares. Adem\u00e1s de su inter\u00e9s por el buceo, dedic\u00f3 esfuerzos y dinero (no ten\u00eda patrocinadores y, por tanto, financiaba sus propios inventos) a conseguir diversos tipos de<strong> pr\u00f3tesis mec\u00e1nicas<\/strong> para ayudar a discapacitados. <\/p>\n","protected":false},"excerpt":{"rendered":"<div class=\"mh-excerpt\"><p>Repasando la historia de la tecnolog\u00eda de buceo, sorprende ver c\u00f3mo se sucedieron los proyectos para desarrollar m\u00e1quinas capaces de ofrecer la capacidad de respiraci\u00f3n bajo el agua con seguridad <a class=\"mh-excerpt-more\" href=\"https:\/\/alpoma.net\/tecob\/?p=10067\" title=\"La m\u00e1quina de buceo de Klingert (1797)\">[&#8230;]<\/a><\/p>\n<\/div>","protected":false},"author":1,"featured_media":10073,"comment_status":"open","ping_status":"open","sticky":false,"template":"","format":"standard","meta":{"jetpack_post_was_ever_published":false,"_jetpack_newsletter_access":"","_jetpack_dont_email_post_to_subs":false,"_jetpack_newsletter_tier_id":0,"_jetpack_memberships_contains_paywalled_content":false,"_jetpack_memberships_contains_paid_content":false,"footnotes":""},"categories":[1],"tags":[],"class_list":["post-10067","post","type-post","status-publish","format-standard","has-post-thumbnail","hentry","category-general"],"jetpack_featured_media_url":"https:\/\/alpoma.net\/tecob\/wp-content\/uploads\/2014\/09\/Klingert.jpg","jetpack_shortlink":"https:\/\/wp.me\/p93Dc1-2Cn","jetpack-related-posts":[{"id":2860,"url":"https:\/\/alpoma.net\/tecob\/?p=2860","url_meta":{"origin":10067,"position":0},"title":"Las naves del lago de Nemi","author":"alpoma","date":"4 junio 2010","format":false,"excerpt":"Muchos potentados, millonarios o gentes pudientes en geneal suelen adquirir car\u00edsimas posesiones con las que intentan gritar a todo el mundo lo afortunados y poderosos que se supone que son. Coches caros, mansiones o, por supuesto, gigantescos y muy lujosos yates. Claro que esta costumbre no viene de ahora y\u2026","rel":"","context":"En \u00abObsolescencia\u00bb","block_context":{"text":"Obsolescencia","link":"https:\/\/alpoma.net\/tecob\/?cat=3"},"img":{"alt_text":"Lago_de_Nemi","src":"https:\/\/i0.wp.com\/farm5.static.flickr.com\/4043\/4669696606_6069cd3d36_m.jpg?resize=350%2C200","width":350,"height":200},"classes":[]},{"id":534,"url":"https:\/\/alpoma.net\/tecob\/?p=534","url_meta":{"origin":10067,"position":1},"title":"Inventores del Siglo de Oro","author":"alpoma","date":"13 julio 2006","format":false,"excerpt":"Hace varios meses visitaron TecOb diversos inventores espa\u00f1oles que desarrollaron su labor en torno al que es conocido como Siglo de Oro espa\u00f1ol. Hoy, siguiendo de nuevo la estela de la magna obra del historiador de la tecnolog\u00eda vallisoletano Nicol\u00e1s Garc\u00eda Tapia, rese\u00f1ar\u00e9 brevemente otros genios olvidados de la t\u00e9cnica\u2026","rel":"","context":"En \u00abMade in Spain\u00bb","block_context":{"text":"Made in Spain","link":"https:\/\/alpoma.net\/tecob\/?cat=10"},"img":{"alt_text":"brujula","src":"https:\/\/i0.wp.com\/static.flickr.com\/70\/188953810_4e0ef41b2a_o.jpg?resize=350%2C200","width":350,"height":200},"classes":[]},{"id":298,"url":"https:\/\/alpoma.net\/tecob\/?p=298","url_meta":{"origin":10067,"position":2},"title":"Turriano y el Hombre de Palo","author":"alpoma","date":"3 enero 2006","format":false,"excerpt":"Tras tanto tiempo invitando en TecOb a inventores y cient\u00edficos for\u00e1neos, ya era hora de regresar a Espa\u00f1a, en este caso al renacimiento, para encontrar a un tipo genial. Juanelo Turriano, nacido en Italia como Giovanni Torriani, all\u00e1 por 1500, castellaniz\u00f3 su nombre para vivir de manera m\u00e1s acorde a\u2026","rel":"","context":"En \u00abMade in Spain\u00bb","block_context":{"text":"Made in Spain","link":"https:\/\/alpoma.net\/tecob\/?cat=10"},"img":{"alt_text":"","src":"https:\/\/i0.wp.com\/alpoma.net\/tecob\/wp-content\/uploads\/2006\/01\/turriano.jpg?resize=350%2C200&ssl=1","width":350,"height":200},"classes":[]},{"id":2633,"url":"https:\/\/alpoma.net\/tecob\/?p=2633","url_meta":{"origin":10067,"position":3},"title":"Psic\u00f3grafo, locura frenol\u00f3gica","author":"alpoma","date":"4 mayo 2010","format":false,"excerpt":"Imagina una m\u00e1quina que, en pocos segundos, sea capaz de averiguar sobre la esencia profunda de una persona, preparada para escrutar y ahondar hasta en lo m\u00e1s oscuro de la personalidad. Piensa en una tecnolog\u00eda que podr\u00eda clasificar sin error posible a todos los humanos seg\u00fan sus capacidades intelectuales, que\u2026","rel":"","context":"En \u00abObsolescencia\u00bb","block_context":{"text":"Obsolescencia","link":"https:\/\/alpoma.net\/tecob\/?cat=3"},"img":{"alt_text":"Frenolog\u00eda","src":"https:\/\/i0.wp.com\/farm5.static.flickr.com\/4001\/4577940317_7d6640d143_m.jpg?resize=350%2C200","width":350,"height":200},"classes":[]},{"id":1135,"url":"https:\/\/alpoma.net\/tecob\/?p=1135","url_meta":{"origin":10067,"position":4},"title":"La m\u00e1quina de Marly","author":"alpoma","date":"24 mayo 2009","format":false,"excerpt":"Ll\u00e1mese capricho, o prodigio de la t\u00e9cnica, lo mismo da porque hay casos en los que ambos adjetivos se pueden aplicar al mismo tiempo. Con la m\u00e1quina de Marly sucede precisamente esto, por una parte no dejaba de ser una obra gigantesca un tanto caprichosa, como todo Versalles pero, c\u00f3mo\u2026","rel":"","context":"En \u00abObsolescencia\u00bb","block_context":{"text":"Obsolescencia","link":"https:\/\/alpoma.net\/tecob\/?cat=3"},"img":{"alt_text":"","src":"https:\/\/i0.wp.com\/alpoma.net\/tecob\/wp-content\/uploads\/2009\/05\/3560993366_8ef1c0c478_o.jpg?resize=350%2C200&ssl=1","width":350,"height":200,"srcset":"https:\/\/i0.wp.com\/alpoma.net\/tecob\/wp-content\/uploads\/2009\/05\/3560993366_8ef1c0c478_o.jpg?resize=350%2C200&ssl=1 1x, https:\/\/i0.wp.com\/alpoma.net\/tecob\/wp-content\/uploads\/2009\/05\/3560993366_8ef1c0c478_o.jpg?resize=525%2C300&ssl=1 1.5x"},"classes":[]},{"id":7576,"url":"https:\/\/alpoma.net\/tecob\/?p=7576","url_meta":{"origin":10067,"position":5},"title":"El ingenio de Zubiaurre","author":"alpoma","date":"1 diciembre 2012","format":false,"excerpt":"Versi\u00f3n reducida para web del art\u00edculo que publiqu\u00e9 en la revista Historia de Iberia Vieja, edici\u00f3n del mes de diciembre de 2012. No hace mucho que visit\u00f3 este mismo espacio uno de los ingenieros m\u00e1s excelsos de toda nuestra historia. Se trataba de Agust\u00edn de Betancourt quien, sin m\u00e1s ayuda\u2026","rel":"","context":"En \u00abMade in Spain\u00bb","block_context":{"text":"Made in Spain","link":"https:\/\/alpoma.net\/tecob\/?cat=10"},"img":{"alt_text":"","src":"https:\/\/i0.wp.com\/alpoma.net\/tecob\/wp-content\/uploads\/2012\/12\/7eae6b1a389f11e28e5d22000a1f979a_7.jpg?resize=350%2C200&ssl=1","width":350,"height":200,"srcset":"https:\/\/i0.wp.com\/alpoma.net\/tecob\/wp-content\/uploads\/2012\/12\/7eae6b1a389f11e28e5d22000a1f979a_7.jpg?resize=350%2C200&ssl=1 1x, https:\/\/i0.wp.com\/alpoma.net\/tecob\/wp-content\/uploads\/2012\/12\/7eae6b1a389f11e28e5d22000a1f979a_7.jpg?resize=525%2C300&ssl=1 1.5x"},"classes":[]}],"jetpack_sharing_enabled":true,"_links":{"self":[{"href":"https:\/\/alpoma.net\/tecob\/index.php?rest_route=\/wp\/v2\/posts\/10067","targetHints":{"allow":["GET"]}}],"collection":[{"href":"https:\/\/alpoma.net\/tecob\/index.php?rest_route=\/wp\/v2\/posts"}],"about":[{"href":"https:\/\/alpoma.net\/tecob\/index.php?rest_route=\/wp\/v2\/types\/post"}],"author":[{"embeddable":true,"href":"https:\/\/alpoma.net\/tecob\/index.php?rest_route=\/wp\/v2\/users\/1"}],"replies":[{"embeddable":true,"href":"https:\/\/alpoma.net\/tecob\/index.php?rest_route=%2Fwp%2Fv2%2Fcomments&post=10067"}],"version-history":[{"count":0,"href":"https:\/\/alpoma.net\/tecob\/index.php?rest_route=\/wp\/v2\/posts\/10067\/revisions"}],"wp:featuredmedia":[{"embeddable":true,"href":"https:\/\/alpoma.net\/tecob\/index.php?rest_route=\/wp\/v2\/media\/10073"}],"wp:attachment":[{"href":"https:\/\/alpoma.net\/tecob\/index.php?rest_route=%2Fwp%2Fv2%2Fmedia&parent=10067"}],"wp:term":[{"taxonomy":"category","embeddable":true,"href":"https:\/\/alpoma.net\/tecob\/index.php?rest_route=%2Fwp%2Fv2%2Fcategories&post=10067"},{"taxonomy":"post_tag","embeddable":true,"href":"https:\/\/alpoma.net\/tecob\/index.php?rest_route=%2Fwp%2Fv2%2Ftags&post=10067"}],"curies":[{"name":"wp","href":"https:\/\/api.w.org\/{rel}","templated":true}]}}