{"id":884,"date":"2009-09-19T19:20:54","date_gmt":"2009-09-19T17:20:54","guid":{"rendered":"http:\/\/alpoma.net\/carto\/?p=884"},"modified":"2009-09-19T19:21:11","modified_gmt":"2009-09-19T17:21:11","slug":"follerme-escudrinando-twitter","status":"publish","type":"post","link":"https:\/\/alpoma.net\/carto\/?p=884","title":{"rendered":"Foller.me, escudri\u00f1ando Twitter"},"content":{"rendered":"<p><img decoding=\"async\" src=\"http:\/\/farm3.static.flickr.com\/2632\/3934790672_1d3138af47_o.png\" alt=\"img\" class=\"dch\"\/>Lo primero que salta a la vista, por lo menos para los mal pensados, es que <strong><a href=\"http:\/\/foller.me\/\" class=\"enlaces\">Foller.me<\/a><\/strong> no parece un nombre afortunado, desde el punto de vista de alguien que hable castellano claro est\u00e1. Olvidemos el nombre, lo que aqu\u00ed tenemos entre manos es otra aplicaci\u00f3n m\u00e1s que surge a la sombra del \u00e9xito de <em>Twitter<\/em>, pero no por ello puede considerarse del mont\u00f3n. Es bastante r\u00e1pida y elegante, aunque supongo que si crece la demanda de su uso seguramente perder\u00e1 agilidad. <strong>\u00bfPara qu\u00e9 sirve?<\/strong> Ni m\u00e1s ni menos que para explorar la mayor cantidad de informaci\u00f3n disponible sobre un usuario de <em>Twitter<\/em> en una sola p\u00e1gina, <strong>incluyendo un mapa de <em>followers<\/em><\/strong> y muchas otras delicias. Por supuesto, se encuentra en <em>Beta<\/em>.<\/p>\n","protected":false},"excerpt":{"rendered":"<div class=\"mh-excerpt\"><p>Lo primero que salta a la vista, por lo menos para los mal pensados, es que Foller.me no parece un nombre afortunado, desde el punto <a class=\"mh-excerpt-more\" href=\"https:\/\/alpoma.net\/carto\/?p=884\" title=\"Foller.me, escudri\u00f1ando Twitter\">[&#8230;]<\/a><\/p>\n<\/div>","protected":false},"author":1,"featured_media":0,"comment_status":"open","ping_status":"open","sticky":false,"template":"","format":"standard","meta":{"jetpack_post_was_ever_published":false,"_jetpack_newsletter_access":"","_jetpack_dont_email_post_to_subs":false,"_jetpack_newsletter_tier_id":0,"_jetpack_memberships_contains_paywalled_content":false,"_jetpack_memberships_contains_paid_content":false,"footnotes":""},"categories":[5],"tags":[],"class_list":["post-884","post","type-post","status-publish","format-standard","hentry","category-en-linea"],"jetpack_featured_media_url":"","jetpack_shortlink":"https:\/\/wp.me\/p93Co9-eg","jetpack-related-posts":[{"id":2859,"url":"https:\/\/alpoma.net\/carto\/?p=2859","url_meta":{"origin":884,"position":0},"title":"De Twitter, idiomas y mapas","author":"alpoma","date":"noviembre 9, 2011","format":false,"excerpt":"El experimento rondaba la cabeza de muchos, pero ha sido Eric Fischer quien lo ha llevado a cabo en primer t\u00e9rmino, al menos que yo recuerde. Veamos, lo que se pretend\u00eda era mostrar en un mapa el estado de Twitter en un momento concreto, discriminando \u00e1reas por uso predominante de\u2026","rel":"","context":"En \u00abExperimentos\u00bb","block_context":{"text":"Experimentos","link":"https:\/\/alpoma.net\/carto\/?cat=10"},"img":{"alt_text":"","src":"https:\/\/i0.wp.com\/alpoma.net\/carto\/wp-content\/uploads\/2011\/11\/6276642489_0b46ed964e_z.jpg?resize=350%2C200&ssl=1","width":350,"height":200,"srcset":"https:\/\/i0.wp.com\/alpoma.net\/carto\/wp-content\/uploads\/2011\/11\/6276642489_0b46ed964e_z.jpg?resize=350%2C200&ssl=1 1x, https:\/\/i0.wp.com\/alpoma.net\/carto\/wp-content\/uploads\/2011\/11\/6276642489_0b46ed964e_z.jpg?resize=525%2C300&ssl=1 1.5x"},"classes":[]},{"id":1922,"url":"https:\/\/alpoma.net\/carto\/?p=1922","url_meta":{"origin":884,"position":1},"title":"Y el libro m\u00e1s grande del mundo es&#8230; \u00a1un atlas!","author":"alpoma","date":"octubre 6, 2010","format":false,"excerpt":"Me parece que queda un poco fuera de mi alcance, porque cada una de las 31 copias que se van a poner a la venta de este librillo costar\u00e1 unos 100.000 d\u00f3lares, vamos, poca cosa. Lo han presentado hoy en la feria internacional del libro de Frankfurt y, no hay\u2026","rel":"","context":"En \u00abMiscel\u00e1nea\u00bb","block_context":{"text":"Miscel\u00e1nea","link":"https:\/\/alpoma.net\/carto\/?cat=1"},"img":{"alt_text":"","src":"https:\/\/i0.wp.com\/alpoma.net\/carto\/wp-content\/uploads\/2010\/10\/5058411102_d9ef1207b4_o.jpg?resize=350%2C200&ssl=1","width":350,"height":200,"srcset":"https:\/\/i0.wp.com\/alpoma.net\/carto\/wp-content\/uploads\/2010\/10\/5058411102_d9ef1207b4_o.jpg?resize=350%2C200&ssl=1 1x, https:\/\/i0.wp.com\/alpoma.net\/carto\/wp-content\/uploads\/2010\/10\/5058411102_d9ef1207b4_o.jpg?resize=525%2C300&ssl=1 1.5x"},"classes":[]},{"id":7435,"url":"https:\/\/alpoma.net\/carto\/?p=7435","url_meta":{"origin":884,"position":2},"title":"Un mapa que localiza m\u00e1s de 300 compa\u00f1\u00edas de tecnolog\u00eda geoespacial","author":"alpoma","date":"agosto 28, 2019","format":false,"excerpt":"El t\u00edtulo lo dice todo, no es ni m\u00e1s ni menos que eso. Y mola un mont\u00f3n. Hace varios d\u00edas Christoph Rieke public\u00f3 en su cuenta de Twitter un proyecto para localizar empresas dedicadas al mundo de la geom\u00e1tica, los sistemas de informaci\u00f3n geogr\u00e1fica y, en general, aquellas dedicadas a\u2026","rel":"","context":"En \u00abEn l\u00ednea\u00bb","block_context":{"text":"En l\u00ednea","link":"https:\/\/alpoma.net\/carto\/?cat=5"},"img":{"alt_text":"","src":"https:\/\/i0.wp.com\/alpoma.net\/carto\/wp-content\/uploads\/2019\/08\/geocpomps-2.png?resize=350%2C200&ssl=1","width":350,"height":200,"srcset":"https:\/\/i0.wp.com\/alpoma.net\/carto\/wp-content\/uploads\/2019\/08\/geocpomps-2.png?resize=350%2C200&ssl=1 1x, https:\/\/i0.wp.com\/alpoma.net\/carto\/wp-content\/uploads\/2019\/08\/geocpomps-2.png?resize=525%2C300&ssl=1 1.5x, https:\/\/i0.wp.com\/alpoma.net\/carto\/wp-content\/uploads\/2019\/08\/geocpomps-2.png?resize=700%2C400&ssl=1 2x"},"classes":[]},{"id":3035,"url":"https:\/\/alpoma.net\/carto\/?p=3035","url_meta":{"origin":884,"position":3},"title":"La obra maestra de David Imus","author":"alpoma","date":"enero 4, 2012","format":false,"excerpt":"Me preguntaban ayer en Twitter por qu\u00e9 hay tanto revuelo con este mapa porque, seg\u00fan comentaba mi interlocutor, no ve\u00eda que fuera diferente o especial. Creo que mirando de cerca una muestra se entender\u00e1 mejor lo que quiero resaltar. Se trata de una porci\u00f3n del imponente mapa de los Estados\u2026","rel":"","context":"En \u00abCartograf\u00eda\u00bb","block_context":{"text":"Cartograf\u00eda","link":"https:\/\/alpoma.net\/carto\/?cat=9"},"img":{"alt_text":"","src":"https:\/\/i0.wp.com\/alpoma.net\/carto\/wp-content\/uploads\/2012\/01\/6636707207_37a34b345a_o.jpg?resize=350%2C200&ssl=1","width":350,"height":200,"srcset":"https:\/\/i0.wp.com\/alpoma.net\/carto\/wp-content\/uploads\/2012\/01\/6636707207_37a34b345a_o.jpg?resize=350%2C200&ssl=1 1x, https:\/\/i0.wp.com\/alpoma.net\/carto\/wp-content\/uploads\/2012\/01\/6636707207_37a34b345a_o.jpg?resize=525%2C300&ssl=1 1.5x"},"classes":[]},{"id":3913,"url":"https:\/\/alpoma.net\/carto\/?p=3913","url_meta":{"origin":884,"position":4},"title":"La Tierra sin oc\u00e9anos (1694)","author":"alpoma","date":"abril 29, 2013","format":false,"excerpt":"Esta curiosa vista de nuestro planeta llega gracias a Ptak Science Books y me ha sorprendido. De acuerdo, mapas en los que se imagine la Tierra sin oc\u00e9anos hay muchos pero, \u00a1estamos hablando de finales del siglo XVII! Muy audaz para la \u00e9poca, se puede ver California como una isla,\u2026","rel":"","context":"En \u00abViejos mapas\u00bb","block_context":{"text":"Viejos mapas","link":"https:\/\/alpoma.net\/carto\/?cat=4"},"img":{"alt_text":"","src":"https:\/\/i0.wp.com\/alpoma.net\/carto\/wp-content\/uploads\/2013\/04\/mapa_burnet.jpg?resize=350%2C200&ssl=1","width":350,"height":200,"srcset":"https:\/\/i0.wp.com\/alpoma.net\/carto\/wp-content\/uploads\/2013\/04\/mapa_burnet.jpg?resize=350%2C200&ssl=1 1x, https:\/\/i0.wp.com\/alpoma.net\/carto\/wp-content\/uploads\/2013\/04\/mapa_burnet.jpg?resize=525%2C300&ssl=1 1.5x"},"classes":[]},{"id":1533,"url":"https:\/\/alpoma.net\/carto\/?p=1533","url_meta":{"origin":884,"position":5},"title":"alpoma.net, Premio Buscando el Norte Digital","author":"alpoma","date":"abril 15, 2010","format":false,"excerpt":"Lo coment\u00e9 anoche con prisas en mi \"ecosistema\" social (Twitter y Facebook mayormente), pero no ha sido hasta ahora que tengo un peque\u00f1o respiro para comentarlo con m\u00e1s calma. Ayer, se celebr\u00f3 la gala de entrega de los Premios Buscando el Norte Digital 2010, organizados por el peri\u00f3dico El Norte\u2026","rel":"","context":"En \u00abMiscel\u00e1nea\u00bb","block_context":{"text":"Miscel\u00e1nea","link":"https:\/\/alpoma.net\/carto\/?cat=1"},"img":{"alt_text":"","src":"https:\/\/i0.wp.com\/alpoma.net\/carto\/wp-content\/uploads\/2010\/04\/4522576939_ca71aa0e99_o.jpg?resize=350%2C200&ssl=1","width":350,"height":200,"srcset":"https:\/\/i0.wp.com\/alpoma.net\/carto\/wp-content\/uploads\/2010\/04\/4522576939_ca71aa0e99_o.jpg?resize=350%2C200&ssl=1 1x, https:\/\/i0.wp.com\/alpoma.net\/carto\/wp-content\/uploads\/2010\/04\/4522576939_ca71aa0e99_o.jpg?resize=525%2C300&ssl=1 1.5x"},"classes":[]}],"jetpack_sharing_enabled":true,"_links":{"self":[{"href":"https:\/\/alpoma.net\/carto\/index.php?rest_route=\/wp\/v2\/posts\/884","targetHints":{"allow":["GET"]}}],"collection":[{"href":"https:\/\/alpoma.net\/carto\/index.php?rest_route=\/wp\/v2\/posts"}],"about":[{"href":"https:\/\/alpoma.net\/carto\/index.php?rest_route=\/wp\/v2\/types\/post"}],"author":[{"embeddable":true,"href":"https:\/\/alpoma.net\/carto\/index.php?rest_route=\/wp\/v2\/users\/1"}],"replies":[{"embeddable":true,"href":"https:\/\/alpoma.net\/carto\/index.php?rest_route=%2Fwp%2Fv2%2Fcomments&post=884"}],"version-history":[{"count":0,"href":"https:\/\/alpoma.net\/carto\/index.php?rest_route=\/wp\/v2\/posts\/884\/revisions"}],"wp:attachment":[{"href":"https:\/\/alpoma.net\/carto\/index.php?rest_route=%2Fwp%2Fv2%2Fmedia&parent=884"}],"wp:term":[{"taxonomy":"category","embeddable":true,"href":"https:\/\/alpoma.net\/carto\/index.php?rest_route=%2Fwp%2Fv2%2Fcategories&post=884"},{"taxonomy":"post_tag","embeddable":true,"href":"https:\/\/alpoma.net\/carto\/index.php?rest_route=%2Fwp%2Fv2%2Ftags&post=884"}],"curies":[{"name":"wp","href":"https:\/\/api.w.org\/{rel}","templated":true}]}}