{"id":87,"date":"2006-01-24T14:32:18","date_gmt":"2006-01-24T12:32:18","guid":{"rendered":"http:\/\/alpoma.net\/carto\/?p=87"},"modified":"2006-01-24T14:32:39","modified_gmt":"2006-01-24T12:32:39","slug":"el-alos-ya-esta-en-orbita","status":"publish","type":"post","link":"https:\/\/alpoma.net\/carto\/?p=87","title":{"rendered":"El ALOS ya est\u00e1 en \u00f3rbita"},"content":{"rendered":"<p><img decoding=\"async\" src=\"wp-content\/alos_logo.gif\" alt=\"ALOS\" class=\"izda\"\/>El sat\u00e9lite japon\u00e9s de observaci\u00f3n terrestre ALOS, ha sido enviado con \u00e9xito al espacio. Se trata de un avanzado sistema de teledetecci\u00f3n, capaz de registrar gran variedad de datos ambientales de la Tierra. Esos datos ambientales y las fotograf\u00edas que realice, ser\u00e1n utilizados por cient\u00edficos europeos y africanos en virtud de los acuerdos logrados entre la Agencia Espacial Europea (ESA) y la Agencia Japonesa de Exploraci\u00f3n Aerospacial (JAXA).<\/p>\n<p>&#8211;> <strong><a href=\"http:\/\/www.esa.int\/esaEO\/SEM0SXMZCIE_planet_0.html\">Japan&#8217;s ALOS in orbit: ESA will deliver its data to European researchers<\/a><\/strong><\/p>\n","protected":false},"excerpt":{"rendered":"<div class=\"mh-excerpt\"><p>El sat\u00e9lite japon\u00e9s de observaci\u00f3n terrestre ALOS, ha sido enviado con \u00e9xito al espacio. Se trata de un avanzado sistema de teledetecci\u00f3n, capaz de registrar <a class=\"mh-excerpt-more\" href=\"https:\/\/alpoma.net\/carto\/?p=87\" title=\"El ALOS ya est\u00e1 en \u00f3rbita\">[&#8230;]<\/a><\/p>\n<\/div>","protected":false},"author":1,"featured_media":0,"comment_status":"open","ping_status":"open","sticky":false,"template":"","format":"standard","meta":{"jetpack_post_was_ever_published":false,"_jetpack_newsletter_access":"","_jetpack_dont_email_post_to_subs":false,"_jetpack_newsletter_tier_id":0,"_jetpack_memberships_contains_paywalled_content":false,"_jetpack_memberships_contains_paid_content":false,"footnotes":""},"categories":[3],"tags":[],"class_list":["post-87","post","type-post","status-publish","format-standard","hentry","category-teledeteccion"],"jetpack_featured_media_url":"","jetpack_shortlink":"https:\/\/wp.me\/p93Co9-1p","jetpack-related-posts":[{"id":114,"url":"https:\/\/alpoma.net\/carto\/?p=114","url_meta":{"origin":87,"position":0},"title":"El ALOS env\u00eda su primera imagen","author":"alpoma","date":"febrero 16, 2006","format":false,"excerpt":"El sat\u00e9lite japon\u00e9s de observaci\u00f3n ALOS ya se encuentra operativo y acaba de enviar a la tierra su primera e impresionante imagen, que ilustra este post. Se trata de una toma del Monte Fuji, de 3776 metros de altitud, la monta\u00f1a m\u00e1s alta de Jap\u00f3n, un volc\u00e1n que entr\u00f3 en\u2026","rel":"","context":"En \u00abTeledetecci\u00f3n\u00bb","block_context":{"text":"Teledetecci\u00f3n","link":"https:\/\/alpoma.net\/carto\/?cat=3"},"img":{"alt_text":"","src":"https:\/\/i0.wp.com\/alpoma.net\/carto\/wp-content\/uploads\/2006\/02\/100483788_df00cd0e9f_o.jpg?resize=350%2C200&ssl=1","width":350,"height":200},"classes":[]},{"id":229,"url":"https:\/\/alpoma.net\/carto\/?p=229","url_meta":{"origin":87,"position":1},"title":"Nuevas herramientas de representaci\u00f3n de datos ambientales","author":"alpoma","date":"julio 19, 2006","format":false,"excerpt":"Juan Freire presenta en su blog una nueva e interesant\u00edsima informaci\u00f3n -como todo lo que en el mismo puede encontrarse- sobre nuevas formas de representar la informaci\u00f3n relacionada con datos de teledetecci\u00f3n ambiental: Nuevas herramientas para la visualizaci\u00f3n y comunicaci\u00f3n de eventos ambientales a gran escala: nubes de insectos en\u2026","rel":"","context":"En \u00abMiscel\u00e1nea\u00bb","block_context":{"text":"Miscel\u00e1nea","link":"https:\/\/alpoma.net\/carto\/?cat=1"},"img":{"alt_text":"","src":"","width":0,"height":0},"classes":[]},{"id":667,"url":"https:\/\/alpoma.net\/carto\/?p=667","url_meta":{"origin":87,"position":2},"title":"Libro: Manual de Observaci\u00f3n de la Tierra","author":"alpoma","date":"octubre 8, 2008","format":false,"excerpt":"A trav\u00e9s de la lista de correo de teledetecci\u00f3n de RedIRIS, llega a mi conocimiento la publicaci\u00f3n en l\u00ednea, completamente accesible, de un libro que resultar\u00e1 de inter\u00e9s para cualquier persona cercana al campo de la percepci\u00f3n remota. Se trata de un volumen, ideado para gestores, pol\u00edticos e investigadores ambientales,\u2026","rel":"","context":"En \u00abTeledetecci\u00f3n\u00bb","block_context":{"text":"Teledetecci\u00f3n","link":"https:\/\/alpoma.net\/carto\/?cat=3"},"img":{"alt_text":"","src":"","width":0,"height":0},"classes":[]},{"id":254,"url":"https:\/\/alpoma.net\/carto\/?p=254","url_meta":{"origin":87,"position":3},"title":"Proyecto Epidemio","author":"alpoma","date":"septiembre 8, 2006","format":false,"excerpt":"La Agencia Espacial Europea, a trav\u00e9s del Proyecto Epidemio, pretende utilizar conjuntamente datos de campo con informaci\u00f3n de sat\u00e9lite para investigar diversos campos en geograf\u00eda m\u00e9dica, como la dispersi\u00f3n geogr\u00e1fica de casos de meningitis y los posibles factores ambientales asociados: Very serious human diseases, such as malaria and meningitis, are\u2026","rel":"","context":"En \u00abGeograf\u00eda\u00bb","block_context":{"text":"Geograf\u00eda","link":"https:\/\/alpoma.net\/carto\/?cat=7"},"img":{"alt_text":"epidemio_logo","src":"https:\/\/i0.wp.com\/static.flickr.com\/96\/237793668_2aeb707c58_t.jpg?resize=350%2C200","width":350,"height":200},"classes":[]},{"id":340,"url":"https:\/\/alpoma.net\/carto\/?p=340","url_meta":{"origin":87,"position":4},"title":"El mapa global m\u00e1s detallado hasta la fecha","author":"alpoma","date":"mayo 11, 2007","format":false,"excerpt":"La Agencia Espacial Europea, ESA, ha presentado, dentro de su iniciativa GlobCover, el m\u00e1s detallado mapa global de la Tierra realizado hasta ahora. Utilizando tomas realizadas con el espectr\u00f3metro de media resoluci\u00f3n MERIS a bordo del Envisat, se han reunido cerca de 40 terabytes de informaci\u00f3n, cre\u00e1ndose una serie de\u2026","rel":"","context":"En \u00abEn l\u00ednea\u00bb","block_context":{"text":"En l\u00ednea","link":"https:\/\/alpoma.net\/carto\/?cat=5"},"img":{"alt_text":"","src":"https:\/\/i0.wp.com\/alpoma.net\/carto\/wp-content\/uploads\/2007\/05\/493689211_394e419d77.jpg?resize=350%2C200&ssl=1","width":350,"height":200},"classes":[]},{"id":228,"url":"https:\/\/alpoma.net\/carto\/?p=228","url_meta":{"origin":87,"position":5},"title":"EFFIS","author":"alpoma","date":"julio 17, 2006","format":false,"excerpt":"A trav\u00e9s del sistema EFFIS, la Uni\u00f3n Europea provee de datos georeferenciados detallados acerca de la protecci\u00f3n de los bosques del continente, as\u00ed como la valoraci\u00f3n del riesgo de incendio en los mismos. Sin duda, un interesante y \u00fatil recurso geogr\u00e1fico para los estudios ambientales y la preservaci\u00f3n de nuestro\u2026","rel":"","context":"En \u00abGeograf\u00eda\u00bb","block_context":{"text":"Geograf\u00eda","link":"https:\/\/alpoma.net\/carto\/?cat=7"},"img":{"alt_text":"","src":"","width":0,"height":0},"classes":[]}],"jetpack_sharing_enabled":true,"_links":{"self":[{"href":"https:\/\/alpoma.net\/carto\/index.php?rest_route=\/wp\/v2\/posts\/87","targetHints":{"allow":["GET"]}}],"collection":[{"href":"https:\/\/alpoma.net\/carto\/index.php?rest_route=\/wp\/v2\/posts"}],"about":[{"href":"https:\/\/alpoma.net\/carto\/index.php?rest_route=\/wp\/v2\/types\/post"}],"author":[{"embeddable":true,"href":"https:\/\/alpoma.net\/carto\/index.php?rest_route=\/wp\/v2\/users\/1"}],"replies":[{"embeddable":true,"href":"https:\/\/alpoma.net\/carto\/index.php?rest_route=%2Fwp%2Fv2%2Fcomments&post=87"}],"version-history":[{"count":0,"href":"https:\/\/alpoma.net\/carto\/index.php?rest_route=\/wp\/v2\/posts\/87\/revisions"}],"wp:attachment":[{"href":"https:\/\/alpoma.net\/carto\/index.php?rest_route=%2Fwp%2Fv2%2Fmedia&parent=87"}],"wp:term":[{"taxonomy":"category","embeddable":true,"href":"https:\/\/alpoma.net\/carto\/index.php?rest_route=%2Fwp%2Fv2%2Fcategories&post=87"},{"taxonomy":"post_tag","embeddable":true,"href":"https:\/\/alpoma.net\/carto\/index.php?rest_route=%2Fwp%2Fv2%2Ftags&post=87"}],"curies":[{"name":"wp","href":"https:\/\/api.w.org\/{rel}","templated":true}]}}