{"id":866,"date":"2009-08-09T16:08:43","date_gmt":"2009-08-09T14:08:43","guid":{"rendered":"http:\/\/alpoma.net\/carto\/?p=866"},"modified":"2009-08-09T16:10:48","modified_gmt":"2009-08-09T14:10:48","slug":"infografia-sobre-el-mapa-mas-antiguo-de-europa-occidental","status":"publish","type":"post","link":"https:\/\/alpoma.net\/carto\/?p=866","title":{"rendered":"Infograf\u00eda sobre el mapa m\u00e1s antiguo de Europa Occidental"},"content":{"rendered":"<p><a href=\"http:\/\/lasombra.blogs.com\/la_sombra_del_asno\/2009\/08\/un-mapa-de-hace-130-siglos.html\"><img decoding=\"async\" src=\"http:\/\/farm3.static.flickr.com\/2529\/3804204934_8853d30ef2_m.jpg\" alt=\"img\" class=\"dch\"\/><\/a>Este asunto que, a pesar de caer en la categor\u00eda de \u00abviejos mapas\u00bb, m\u00e1s bien habr\u00eda que hacerlo encajar en una nueva para \u00e9l solo, pues lo de<em> viejo<\/em> se queda corto, viene dando mucho que hablar en los medios de comunicaci\u00f3n durante la \u00faltima semana. No a\u00f1adir\u00e9 nada nuevo, salvo recomendar la lectura de las rese\u00f1as que sobre el descubrimiento del mapa m\u00e1s antiguo conocido hasta ahora en Europa Occidental han aparecido en el <a href=\"http:\/\/blog-idee.blogspot.com\/2009\/08\/mapa-hecho-en-el-paleolitico-hallado-en.html\" class=\"enlaces\">Blog de la IDEE<\/a> o en <a href=\"http:\/\/www.mcwetboy.net\/maproom\/2009\/08\/engraved_rock_i.php\" class=\"enlaces\">The Map Room<\/a>.<\/p>\n<p>Sin duda, este grabado paleol\u00edtico que parece ser una representaci\u00f3n espacial de alg\u00fan tipo, descubierto en Navarra, posiblemente mostrando \u00e1reas de caza o posiciones de cursos de agua, dar\u00e1 mucho<em> juego<\/em>. Hoy, lo que quiero rese\u00f1ar por encima de todo, es la excelente infograf\u00eda realizada para<em> El Mundo<\/em> por <strong>Adolfo Arranz<\/strong> sobre este \u00abmapa\u00bb de hace 130 siglos:<\/p>\n<p><strong><a href=\"http:\/\/lasombra.blogs.com\/la_sombra_del_asno\/2009\/08\/un-mapa-de-hace-130-siglos.html\" class=\"enlaces\">Adolfo Arranz &#8211; Un mapa de hace 130 siglos<\/a> (Infograf\u00eda)<br \/>\n<a href=\"http:\/\/www.elmundo.es\/elmundo\/2009\/08\/07\/ciencia\/1249660339.html\" class=\"enlaces\">El Mundo &#8211; Rosa M. Trist\u00e1n &#8211; El mapa m\u00e1s antiguo de Europa Occidental<\/a><\/strong><\/p>\n","protected":false},"excerpt":{"rendered":"<div class=\"mh-excerpt\"><p>Este asunto que, a pesar de caer en la categor\u00eda de \u00abviejos mapas\u00bb, m\u00e1s bien habr\u00eda que hacerlo encajar en una nueva para \u00e9l solo, <a class=\"mh-excerpt-more\" href=\"https:\/\/alpoma.net\/carto\/?p=866\" title=\"Infograf\u00eda sobre el mapa m\u00e1s antiguo de Europa Occidental\">[&#8230;]<\/a><\/p>\n<\/div>","protected":false},"author":1,"featured_media":0,"comment_status":"open","ping_status":"open","sticky":false,"template":"","format":"standard","meta":{"jetpack_post_was_ever_published":false,"_jetpack_newsletter_access":"","_jetpack_dont_email_post_to_subs":false,"_jetpack_newsletter_tier_id":0,"_jetpack_memberships_contains_paywalled_content":false,"_jetpack_memberships_contains_paid_content":false,"footnotes":""},"categories":[4],"tags":[],"class_list":["post-866","post","type-post","status-publish","format-standard","hentry","category-viejos-mapas"],"jetpack_featured_media_url":"","jetpack_shortlink":"https:\/\/wp.me\/p93Co9-dY","jetpack-related-posts":[{"id":2847,"url":"https:\/\/alpoma.net\/carto\/?p=2847","url_meta":{"origin":866,"position":0},"title":"\u00bfEl mapa m\u00e1s antiguo del mundo?","author":"alpoma","date":"noviembre 7, 2011","format":false,"excerpt":"Lo escribo con interrogaci\u00f3n porque en realidad no es el m\u00e1s antiguo, o s\u00ed, depende de c\u00f3mo se mire. Hay mapas mucho m\u00e1s antiguos, representaciones de la b\u00f3veda celeste como la presente en la cueva de Abauntz, en Navarra, que podr\u00eda datar de hace m\u00e1s de 13.000, o la c\u00e9lebre\u2026","rel":"","context":"En \u00abViejos mapas\u00bb","block_context":{"text":"Viejos mapas","link":"https:\/\/alpoma.net\/carto\/?cat=4"},"img":{"alt_text":"mapa_babilonia","src":"https:\/\/i0.wp.com\/farm7.static.flickr.com\/6103\/6322476135_3300520e4c_m.jpg?resize=350%2C200","width":350,"height":200},"classes":[]},{"id":36,"url":"https:\/\/alpoma.net\/carto\/?p=36","url_meta":{"origin":866,"position":1},"title":"El mapa m\u00e1s antiguo de Occidente","author":"alpoma","date":"noviembre 18, 2005","format":false,"excerpt":"El conocido como \"mapa de Soleto\", es una pieza de terracota localizada hace poco en el sur de Italia y datado hacia el 500 antes de Cristo, lo que podr\u00eda probar que ya se realizaban mapas de cierta complejidad antes de que los romanos los utilizaran. Eso s\u00ed, los chinos\u2026","rel":"","context":"En \u00abViejos mapas\u00bb","block_context":{"text":"Viejos mapas","link":"https:\/\/alpoma.net\/carto\/?cat=4"},"img":{"alt_text":"","src":"","width":0,"height":0},"classes":[]},{"id":7599,"url":"https:\/\/alpoma.net\/carto\/?p=7599","url_meta":{"origin":866,"position":2},"title":"Los asombrosos mapas de Emma Willard","author":"alpoma","date":"enero 23, 2020","format":false,"excerpt":"Susan Schulten ha publicado recientemente un ensayo acerca de las fascinantes infograf\u00edas y mapas realizados a mano por Emma Willard. Ese texto me ha servido de excusa para mencionar en La Cartoteca estas maravillas creadas hace m\u00e1s de un siglo y medio. Emma Hart Willard, estadounidense nacida en 1787 y\u2026","rel":"","context":"En \u00abViejos mapas\u00bb","block_context":{"text":"Viejos mapas","link":"https:\/\/alpoma.net\/carto\/?cat=4"},"img":{"alt_text":"","src":"https:\/\/i0.wp.com\/alpoma.net\/carto\/wp-content\/uploads\/2020\/01\/6700000.jpg?resize=350%2C200&ssl=1","width":350,"height":200,"srcset":"https:\/\/i0.wp.com\/alpoma.net\/carto\/wp-content\/uploads\/2020\/01\/6700000.jpg?resize=350%2C200&ssl=1 1x, https:\/\/i0.wp.com\/alpoma.net\/carto\/wp-content\/uploads\/2020\/01\/6700000.jpg?resize=525%2C300&ssl=1 1.5x, https:\/\/i0.wp.com\/alpoma.net\/carto\/wp-content\/uploads\/2020\/01\/6700000.jpg?resize=700%2C400&ssl=1 2x, https:\/\/i0.wp.com\/alpoma.net\/carto\/wp-content\/uploads\/2020\/01\/6700000.jpg?resize=1050%2C600&ssl=1 3x, https:\/\/i0.wp.com\/alpoma.net\/carto\/wp-content\/uploads\/2020\/01\/6700000.jpg?resize=1400%2C800&ssl=1 4x"},"classes":[]},{"id":7580,"url":"https:\/\/alpoma.net\/carto\/?p=7580","url_meta":{"origin":866,"position":3},"title":"Colecci\u00f3n de Cartograf\u00eda Antigua GM","author":"alpoma","date":"diciembre 12, 2019","format":false,"excerpt":"Recientemente un conocido me escribi\u00f3 para comentarme que acababa de poner a la venta un calendario del a\u00f1o 2020 basado en su magn\u00edfica colecci\u00f3n de mapas (el calendario mola un mont\u00f3n, se puede encontrar aqu\u00ed,\u00a0o bien descargar una muestra en baja resoluci\u00f3n). El caso es que el mensaje me sirve\u2026","rel":"","context":"En \u00abViejos mapas\u00bb","block_context":{"text":"Viejos mapas","link":"https:\/\/alpoma.net\/carto\/?cat=4"},"img":{"alt_text":"","src":"https:\/\/i0.wp.com\/alpoma.net\/carto\/wp-content\/uploads\/2019\/12\/colecc-mps-iber.png?resize=350%2C200&ssl=1","width":350,"height":200,"srcset":"https:\/\/i0.wp.com\/alpoma.net\/carto\/wp-content\/uploads\/2019\/12\/colecc-mps-iber.png?resize=350%2C200&ssl=1 1x, https:\/\/i0.wp.com\/alpoma.net\/carto\/wp-content\/uploads\/2019\/12\/colecc-mps-iber.png?resize=525%2C300&ssl=1 1.5x, https:\/\/i0.wp.com\/alpoma.net\/carto\/wp-content\/uploads\/2019\/12\/colecc-mps-iber.png?resize=700%2C400&ssl=1 2x"},"classes":[]},{"id":3913,"url":"https:\/\/alpoma.net\/carto\/?p=3913","url_meta":{"origin":866,"position":4},"title":"La Tierra sin oc\u00e9anos (1694)","author":"alpoma","date":"abril 29, 2013","format":false,"excerpt":"Esta curiosa vista de nuestro planeta llega gracias a Ptak Science Books y me ha sorprendido. De acuerdo, mapas en los que se imagine la Tierra sin oc\u00e9anos hay muchos pero, \u00a1estamos hablando de finales del siglo XVII! Muy audaz para la \u00e9poca, se puede ver California como una isla,\u2026","rel":"","context":"En \u00abViejos mapas\u00bb","block_context":{"text":"Viejos mapas","link":"https:\/\/alpoma.net\/carto\/?cat=4"},"img":{"alt_text":"","src":"https:\/\/i0.wp.com\/alpoma.net\/carto\/wp-content\/uploads\/2013\/04\/mapa_burnet.jpg?resize=350%2C200&ssl=1","width":350,"height":200,"srcset":"https:\/\/i0.wp.com\/alpoma.net\/carto\/wp-content\/uploads\/2013\/04\/mapa_burnet.jpg?resize=350%2C200&ssl=1 1x, https:\/\/i0.wp.com\/alpoma.net\/carto\/wp-content\/uploads\/2013\/04\/mapa_burnet.jpg?resize=525%2C300&ssl=1 1.5x"},"classes":[]},{"id":6195,"url":"https:\/\/alpoma.net\/carto\/?p=6195","url_meta":{"origin":866,"position":5},"title":"Las m\u00e1s antiguas representaciones cartogr\u00e1ficas de las corrientes marinas","author":"alpoma","date":"julio 30, 2015","format":false,"excerpt":"Los mapas que representan las corrientes oce\u00e1nicas superficiales son comunes hoy d\u00eda, cuando contamos con mapas que van desde lo sencillo a lo m\u00e1s abigarrado. Pero no hace tanto tiempo, tanto la propia concepci\u00f3n de lo que son las corrientes marinas como su representaci\u00f3n m\u00e1s o menos certera, constitu\u00edan grandes\u2026","rel":"","context":"En \u00abViejos mapas\u00bb","block_context":{"text":"Viejos mapas","link":"https:\/\/alpoma.net\/carto\/?cat=4"},"img":{"alt_text":"","src":"https:\/\/i0.wp.com\/alpoma.net\/carto\/wp-content\/uploads\/2015\/07\/corrientes_marinas_1685.jpg?resize=350%2C200&ssl=1","width":350,"height":200,"srcset":"https:\/\/i0.wp.com\/alpoma.net\/carto\/wp-content\/uploads\/2015\/07\/corrientes_marinas_1685.jpg?resize=350%2C200&ssl=1 1x, https:\/\/i0.wp.com\/alpoma.net\/carto\/wp-content\/uploads\/2015\/07\/corrientes_marinas_1685.jpg?resize=525%2C300&ssl=1 1.5x, https:\/\/i0.wp.com\/alpoma.net\/carto\/wp-content\/uploads\/2015\/07\/corrientes_marinas_1685.jpg?resize=700%2C400&ssl=1 2x, https:\/\/i0.wp.com\/alpoma.net\/carto\/wp-content\/uploads\/2015\/07\/corrientes_marinas_1685.jpg?resize=1050%2C600&ssl=1 3x, https:\/\/i0.wp.com\/alpoma.net\/carto\/wp-content\/uploads\/2015\/07\/corrientes_marinas_1685.jpg?resize=1400%2C800&ssl=1 4x"},"classes":[]}],"jetpack_sharing_enabled":true,"_links":{"self":[{"href":"https:\/\/alpoma.net\/carto\/index.php?rest_route=\/wp\/v2\/posts\/866","targetHints":{"allow":["GET"]}}],"collection":[{"href":"https:\/\/alpoma.net\/carto\/index.php?rest_route=\/wp\/v2\/posts"}],"about":[{"href":"https:\/\/alpoma.net\/carto\/index.php?rest_route=\/wp\/v2\/types\/post"}],"author":[{"embeddable":true,"href":"https:\/\/alpoma.net\/carto\/index.php?rest_route=\/wp\/v2\/users\/1"}],"replies":[{"embeddable":true,"href":"https:\/\/alpoma.net\/carto\/index.php?rest_route=%2Fwp%2Fv2%2Fcomments&post=866"}],"version-history":[{"count":0,"href":"https:\/\/alpoma.net\/carto\/index.php?rest_route=\/wp\/v2\/posts\/866\/revisions"}],"wp:attachment":[{"href":"https:\/\/alpoma.net\/carto\/index.php?rest_route=%2Fwp%2Fv2%2Fmedia&parent=866"}],"wp:term":[{"taxonomy":"category","embeddable":true,"href":"https:\/\/alpoma.net\/carto\/index.php?rest_route=%2Fwp%2Fv2%2Fcategories&post=866"},{"taxonomy":"post_tag","embeddable":true,"href":"https:\/\/alpoma.net\/carto\/index.php?rest_route=%2Fwp%2Fv2%2Ftags&post=866"}],"curies":[{"name":"wp","href":"https:\/\/api.w.org\/{rel}","templated":true}]}}