{"id":865,"date":"2009-08-07T14:28:44","date_gmt":"2009-08-07T12:28:44","guid":{"rendered":"http:\/\/alpoma.net\/carto\/?p=865"},"modified":"2009-08-07T14:30:09","modified_gmt":"2009-08-07T12:30:09","slug":"primera-imagen-del-deimos-1","status":"publish","type":"post","link":"https:\/\/alpoma.net\/carto\/?p=865","title":{"rendered":"Primera imagen del Deimos-1"},"content":{"rendered":"<p>Acaba de llegarme, gracias Artur Gil y la lista de correo de Teledetecci\u00f3n de RedIRIS un aviso de Jos\u00e9-Luis Casanova, del <strong><a href=\"http:\/\/www.latuv.uva.es\/\" class=\"enlaces\">LATUV<\/a><\/strong>,  que viene a demostrar las capacidades del nov\u00edsimo sat\u00e9lite espa\u00f1ol <strong>Deimos-1<\/strong>. Siempre es agradable hacerse eco de noticias as\u00ed:<\/p>\n<blockquote><p>Ya se ha probado el correcto funcionamiento de todos sus sistemas embarcados y la transmisi\u00f3n de datos de telemetr\u00eda, telecomando y recepci\u00f3n de imagen desde la estaci\u00f3n de control de Boecillo (Valladolid). Durante las pr\u00f3ximas semanas se ir\u00e1n poniendo a punto diversos procesos de ajuste en el sistema, pero esta imagen indica ya la calidad que se obtendr\u00e1 con Deimos-1. Como se  puede apreciar en la imagen adjunta la superficie cubierta es aproximadamente la mitad de Espa\u00f1a, unos 250.000 km2, una peque\u00f1a fracci\u00f3n de la capacidad m\u00e1xima diaria del sistema. La imagen presentada no es representativa de una imagen operacional real de Deimos-1, puesto que todav\u00eda han de concluir los procesos de calibrado y ajuste del sensor y otros subsistemas a bordo.<\/p>\n<p><strong><a href=\"http:\/\/www.deimos-imaging.com\/imagenes-deimos-1\" class=\"enlaces\">Galer\u00eda de im\u00e1genes del Deimos-1<\/a><\/strong><\/p>\n<p>(&#8230;) En los pr\u00f3ximos d\u00edas Deimos Imaging ir\u00e1 poniendo a disposici\u00f3n diversos productos elaborados basados en esta imagen, como pueden ser mapas de \u00edndices de vegetaci\u00f3n sobre \u00e1reas de especial inter\u00e9s como denominaciones de origen, espacios naturales protegidos o bosques.<\/p>\n<p><a href=\"http:\/\/farm3.static.flickr.com\/2468\/3798121222_0d1bbf0285_o.jpg\"><strong>| Ampliar imagen |<\/strong><\/a><br \/>\n<img decoding=\"async\" src=\"http:\/\/farm3.static.flickr.com\/2468\/3798121222_3ef42d5b3e.jpg\" alt=\"img\" class=\"otros\"\/>\n<\/p><\/blockquote>\n","protected":false},"excerpt":{"rendered":"<div class=\"mh-excerpt\"><p>Acaba de llegarme, gracias Artur Gil y la lista de correo de Teledetecci\u00f3n de RedIRIS un aviso de Jos\u00e9-Luis Casanova, del LATUV, que viene a <a class=\"mh-excerpt-more\" href=\"https:\/\/alpoma.net\/carto\/?p=865\" title=\"Primera imagen del Deimos-1\">[&#8230;]<\/a><\/p>\n<\/div>","protected":false},"author":1,"featured_media":4865,"comment_status":"open","ping_status":"open","sticky":false,"template":"","format":"standard","meta":{"jetpack_post_was_ever_published":false,"_jetpack_newsletter_access":"","_jetpack_dont_email_post_to_subs":false,"_jetpack_newsletter_tier_id":0,"_jetpack_memberships_contains_paywalled_content":false,"_jetpack_memberships_contains_paid_content":false,"footnotes":""},"categories":[3],"tags":[],"class_list":["post-865","post","type-post","status-publish","format-standard","has-post-thumbnail","hentry","category-teledeteccion"],"jetpack_featured_media_url":"https:\/\/alpoma.net\/carto\/wp-content\/uploads\/2009\/08\/3798121222_3ef42d5b3e.jpg","jetpack_shortlink":"https:\/\/wp.me\/p93Co9-dX","jetpack-related-posts":[{"id":855,"url":"https:\/\/alpoma.net\/carto\/?p=855","url_meta":{"origin":865,"position":0},"title":"Notas de actualidad #3 &#8211; Deimos-1,  Krakatau","author":"alpoma","date":"julio 17, 2009","format":false,"excerpt":"El sat\u00e9lite espa\u00f1ol 'Deimos-1', listo para ir al espacio (El Pa\u00eds): El Deimos-1 es un peque\u00f1o sat\u00e9lite de observaci\u00f3n de la Tierra, de unos 90 kilos y con seis c\u00e1maras a bordo para fotografiar el territorio de cualquier parte del mundo. Se considera pionero porque es un desarrollo de una\u2026","rel":"","context":"En \u00abTeledetecci\u00f3n\u00bb","block_context":{"text":"Teledetecci\u00f3n","link":"https:\/\/alpoma.net\/carto\/?cat=3"},"img":{"alt_text":"","src":"","width":0,"height":0},"classes":[]},{"id":754,"url":"https:\/\/alpoma.net\/carto\/?p=754","url_meta":{"origin":865,"position":1},"title":"Las Islas Gal\u00e1pagos desde el Envisat","author":"alpoma","date":"febrero 1, 2009","format":false,"excerpt":"Esta imagen de la Agencia Espacial Europea (ESA) nos muestra las ecuatorianas Islas Gal\u00e1pagos, en el Oc\u00e9ano Pac\u00edfico. Se observa aqu\u00ed la mayor isla del archipi\u00e9lago, Isabela, donde se muestran cinco volcanes, de norte a sur: Lobo, Darwin, Alcedo, Sierra Negra y Cerro Azul. La toma pertenece a varios registros\u2026","rel":"","context":"En \u00abGeograf\u00eda\u00bb","block_context":{"text":"Geograf\u00eda","link":"https:\/\/alpoma.net\/carto\/?cat=7"},"img":{"alt_text":"","src":"https:\/\/i0.wp.com\/alpoma.net\/carto\/wp-content\/uploads\/2009\/02\/3244581741_b4468d3696_o.jpg?resize=350%2C200&ssl=1","width":350,"height":200,"srcset":"https:\/\/i0.wp.com\/alpoma.net\/carto\/wp-content\/uploads\/2009\/02\/3244581741_b4468d3696_o.jpg?resize=350%2C200&ssl=1 1x, https:\/\/i0.wp.com\/alpoma.net\/carto\/wp-content\/uploads\/2009\/02\/3244581741_b4468d3696_o.jpg?resize=525%2C300&ssl=1 1.5x"},"classes":[]},{"id":4202,"url":"https:\/\/alpoma.net\/carto\/?p=4202","url_meta":{"origin":865,"position":2},"title":"Noche norcoreana","author":"alpoma","date":"febrero 24, 2014","format":false,"excerpt":"En 2006 ya mencion\u00e9 este asunto en La Cartoteca, pero una nueva imagen, con mayor calidad, vuelve a traerlo de actualidad. En realidad no hay mucho que decir, es una de esas im\u00e1genes que hablan por s\u00ed solas. He aqu\u00ed una toma nocturna desde la ISS, realizada el 30 de\u2026","rel":"","context":"En \u00abTeledetecci\u00f3n\u00bb","block_context":{"text":"Teledetecci\u00f3n","link":"https:\/\/alpoma.net\/carto\/?cat=3"},"img":{"alt_text":"","src":"https:\/\/i0.wp.com\/alpoma.net\/carto\/wp-content\/uploads\/2014\/02\/ISScorea1.jpg?resize=350%2C200&ssl=1","width":350,"height":200,"srcset":"https:\/\/i0.wp.com\/alpoma.net\/carto\/wp-content\/uploads\/2014\/02\/ISScorea1.jpg?resize=350%2C200&ssl=1 1x, https:\/\/i0.wp.com\/alpoma.net\/carto\/wp-content\/uploads\/2014\/02\/ISScorea1.jpg?resize=525%2C300&ssl=1 1.5x, https:\/\/i0.wp.com\/alpoma.net\/carto\/wp-content\/uploads\/2014\/02\/ISScorea1.jpg?resize=700%2C400&ssl=1 2x"},"classes":[]},{"id":114,"url":"https:\/\/alpoma.net\/carto\/?p=114","url_meta":{"origin":865,"position":3},"title":"El ALOS env\u00eda su primera imagen","author":"alpoma","date":"febrero 16, 2006","format":false,"excerpt":"El sat\u00e9lite japon\u00e9s de observaci\u00f3n ALOS ya se encuentra operativo y acaba de enviar a la tierra su primera e impresionante imagen, que ilustra este post. Se trata de una toma del Monte Fuji, de 3776 metros de altitud, la monta\u00f1a m\u00e1s alta de Jap\u00f3n, un volc\u00e1n que entr\u00f3 en\u2026","rel":"","context":"En \u00abTeledetecci\u00f3n\u00bb","block_context":{"text":"Teledetecci\u00f3n","link":"https:\/\/alpoma.net\/carto\/?cat=3"},"img":{"alt_text":"","src":"https:\/\/i0.wp.com\/alpoma.net\/carto\/wp-content\/uploads\/2006\/02\/100483788_df00cd0e9f_o.jpg?resize=350%2C200&ssl=1","width":350,"height":200},"classes":[]},{"id":1576,"url":"https:\/\/alpoma.net\/carto\/?p=1576","url_meta":{"origin":865,"position":4},"title":"Gu\u00eda Did\u00e1ctica de Teledetecci\u00f3n y Medio Ambiente","author":"alpoma","date":"abril 26, 2010","format":false,"excerpt":"La Asociaci\u00f3n Espa\u00f1ola de Teledetecci\u00f3n dispone para su descarga de un documento de sumo inter\u00e9s. Se trata de un archivo de 67 p\u00e1ginas, en el que han actuado como editories Javier Mart\u00ednez Vega y M. Pilar Mart\u00edn Isabel y cuya descarga, lectura y disfrute recomiendo vivamente: Esta gu\u00eda did\u00e1ctica de\u2026","rel":"","context":"En \u00abEn l\u00ednea\u00bb","block_context":{"text":"En l\u00ednea","link":"https:\/\/alpoma.net\/carto\/?cat=5"},"img":{"alt_text":"Portada","src":"https:\/\/i0.wp.com\/farm5.static.flickr.com\/4010\/4554203941_5c5b273edb_o.jpg?resize=350%2C200","width":350,"height":200},"classes":[]},{"id":21,"url":"https:\/\/alpoma.net\/carto\/?p=21","url_meta":{"origin":865,"position":5},"title":"Teledetecci\u00f3n de la ESA","author":"alpoma","date":"noviembre 4, 2005","format":false,"excerpt":"La Agencia Espacial Europea, ofrece una serie de fotograf\u00edas de teledetecci\u00f3n que se actualizan semanalmente y resultan muy interesantes, acompa\u00f1adas de explicaciones y la posibilidad de descargar una versi\u00f3n fotogr\u00e1fica de gran tama\u00f1o. Esta semana ofrece una espectacular imagen de la costa bengal\u00ed en la India: --> Earth from Space:\u2026","rel":"","context":"En \u00abEn l\u00ednea\u00bb","block_context":{"text":"En l\u00ednea","link":"https:\/\/alpoma.net\/carto\/?cat=5"},"img":{"alt_text":"","src":"","width":0,"height":0},"classes":[]}],"jetpack_sharing_enabled":true,"_links":{"self":[{"href":"https:\/\/alpoma.net\/carto\/index.php?rest_route=\/wp\/v2\/posts\/865","targetHints":{"allow":["GET"]}}],"collection":[{"href":"https:\/\/alpoma.net\/carto\/index.php?rest_route=\/wp\/v2\/posts"}],"about":[{"href":"https:\/\/alpoma.net\/carto\/index.php?rest_route=\/wp\/v2\/types\/post"}],"author":[{"embeddable":true,"href":"https:\/\/alpoma.net\/carto\/index.php?rest_route=\/wp\/v2\/users\/1"}],"replies":[{"embeddable":true,"href":"https:\/\/alpoma.net\/carto\/index.php?rest_route=%2Fwp%2Fv2%2Fcomments&post=865"}],"version-history":[{"count":0,"href":"https:\/\/alpoma.net\/carto\/index.php?rest_route=\/wp\/v2\/posts\/865\/revisions"}],"wp:featuredmedia":[{"embeddable":true,"href":"https:\/\/alpoma.net\/carto\/index.php?rest_route=\/wp\/v2\/media\/4865"}],"wp:attachment":[{"href":"https:\/\/alpoma.net\/carto\/index.php?rest_route=%2Fwp%2Fv2%2Fmedia&parent=865"}],"wp:term":[{"taxonomy":"category","embeddable":true,"href":"https:\/\/alpoma.net\/carto\/index.php?rest_route=%2Fwp%2Fv2%2Fcategories&post=865"},{"taxonomy":"post_tag","embeddable":true,"href":"https:\/\/alpoma.net\/carto\/index.php?rest_route=%2Fwp%2Fv2%2Ftags&post=865"}],"curies":[{"name":"wp","href":"https:\/\/api.w.org\/{rel}","templated":true}]}}