{"id":860,"date":"2009-07-26T00:04:59","date_gmt":"2009-07-25T22:04:59","guid":{"rendered":"http:\/\/alpoma.net\/carto\/?p=860"},"modified":"2009-07-26T00:05:32","modified_gmt":"2009-07-25T22:05:32","slug":"mapas-tipograficos-en-relieve","status":"publish","type":"post","link":"https:\/\/alpoma.net\/carto\/?p=860","title":{"rendered":"Mapas  \u00abtipogr\u00e1ficos\u00bb en relieve"},"content":{"rendered":"<p><strong><a href=\"http:\/\/www.markandrewwebber.com\/\" class=\"enlaces\">Mark Andrew Webber<\/a><\/strong> es un joven artista brit\u00e1nico que, en una de sus diversas series de trabajos, ha decidido crear mapas muy personales uniendo tipograf\u00eda y cartograf\u00eda en un mundo tridimensional. En cuanto lo he visto me ha encantado. De momento, ha tallado varios de estos mapas tan particulares, dedicados a <a href=\"http:\/\/www.markandrewwebber.com\/index.php?\/ongoing\/new-york\/\" class=\"enlaces\">Nueva York<\/a>, <a href=\"http:\/\/www.markandrewwebber.com\/index.php?\/ongoing\/amsterdam\/\" class=\"enlaces\">Amsterdam<\/a>, <a href=\"http:\/\/www.markandrewwebber.com\/index.php?\/ongoing\/london\/\" class=\"enlaces\">Londres<\/a> y <a href=\"http:\/\/www.markandrewwebber.com\/index.php?\/ongoing\/paris\/\" class=\"enlaces\">Par\u00eds<\/a>.<\/p>\n<p><img decoding=\"async\" src=\"http:\/\/farm4.static.flickr.com\/3460\/3755501617_2aa67dfa6a_o.jpg\" alt=\"img\" class=\"otros\"\/><\/p>\n<p><a href=\"http:\/\/abduzeedo.com\/best-week-75\">| V\u00eda Abduzeedo |<\/a> <a href=\"http:\/\/designyoutrust.com\/2009\/07\/21\/paris-map-linocut\/\">M\u00e1s info: Paris Map Linocut |<\/a><\/p>\n","protected":false},"excerpt":{"rendered":"<div class=\"mh-excerpt\"><p>Mark Andrew Webber es un joven artista brit\u00e1nico que, en una de sus diversas series de trabajos, ha decidido crear mapas muy personales uniendo tipograf\u00eda <a class=\"mh-excerpt-more\" href=\"https:\/\/alpoma.net\/carto\/?p=860\" title=\"Mapas  \u00abtipogr\u00e1ficos\u00bb en relieve\">[&#8230;]<\/a><\/p>\n<\/div>","protected":false},"author":1,"featured_media":4908,"comment_status":"open","ping_status":"open","sticky":false,"template":"","format":"standard","meta":{"jetpack_post_was_ever_published":false,"_jetpack_newsletter_access":"","_jetpack_dont_email_post_to_subs":false,"_jetpack_newsletter_tier_id":0,"_jetpack_memberships_contains_paywalled_content":false,"_jetpack_memberships_contains_paid_content":false,"footnotes":""},"categories":[9],"tags":[],"class_list":["post-860","post","type-post","status-publish","format-standard","has-post-thumbnail","hentry","category-cartografia"],"jetpack_featured_media_url":"https:\/\/alpoma.net\/carto\/wp-content\/uploads\/2009\/07\/3755501617_2aa67dfa6a_o.jpg","jetpack_shortlink":"https:\/\/wp.me\/p93Co9-dS","jetpack-related-posts":[{"id":766,"url":"https:\/\/alpoma.net\/carto\/?p=766","url_meta":{"origin":860,"position":0},"title":"Mapas de las catacumbas de Par\u00eds","author":"alpoma","date":"febrero 16, 2009","format":false,"excerpt":"Sin duda, las m\u00e1s famosas catacumbas, o galer\u00edas subterr\u00e1neas para enterramientos, son las de Roma. Sin embargo, no son menos impresionantes las de Par\u00eds, que guardan muchas singularidades muy originales. Les catacombes, o les carri\u00e8res, est\u00e1n formadas por gran cantidad de galer\u00edas subterr\u00e1neas que recorren gran parte de las profundidades\u2026","rel":"","context":"En \u00abCartograf\u00eda\u00bb","block_context":{"text":"Cartograf\u00eda","link":"https:\/\/alpoma.net\/carto\/?cat=9"},"img":{"alt_text":"","src":"https:\/\/i0.wp.com\/alpoma.net\/carto\/wp-content\/uploads\/2009\/02\/3283722391_20457212cb_o.jpg?resize=350%2C200&ssl=1","width":350,"height":200,"srcset":"https:\/\/i0.wp.com\/alpoma.net\/carto\/wp-content\/uploads\/2009\/02\/3283722391_20457212cb_o.jpg?resize=350%2C200&ssl=1 1x, https:\/\/i0.wp.com\/alpoma.net\/carto\/wp-content\/uploads\/2009\/02\/3283722391_20457212cb_o.jpg?resize=525%2C300&ssl=1 1.5x"},"classes":[]},{"id":7851,"url":"https:\/\/alpoma.net\/carto\/?p=7851","url_meta":{"origin":860,"position":1},"title":"Una exposici\u00f3n de mapas muy personal","author":"alpoma","date":"mayo 9, 2024","format":false,"excerpt":"Tiene gracia que, aunque actualice poco, tenga un blog sobre mapas y no haya mencionado esto todav\u00eda. Pero el tiempo es muy escaso y lo he ido aparcando. As\u00ed que, por fin, aqu\u00ed va. He organizado una exposici\u00f3n cartogr\u00e1fica con mapas originales de mi colecci\u00f3n en mi pueblo, Guardo, en\u2026","rel":"","context":"En \u00abViejos mapas\u00bb","block_context":{"text":"Viejos mapas","link":"https:\/\/alpoma.net\/carto\/?cat=4"},"img":{"alt_text":"","src":"https:\/\/i0.wp.com\/alpoma.net\/carto\/wp-content\/uploads\/2024\/05\/IMG-20240418-WA0015-724x1024-1.jpg?resize=350%2C200&ssl=1","width":350,"height":200,"srcset":"https:\/\/i0.wp.com\/alpoma.net\/carto\/wp-content\/uploads\/2024\/05\/IMG-20240418-WA0015-724x1024-1.jpg?resize=350%2C200&ssl=1 1x, https:\/\/i0.wp.com\/alpoma.net\/carto\/wp-content\/uploads\/2024\/05\/IMG-20240418-WA0015-724x1024-1.jpg?resize=525%2C300&ssl=1 1.5x, https:\/\/i0.wp.com\/alpoma.net\/carto\/wp-content\/uploads\/2024\/05\/IMG-20240418-WA0015-724x1024-1.jpg?resize=700%2C400&ssl=1 2x"},"classes":[]},{"id":1710,"url":"https:\/\/alpoma.net\/carto\/?p=1710","url_meta":{"origin":860,"position":2},"title":"Twittgeograf\u00eda","author":"alpoma","date":"junio 29, 2010","format":false,"excerpt":"Nueva forma de explotar visualmente datos que, a primera vista, poca utilidad parecen tener. Son los primeros pasos, algo toscos pero apasionantes, de toda una nueva cartograf\u00eda de la red. UrbanTick ha explotado una gran cantidad de datos geolocalizados de Twitter y ha convertido el conjunto en una serie de\u2026","rel":"","context":"En \u00abExperimentos\u00bb","block_context":{"text":"Experimentos","link":"https:\/\/alpoma.net\/carto\/?cat=10"},"img":{"alt_text":"","src":"https:\/\/i0.wp.com\/alpoma.net\/carto\/wp-content\/uploads\/2010\/06\/4743479025_993f969fe2_m.jpg?resize=350%2C200&ssl=1","width":350,"height":200},"classes":[]},{"id":456,"url":"https:\/\/alpoma.net\/carto\/?p=456","url_meta":{"origin":860,"position":3},"title":"Secci\u00f3n de mapas de la Biblioteca Digital Hisp\u00e1nica","author":"alpoma","date":"enero 16, 2008","format":false,"excerpt":"La recientemente estrenada Biblioteca Digital Hisp\u00e1nica cuenta con una secci\u00f3n de mapas antiguos, centrada sobre todo en cartograf\u00eda de Espa\u00f1a y europea de los siglos XVIII y XIX, de la que no dudo en recomendar su visita y calmado deleite: Secci\u00f3n de mapas de la Biblioteca Digital Hisp\u00e1nica - Biblioteca\u2026","rel":"","context":"En \u00abCartograf\u00eda\u00bb","block_context":{"text":"Cartograf\u00eda","link":"https:\/\/alpoma.net\/carto\/?cat=9"},"img":{"alt_text":"","src":"https:\/\/i0.wp.com\/alpoma.net\/carto\/wp-content\/uploads\/2008\/01\/2198341040_fa1463a6a6_o.jpg?resize=350%2C200&ssl=1","width":350,"height":200,"srcset":"https:\/\/i0.wp.com\/alpoma.net\/carto\/wp-content\/uploads\/2008\/01\/2198341040_fa1463a6a6_o.jpg?resize=350%2C200&ssl=1 1x, https:\/\/i0.wp.com\/alpoma.net\/carto\/wp-content\/uploads\/2008\/01\/2198341040_fa1463a6a6_o.jpg?resize=525%2C300&ssl=1 1.5x"},"classes":[]},{"id":530,"url":"https:\/\/alpoma.net\/carto\/?p=530","url_meta":{"origin":860,"position":4},"title":"Mapas tridimensionales esquimales","author":"alpoma","date":"mayo 11, 2008","format":false,"excerpt":"Los pueblos esquimales, o Inuit, han mostrado a lo largo de los siglos poseer grandes conocimientos geogr\u00e1ficos de su entorno y, c\u00f3mo no, han deseado plasmar esos saberes en forma de mapas. Teniendo en cuenta las condiciones ambientales en las que han desarrollado su cultura, no debe extra\u00f1ar que dieran\u2026","rel":"","context":"En \u00abCartograf\u00eda\u00bb","block_context":{"text":"Cartograf\u00eda","link":"https:\/\/alpoma.net\/carto\/?cat=9"},"img":{"alt_text":"","src":"https:\/\/i0.wp.com\/alpoma.net\/carto\/wp-content\/uploads\/2008\/05\/2484081678_52fff48bcf_o.jpg?resize=350%2C200&ssl=1","width":350,"height":200},"classes":[]},{"id":5257,"url":"https:\/\/alpoma.net\/carto\/?p=5257","url_meta":{"origin":860,"position":5},"title":"Mapas arreglados al Meridiano de Madrid","author":"alpoma","date":"abril 22, 2015","format":false,"excerpt":"Desde la conferencia de Washington de 1884 se viene utilizando como convenci\u00f3n cartogr\u00e1fica el Meridiano de Greenwich a modo de referencia internacional. Durante un tiempo se utiliz\u00f3 el de Par\u00eds, aunque realmente, hasta entonces, la cartograf\u00eda de cada pa\u00eds, y pr\u00e1cticamente la de cada cart\u00f3grafo, empleaba sus propias convenciones. Mencion\u00e9\u2026","rel":"","context":"En \u00abViejos mapas\u00bb","block_context":{"text":"Viejos mapas","link":"https:\/\/alpoma.net\/carto\/?cat=4"},"img":{"alt_text":"","src":"https:\/\/i0.wp.com\/alpoma.net\/carto\/wp-content\/uploads\/2015\/04\/mapa_meridiano_madrid_2.jpg?resize=350%2C200&ssl=1","width":350,"height":200,"srcset":"https:\/\/i0.wp.com\/alpoma.net\/carto\/wp-content\/uploads\/2015\/04\/mapa_meridiano_madrid_2.jpg?resize=350%2C200&ssl=1 1x, https:\/\/i0.wp.com\/alpoma.net\/carto\/wp-content\/uploads\/2015\/04\/mapa_meridiano_madrid_2.jpg?resize=525%2C300&ssl=1 1.5x, https:\/\/i0.wp.com\/alpoma.net\/carto\/wp-content\/uploads\/2015\/04\/mapa_meridiano_madrid_2.jpg?resize=700%2C400&ssl=1 2x"},"classes":[]}],"jetpack_sharing_enabled":true,"_links":{"self":[{"href":"https:\/\/alpoma.net\/carto\/index.php?rest_route=\/wp\/v2\/posts\/860","targetHints":{"allow":["GET"]}}],"collection":[{"href":"https:\/\/alpoma.net\/carto\/index.php?rest_route=\/wp\/v2\/posts"}],"about":[{"href":"https:\/\/alpoma.net\/carto\/index.php?rest_route=\/wp\/v2\/types\/post"}],"author":[{"embeddable":true,"href":"https:\/\/alpoma.net\/carto\/index.php?rest_route=\/wp\/v2\/users\/1"}],"replies":[{"embeddable":true,"href":"https:\/\/alpoma.net\/carto\/index.php?rest_route=%2Fwp%2Fv2%2Fcomments&post=860"}],"version-history":[{"count":0,"href":"https:\/\/alpoma.net\/carto\/index.php?rest_route=\/wp\/v2\/posts\/860\/revisions"}],"wp:featuredmedia":[{"embeddable":true,"href":"https:\/\/alpoma.net\/carto\/index.php?rest_route=\/wp\/v2\/media\/4908"}],"wp:attachment":[{"href":"https:\/\/alpoma.net\/carto\/index.php?rest_route=%2Fwp%2Fv2%2Fmedia&parent=860"}],"wp:term":[{"taxonomy":"category","embeddable":true,"href":"https:\/\/alpoma.net\/carto\/index.php?rest_route=%2Fwp%2Fv2%2Fcategories&post=860"},{"taxonomy":"post_tag","embeddable":true,"href":"https:\/\/alpoma.net\/carto\/index.php?rest_route=%2Fwp%2Fv2%2Ftags&post=860"}],"curies":[{"name":"wp","href":"https:\/\/api.w.org\/{rel}","templated":true}]}}