{"id":852,"date":"2009-07-14T13:00:17","date_gmt":"2009-07-14T11:00:17","guid":{"rendered":"http:\/\/alpoma.net\/carto\/?p=852"},"modified":"2009-07-14T13:05:23","modified_gmt":"2009-07-14T11:05:23","slug":"portal-geografos","status":"publish","type":"post","link":"https:\/\/alpoma.net\/carto\/?p=852","title":{"rendered":"Portal Ge\u00f3grafos"},"content":{"rendered":"<p>El nombre lo dice todo, \u00bfno? He aqu\u00ed todo un portal, de presentaci\u00f3n limpia y clara, que se orienta hacia la comunicaci\u00f3n de noticias, eventos y recursos relacionados con el <strong>mundo profesional de los ge\u00f3grafos<\/strong>. Sin duda, una herramienta valiosa que promete evolucionar positivamente en el futuro:<\/p>\n<blockquote><p><strong><a href=\"http:\/\/www.portalgeografos.es\/\" class=\"enlaces\">Portal Ge\u00f3grafos<\/a><\/strong> &#8211; Este portal nace de la inquietud de un grupo de universitarios y profesionales de la Geograf\u00eda ante la necesidad de crear un lugar de encuentro donde compartir la informaci\u00f3n que genera el desarrollo de nuestra actividad, tanto en el \u00e1mbito acad\u00e9mico como en el profesional. <\/p><\/blockquote>\n<p><img decoding=\"async\" src=\"http:\/\/farm3.static.flickr.com\/2497\/3719499269_b8c3a1b3af_o.jpg\" alt=\"img\" class=\"otros\"\/><\/p>\n","protected":false},"excerpt":{"rendered":"<div class=\"mh-excerpt\"><p>El nombre lo dice todo, \u00bfno? He aqu\u00ed todo un portal, de presentaci\u00f3n limpia y clara, que se orienta hacia la comunicaci\u00f3n de noticias, eventos <a class=\"mh-excerpt-more\" href=\"https:\/\/alpoma.net\/carto\/?p=852\" title=\"Portal Ge\u00f3grafos\">[&#8230;]<\/a><\/p>\n<\/div>","protected":false},"author":1,"featured_media":4654,"comment_status":"open","ping_status":"open","sticky":false,"template":"","format":"standard","meta":{"jetpack_post_was_ever_published":false,"_jetpack_newsletter_access":"","_jetpack_dont_email_post_to_subs":false,"_jetpack_newsletter_tier_id":0,"_jetpack_memberships_contains_paywalled_content":false,"_jetpack_memberships_contains_paid_content":false,"footnotes":""},"categories":[5,7],"tags":[],"class_list":["post-852","post","type-post","status-publish","format-standard","has-post-thumbnail","hentry","category-en-linea","category-geografia"],"jetpack_featured_media_url":"https:\/\/alpoma.net\/carto\/wp-content\/uploads\/2009\/07\/3719499269_b8c3a1b3af_o.jpg","jetpack_shortlink":"https:\/\/wp.me\/p93Co9-dK","jetpack-related-posts":[{"id":351,"url":"https:\/\/alpoma.net\/carto\/?p=351","url_meta":{"origin":852,"position":0},"title":"Manuel de Ter\u00e1n","author":"alpoma","date":"junio 9, 2007","format":false,"excerpt":"Manuel de Ter\u00e1n \u00c1lvarez puede ser considerado como uno de los m\u00e1s importantes ge\u00f3grafos espa\u00f1oles de toda la historia. A modo de justo homenaje, la Residencia de Estudiantes pone a disposici\u00f3n de todo el mundo un completo repaso a la vida y obra de Ter\u00e1n a trav\u00e9s de esta interesante\u2026","rel":"","context":"En \u00abGeograf\u00eda\u00bb","block_context":{"text":"Geograf\u00eda","link":"https:\/\/alpoma.net\/carto\/?cat=7"},"img":{"alt_text":"","src":"","width":0,"height":0},"classes":[]},{"id":253,"url":"https:\/\/alpoma.net\/carto\/?p=253","url_meta":{"origin":852,"position":1},"title":"In Memoriam Jes\u00fas Garc\u00eda Fern\u00e1ndez","author":"alpoma","date":"septiembre 7, 2006","format":false,"excerpt":"Me han avisado hace poco del fallecimiento de un insigne ge\u00f3grafo, Jes\u00fas Garc\u00eda Fern\u00e1ndez, a quien tuve el honor de conocer en el Departamento de Geograf\u00eda de la Universidad de Valladolid. M\u00e1s adelante, cuando tenga m\u00e1s tiempo, procurar\u00e9 realizar una semblanza adecuada y un repaso bibliogr\u00e1fico de su obra. Sirva,\u2026","rel":"","context":"En \u00abGeograf\u00eda\u00bb","block_context":{"text":"Geograf\u00eda","link":"https:\/\/alpoma.net\/carto\/?cat=7"},"img":{"alt_text":"","src":"","width":0,"height":0},"classes":[]},{"id":653,"url":"https:\/\/alpoma.net\/carto\/?p=653","url_meta":{"origin":852,"position":2},"title":"El horizonte de la Geomorfolog\u00eda estructural","author":"alpoma","date":"septiembre 15, 2008","format":false,"excerpt":"Breve referencia bibliogr\u00e1fica de sumo inter\u00e9s para ge\u00f3grafos y geomorf\u00f3logos: El horizonte de la Geomorfolog\u00eda estructural en Geograf\u00eda: el \u00faltimo legado de Jes\u00fas Garc\u00eda Fern\u00e1ndez Autor: Juan Antonio Marco Molina. Publicaci\u00f3n: Alicante - Biblioteca Virtual Miguel de Cervantes, 2008. Edici\u00f3n digital a partir de Investigaciones Geogr\u00e1ficas, n\u00fam. 41 (septiembre-diciembre 2006),\u2026","rel":"","context":"En \u00abGeograf\u00eda\u00bb","block_context":{"text":"Geograf\u00eda","link":"https:\/\/alpoma.net\/carto\/?cat=7"},"img":{"alt_text":"","src":"","width":0,"height":0},"classes":[]},{"id":837,"url":"https:\/\/alpoma.net\/carto\/?p=837","url_meta":{"origin":852,"position":3},"title":"Nuevos recursos online del Atlas Nacional de Espa\u00f1a","author":"alpoma","date":"junio 25, 2009","format":false,"excerpt":"Gracias a un correo electr\u00f3nico del Instituto Geogr\u00e1fico Nacional, he tenido conocimiento de varias iniciativas que merecen ser difundidas y conocidas, dada su utilidad. El Instituto Geogr\u00e1fico Nacional, dependiente del Ministerio de Fomento de Espa\u00f1a, desde el \u00c1rea de Cartograf\u00eda Tem\u00e1tica y Atlas Nacional, ha desarrollado en colaboraci\u00f3n con la\u2026","rel":"","context":"En \u00abCartograf\u00eda\u00bb","block_context":{"text":"Cartograf\u00eda","link":"https:\/\/alpoma.net\/carto\/?cat=9"},"img":{"alt_text":"","src":"","width":0,"height":0},"classes":[]},{"id":417,"url":"https:\/\/alpoma.net\/carto\/?p=417","url_meta":{"origin":852,"position":4},"title":"Atlas de Libertad Mundial","author":"alpoma","date":"septiembre 23, 2007","format":false,"excerpt":"He aqu\u00ed un atractivo e impresionante experimento que pretende mostrar de manera interactiva una gran cantidad de datos estad\u00edsticos relacionados con los Derechos Humanos, la libertad y la democracia, tomados de diversos anuarios estad\u00edsticos ofrecidos por organismos internacionales. Sin duda, este trabajo de Zachary Forest Johnson, resultar\u00e1 de inter\u00e9s para\u2026","rel":"","context":"En \u00abCartograf\u00eda\u00bb","block_context":{"text":"Cartograf\u00eda","link":"https:\/\/alpoma.net\/carto\/?cat=9"},"img":{"alt_text":"","src":"https:\/\/i0.wp.com\/alpoma.net\/carto\/wp-content\/uploads\/2007\/09\/1428480521_124a3c8601_o.jpg?resize=350%2C200&ssl=1","width":350,"height":200,"srcset":"https:\/\/i0.wp.com\/alpoma.net\/carto\/wp-content\/uploads\/2007\/09\/1428480521_124a3c8601_o.jpg?resize=350%2C200&ssl=1 1x, https:\/\/i0.wp.com\/alpoma.net\/carto\/wp-content\/uploads\/2007\/09\/1428480521_124a3c8601_o.jpg?resize=525%2C300&ssl=1 1.5x"},"classes":[]},{"id":1144,"url":"https:\/\/alpoma.net\/carto\/?p=1144","url_meta":{"origin":852,"position":5},"title":"Una mirada al pasado","author":"alpoma","date":"diciembre 10, 2009","format":false,"excerpt":"La Biblioteca de la London School of Economics and Political Science cuenta en Flickr con un apartado, dentro de The Commons, donde pueden contemplarse diversas im\u00e1genes relacionadas con la instituci\u00f3n. Interesante, s\u00ed, pero lo que por aqu\u00ed nos interesa es una peque\u00f1a esquina en esa colecci\u00f3n, en concreto el grupo\u2026","rel":"","context":"En \u00abGeograf\u00eda\u00bb","block_context":{"text":"Geograf\u00eda","link":"https:\/\/alpoma.net\/carto\/?cat=7"},"img":{"alt_text":"","src":"https:\/\/i0.wp.com\/alpoma.net\/carto\/wp-content\/uploads\/2009\/12\/3925727427_f1f0d30251_o.jpg?resize=350%2C200&ssl=1","width":350,"height":200,"srcset":"https:\/\/i0.wp.com\/alpoma.net\/carto\/wp-content\/uploads\/2009\/12\/3925727427_f1f0d30251_o.jpg?resize=350%2C200&ssl=1 1x, https:\/\/i0.wp.com\/alpoma.net\/carto\/wp-content\/uploads\/2009\/12\/3925727427_f1f0d30251_o.jpg?resize=525%2C300&ssl=1 1.5x"},"classes":[]}],"jetpack_sharing_enabled":true,"_links":{"self":[{"href":"https:\/\/alpoma.net\/carto\/index.php?rest_route=\/wp\/v2\/posts\/852","targetHints":{"allow":["GET"]}}],"collection":[{"href":"https:\/\/alpoma.net\/carto\/index.php?rest_route=\/wp\/v2\/posts"}],"about":[{"href":"https:\/\/alpoma.net\/carto\/index.php?rest_route=\/wp\/v2\/types\/post"}],"author":[{"embeddable":true,"href":"https:\/\/alpoma.net\/carto\/index.php?rest_route=\/wp\/v2\/users\/1"}],"replies":[{"embeddable":true,"href":"https:\/\/alpoma.net\/carto\/index.php?rest_route=%2Fwp%2Fv2%2Fcomments&post=852"}],"version-history":[{"count":0,"href":"https:\/\/alpoma.net\/carto\/index.php?rest_route=\/wp\/v2\/posts\/852\/revisions"}],"wp:featuredmedia":[{"embeddable":true,"href":"https:\/\/alpoma.net\/carto\/index.php?rest_route=\/wp\/v2\/media\/4654"}],"wp:attachment":[{"href":"https:\/\/alpoma.net\/carto\/index.php?rest_route=%2Fwp%2Fv2%2Fmedia&parent=852"}],"wp:term":[{"taxonomy":"category","embeddable":true,"href":"https:\/\/alpoma.net\/carto\/index.php?rest_route=%2Fwp%2Fv2%2Fcategories&post=852"},{"taxonomy":"post_tag","embeddable":true,"href":"https:\/\/alpoma.net\/carto\/index.php?rest_route=%2Fwp%2Fv2%2Ftags&post=852"}],"curies":[{"name":"wp","href":"https:\/\/api.w.org\/{rel}","templated":true}]}}