{"id":801,"date":"2009-04-14T15:25:22","date_gmt":"2009-04-14T13:25:22","guid":{"rendered":"http:\/\/alpoma.net\/carto\/?p=801"},"modified":"2009-04-14T15:27:33","modified_gmt":"2009-04-14T13:27:33","slug":"videos-de-las-jornadas-gvsig","status":"publish","type":"post","link":"https:\/\/alpoma.net\/carto\/?p=801","title":{"rendered":"V\u00eddeos de las Jornadas gvSIG"},"content":{"rendered":"<p><img decoding=\"async\" src=\"http:\/\/farm4.static.flickr.com\/3115\/2732319718_e04905837a_o.gif\" alt=\"img\" class=\"dch\"\/>Con prisas, como siempre, refiero aqu\u00ed una informaci\u00f3n de gran inter\u00e9s para los adictos al GIS:<\/p>\n<blockquote><p><strong>Disponibles los v\u00eddeos de las 4<sup>as<\/sup> Jornadas Internacionales de gvSIG<\/strong>. Ya se encuentran disponibles los <strong><a href=\"http:\/\/www.jornadasgvsig.gva.es\/cas\/sesiones0\/\" class=\"enlaces\">v\u00eddeos de las pasadas Jornadas Internacionales de gvSIG<\/a><\/strong>. Con la publicaci\u00f3n de estos v\u00eddeos pretendemos acercar las Jornadas a todos aquellos interesados que no pudieron asistir, teniendo ahora la posibilidad de acceder a la grabaci\u00f3n de gran parte de las ponencias. Se encuentra tambi\u00e9n disponible el <strong><a href=\"http:\/\/www.jornadasgvsig.gva.es\/cas\/revista\/\" class=\"enlaces\">segundo n\u00famero de &#8216;Open Planet&#8217;<\/a><\/strong>, la revista de las Jornadas, que este a\u00f1o se ha dedicado a informar de todas las actividades que hay alrededor del proyecto gvSIG, m\u00e1s all\u00e1 del desarrollo, y que tienen como principal objetivo poner el proyecto en manos de la Comunidad.<\/p><\/blockquote>\n","protected":false},"excerpt":{"rendered":"<div class=\"mh-excerpt\"><p>Con prisas, como siempre, refiero aqu\u00ed una informaci\u00f3n de gran inter\u00e9s para los adictos al GIS: Disponibles los v\u00eddeos de las 4as Jornadas Internacionales de <a class=\"mh-excerpt-more\" href=\"https:\/\/alpoma.net\/carto\/?p=801\" title=\"V\u00eddeos de las Jornadas gvSIG\">[&#8230;]<\/a><\/p>\n<\/div>","protected":false},"author":1,"featured_media":0,"comment_status":"open","ping_status":"open","sticky":false,"template":"","format":"standard","meta":{"jetpack_post_was_ever_published":false,"_jetpack_newsletter_access":"","_jetpack_dont_email_post_to_subs":false,"_jetpack_newsletter_tier_id":0,"_jetpack_memberships_contains_paywalled_content":false,"_jetpack_memberships_contains_paid_content":false,"footnotes":""},"categories":[2],"tags":[],"class_list":["post-801","post","type-post","status-publish","format-standard","hentry","category-sig"],"jetpack_featured_media_url":"","jetpack_shortlink":"https:\/\/wp.me\/p93Co9-cV","jetpack-related-posts":[{"id":2969,"url":"https:\/\/alpoma.net\/carto\/?p=2969","url_meta":{"origin":801,"position":0},"title":"Materiales de las 7as Jornadas gvSIG","author":"alpoma","date":"diciembre 21, 2011","format":false,"excerpt":"Reproduzco una agradable noticia sobre gvSIG, el software para SIG que m\u00e1s utilizo y que, como no me canso de repetir, es mi favorito: ;-) Ya se encuentran disponibles las presentaciones, p\u00f3sters y art\u00edculos presentados en las 7as Jornadas Internacionales gvSIG, que se celebraron del 30 de noviembre al 2\u2026","rel":"","context":"En \u00abMiscel\u00e1nea\u00bb","block_context":{"text":"Miscel\u00e1nea","link":"https:\/\/alpoma.net\/carto\/?cat=1"},"img":{"alt_text":"","src":"","width":0,"height":0},"classes":[]},{"id":439,"url":"https:\/\/alpoma.net\/carto\/?p=439","url_meta":{"origin":801,"position":1},"title":"Documentos de las Terceras Jornadas gvSIG","author":"alpoma","date":"diciembre 4, 2007","format":false,"excerpt":"\u00bfQui\u00e9n no conoce gvSIG a estas alturas? Personalmente, pienso que se trata de una herramienta GIS con mucho futuro, que no tiene nada que envidiar a muchas, muy caras y complicadas, aplicaciones famosas en el mundo de los Sistemas de Informaci\u00f3n Geogr\u00e1fica. Ahora, para saciar nuestro hambre de conocer m\u00e1s\u2026","rel":"","context":"En \u00abEn l\u00ednea\u00bb","block_context":{"text":"En l\u00ednea","link":"https:\/\/alpoma.net\/carto\/?cat=5"},"img":{"alt_text":"","src":"","width":0,"height":0},"classes":[]},{"id":2904,"url":"https:\/\/alpoma.net\/carto\/?p=2904","url_meta":{"origin":801,"position":2},"title":"Peque\u00f1a raci\u00f3n de publicaciones digitales","author":"alpoma","date":"diciembre 1, 2011","format":false,"excerpt":"Marchando tres cartopublicaciones listas para descargar: Aplicaciones del sensor MODIS para el monitoreo del territorio. (PDF) - Instituto Nacional de Ecolog\u00eda de M\u00e9xico: \"Las experiencias derivadas de los trabajos con MODIS han permitido explorar una gran cantidad de aplicaciones potenciales que, al acercarse el fin de sus operaciones, podr\u00edan aplicarse\u2026","rel":"","context":"En \u00abSIG\u00bb","block_context":{"text":"SIG","link":"https:\/\/alpoma.net\/carto\/?cat=2"},"img":{"alt_text":"","src":"","width":0,"height":0},"classes":[]},{"id":286,"url":"https:\/\/alpoma.net\/carto\/?p=286","url_meta":{"origin":801,"position":3},"title":"Disponible versi\u00f3n 1.0 estable de gvSIG","author":"alpoma","date":"diciembre 12, 2006","format":false,"excerpt":"Ya est\u00e1 disponible para descarga, con notables mejoras, la versi\u00f3n 1.0 estable de gvSIG: Desde el proyecto gvSIG nos complace anunciar la esperada liberaci\u00f3n de gvSIG 1.0 estable, con lo que, podr\u00edamos decir, gvSIG alcanza la mayor\u00eda de edad. La mayor\u00eda de edad porque ya tiene un conjunto de funcionalidades\u2026","rel":"","context":"En \u00abSIG\u00bb","block_context":{"text":"SIG","link":"https:\/\/alpoma.net\/carto\/?cat=2"},"img":{"alt_text":"","src":"","width":0,"height":0},"classes":[]},{"id":2894,"url":"https:\/\/alpoma.net\/carto\/?p=2894","url_meta":{"origin":801,"position":4},"title":"gvSIG 2.0, listo para probar","author":"alpoma","date":"noviembre 25, 2011","format":false,"excerpt":"\u00bfTendr\u00e9 tiempo la semana que viene para hincarle el diente? Lo dudo mucho, pero quien lo desee ya tiene a su disposici\u00f3n la esperada, y deseada, versi\u00f3n de prueba de gvSIG 2.0 (vale, todav\u00eda est\u00e1 en alpha, pero incluso as\u00ed es un caramelo muy apetecible). Tal y como se comenta\u2026","rel":"","context":"En \u00abSIG\u00bb","block_context":{"text":"SIG","link":"https:\/\/alpoma.net\/carto\/?cat=2"},"img":{"alt_text":"Logo-gvSIG_150_13","src":"https:\/\/i0.wp.com\/farm3.staticflickr.com\/2157\/2086448019_915d89e570_o.gif?resize=350%2C200","width":350,"height":200},"classes":[]},{"id":2616,"url":"https:\/\/alpoma.net\/carto\/?p=2616","url_meta":{"origin":801,"position":5},"title":"EdugvSIG","author":"alpoma","date":"junio 13, 2011","format":false,"excerpt":"Como habr\u00e1n podido comprobar muchos lectores de este blog, \u00faltimamente apenas publico nada nuevo, y no es por falta de material, porque hay incluso demasiado a diario. Nada de eso, \u00a1el problema cr\u00edtico es el tiempo! o, mejor dicho, la falta de tiempo. En fin, dudo que en los pr\u00f3ximos\u2026","rel":"","context":"En \u00abSIG\u00bb","block_context":{"text":"SIG","link":"https:\/\/alpoma.net\/carto\/?cat=2"},"img":{"alt_text":"Logo-gvSIG_150_14","src":"https:\/\/i0.wp.com\/farm4.static.flickr.com\/3115\/2732319718_3a8781d857_m.jpg?resize=350%2C200","width":350,"height":200},"classes":[]}],"jetpack_sharing_enabled":true,"_links":{"self":[{"href":"https:\/\/alpoma.net\/carto\/index.php?rest_route=\/wp\/v2\/posts\/801","targetHints":{"allow":["GET"]}}],"collection":[{"href":"https:\/\/alpoma.net\/carto\/index.php?rest_route=\/wp\/v2\/posts"}],"about":[{"href":"https:\/\/alpoma.net\/carto\/index.php?rest_route=\/wp\/v2\/types\/post"}],"author":[{"embeddable":true,"href":"https:\/\/alpoma.net\/carto\/index.php?rest_route=\/wp\/v2\/users\/1"}],"replies":[{"embeddable":true,"href":"https:\/\/alpoma.net\/carto\/index.php?rest_route=%2Fwp%2Fv2%2Fcomments&post=801"}],"version-history":[{"count":0,"href":"https:\/\/alpoma.net\/carto\/index.php?rest_route=\/wp\/v2\/posts\/801\/revisions"}],"wp:attachment":[{"href":"https:\/\/alpoma.net\/carto\/index.php?rest_route=%2Fwp%2Fv2%2Fmedia&parent=801"}],"wp:term":[{"taxonomy":"category","embeddable":true,"href":"https:\/\/alpoma.net\/carto\/index.php?rest_route=%2Fwp%2Fv2%2Fcategories&post=801"},{"taxonomy":"post_tag","embeddable":true,"href":"https:\/\/alpoma.net\/carto\/index.php?rest_route=%2Fwp%2Fv2%2Ftags&post=801"}],"curies":[{"name":"wp","href":"https:\/\/api.w.org\/{rel}","templated":true}]}}