{"id":8,"date":"2005-10-28T19:22:38","date_gmt":"2005-10-28T17:22:38","guid":{"rendered":"http:\/\/alpoma.net\/carto\/?p=8"},"modified":"2015-05-08T14:47:04","modified_gmt":"2015-05-08T12:47:04","slug":"incendios-en-el-oriente-ruso","status":"publish","type":"post","link":"https:\/\/alpoma.net\/carto\/?p=8","title":{"rendered":"Incendios en el oriente ruso"},"content":{"rendered":"<p>Cerca de la frontera con China, en el oriente de la Federaci\u00f3n Rusa, se est\u00e1n desarrollando en las \u00faltimas semanas gran cantidad de incendios de gran tama\u00f1o, en la regi\u00f3n del r\u00edo Zeya y en la del r\u00edo Amur. Como puede comprobarse en la imagen, la plaga de los incendios afecta a todo el mundo, aunque los grandes medios de comunicaci\u00f3n casi nunca se hace eco de sucesos tan lejanos.<\/p>\n<p><img decoding=\"async\" src=\"http:\/\/static.flickr.com\/32\/56920219_4941c3d729_o.jpg\" alt=\"Incendios en Rusia\" width=\"620px\"\/><br \/>\nImagen creada por Jesse Allen, <a href=\"http:\/\/rapidfire.sci.gsfc.nasa.gov\/\">MODIS Rapid Response team<\/a>. <\/p>\n","protected":false},"excerpt":{"rendered":"<div class=\"mh-excerpt\"><p>Cerca de la frontera con China, en el oriente de la Federaci\u00f3n Rusa, se est\u00e1n desarrollando en las \u00faltimas semanas gran cantidad de incendios de <a class=\"mh-excerpt-more\" href=\"https:\/\/alpoma.net\/carto\/?p=8\" title=\"Incendios en el oriente ruso\">[&#8230;]<\/a><\/p>\n<\/div>","protected":false},"author":1,"featured_media":6081,"comment_status":"open","ping_status":"open","sticky":false,"template":"","format":"standard","meta":{"jetpack_post_was_ever_published":false,"_jetpack_newsletter_access":"","_jetpack_dont_email_post_to_subs":false,"_jetpack_newsletter_tier_id":0,"_jetpack_memberships_contains_paywalled_content":false,"_jetpack_memberships_contains_paid_content":false,"footnotes":""},"categories":[6],"tags":[107],"class_list":["post-8","post","type-post","status-publish","format-standard","has-post-thumbnail","hentry","category-riesgos-naturales","tag-incendios"],"jetpack_featured_media_url":"https:\/\/alpoma.net\/carto\/wp-content\/uploads\/2005\/10\/incendios_rusia.jpg","jetpack_shortlink":"https:\/\/wp.me\/p93Co9-8","jetpack-related-posts":[{"id":9,"url":"https:\/\/alpoma.net\/carto\/?p=9","url_meta":{"origin":8,"position":0},"title":"Mapa global de incendios","author":"alpoma","date":"octubre 29, 2005","format":false,"excerpt":"La imagen que ilustra este post muestra, sobre una representaci\u00f3n global, los incendios, puntos rojos, que en los \u00faltimos diez d\u00edas han detectado los sat\u00e9lites Terra y Aqua. Ofrecido a trav\u00e9s del MODIS Rapid Response System Global Fire Maps, cada diez d\u00edas se actualiza esta cartograf\u00eda, formada por medio de\u2026","rel":"","context":"En \u00abTeledetecci\u00f3n\u00bb","block_context":{"text":"Teledetecci\u00f3n","link":"https:\/\/alpoma.net\/carto\/?cat=3"},"img":{"alt_text":"","src":"https:\/\/i0.wp.com\/alpoma.net\/carto\/wp-content\/uploads\/2005\/10\/mapa_incendios_mundo_2005.jpg?resize=350%2C200&ssl=1","width":350,"height":200,"srcset":"https:\/\/i0.wp.com\/alpoma.net\/carto\/wp-content\/uploads\/2005\/10\/mapa_incendios_mundo_2005.jpg?resize=350%2C200&ssl=1 1x, https:\/\/i0.wp.com\/alpoma.net\/carto\/wp-content\/uploads\/2005\/10\/mapa_incendios_mundo_2005.jpg?resize=525%2C300&ssl=1 1.5x, https:\/\/i0.wp.com\/alpoma.net\/carto\/wp-content\/uploads\/2005\/10\/mapa_incendios_mundo_2005.jpg?resize=700%2C400&ssl=1 2x, https:\/\/i0.wp.com\/alpoma.net\/carto\/wp-content\/uploads\/2005\/10\/mapa_incendios_mundo_2005.jpg?resize=1050%2C600&ssl=1 3x, https:\/\/i0.wp.com\/alpoma.net\/carto\/wp-content\/uploads\/2005\/10\/mapa_incendios_mundo_2005.jpg?resize=1400%2C800&ssl=1 4x"},"classes":[]},{"id":875,"url":"https:\/\/alpoma.net\/carto\/?p=875","url_meta":{"origin":8,"position":1},"title":"Incendios en Grecia (Imagen de sat\u00e9lite)","author":"alpoma","date":"agosto 24, 2009","format":false,"excerpt":"Imagen tomada el 22 de agosto por el intrumento MODIS de la NASA, a bordo del sat\u00e9lite Aqua. En rojo aparecen marcados los focos de los incendios, de los que parten inmensas columnas de humo. Fuente: NASA EA Observatory. | Ampliar imagen |","rel":"","context":"En \u00abRiesgos Naturales\u00bb","block_context":{"text":"Riesgos Naturales","link":"https:\/\/alpoma.net\/carto\/?cat=6"},"img":{"alt_text":"","src":"https:\/\/i0.wp.com\/alpoma.net\/carto\/wp-content\/uploads\/2009\/08\/3852620731_d38fa94923_o.jpg?resize=350%2C200&ssl=1","width":350,"height":200,"srcset":"https:\/\/i0.wp.com\/alpoma.net\/carto\/wp-content\/uploads\/2009\/08\/3852620731_d38fa94923_o.jpg?resize=350%2C200&ssl=1 1x, https:\/\/i0.wp.com\/alpoma.net\/carto\/wp-content\/uploads\/2009\/08\/3852620731_d38fa94923_o.jpg?resize=525%2C300&ssl=1 1.5x"},"classes":[]},{"id":240,"url":"https:\/\/alpoma.net\/carto\/?p=240","url_meta":{"origin":8,"position":2},"title":"Incendios en Galicia y Portugal","author":"alpoma","date":"agosto 11, 2006","format":false,"excerpt":"Con toda la raz\u00f3n, la imagen de la semana ofrecida por la Agencia Espacial Europea, corresponde a una toma del ENVISAT, del d\u00eda 9 de Agosto, en la que se pueden observar las grandes columnas de humo originadas en los terribles incendios que asolan Galicia y Portugal: ESA Earth from\u2026","rel":"","context":"En \u00abEn l\u00ednea\u00bb","block_context":{"text":"En l\u00ednea","link":"https:\/\/alpoma.net\/carto\/?cat=5"},"img":{"alt_text":"","src":"https:\/\/i0.wp.com\/alpoma.net\/carto\/wp-content\/uploads\/2006\/08\/212633456_66d158586d_o.jpg?resize=350%2C200&ssl=1","width":350,"height":200,"srcset":"https:\/\/i0.wp.com\/alpoma.net\/carto\/wp-content\/uploads\/2006\/08\/212633456_66d158586d_o.jpg?resize=350%2C200&ssl=1 1x, https:\/\/i0.wp.com\/alpoma.net\/carto\/wp-content\/uploads\/2006\/08\/212633456_66d158586d_o.jpg?resize=525%2C300&ssl=1 1.5x"},"classes":[]},{"id":7588,"url":"https:\/\/alpoma.net\/carto\/?p=7588","url_meta":{"origin":8,"position":3},"title":"Imagen de la gigantesca nube de aerosoles creada por los incendios en Australia","author":"alpoma","date":"enero 9, 2020","format":false,"excerpt":"En las \u00faltimas semanas el grave problema de los incendios en Australia ha llegado a todos los medios de comunicaci\u00f3n, as\u00ed que no viene al caso comentar nada que no se haya dicho ya por doquier. Sin embargo, me acaba de llegar por correo electr\u00f3nico una comunicaci\u00f3n de la ESA\u2026","rel":"","context":"En \u00abRiesgos Naturales\u00bb","block_context":{"text":"Riesgos Naturales","link":"https:\/\/alpoma.net\/carto\/?cat=6"},"img":{"alt_text":"","src":"https:\/\/i0.wp.com\/alpoma.net\/carto\/wp-content\/uploads\/2020\/01\/incendios-australia-nube-humo.jpg?resize=350%2C200&ssl=1","width":350,"height":200,"srcset":"https:\/\/i0.wp.com\/alpoma.net\/carto\/wp-content\/uploads\/2020\/01\/incendios-australia-nube-humo.jpg?resize=350%2C200&ssl=1 1x, https:\/\/i0.wp.com\/alpoma.net\/carto\/wp-content\/uploads\/2020\/01\/incendios-australia-nube-humo.jpg?resize=525%2C300&ssl=1 1.5x, https:\/\/i0.wp.com\/alpoma.net\/carto\/wp-content\/uploads\/2020\/01\/incendios-australia-nube-humo.jpg?resize=700%2C400&ssl=1 2x"},"classes":[]},{"id":18,"url":"https:\/\/alpoma.net\/carto\/?p=18","url_meta":{"origin":8,"position":4},"title":"Incendios en el noroeste de la India","author":"alpoma","date":"octubre 31, 2005","format":false,"excerpt":"En las llanuras cercanas a la Cordillera del Himalaya, en el noroeste de la India, cada a\u00f1o se utiliza la quema controlada en labores agrarias, concentr\u00e1ndose estos incendios en el estado del Punjab, cerca de la frontera pakistan\u00ed. Imagen con resoluci\u00f3n espacial de 500 metros por pixel, obtenida por el\u2026","rel":"","context":"En \u00abRiesgos Naturales\u00bb","block_context":{"text":"Riesgos Naturales","link":"https:\/\/alpoma.net\/carto\/?cat=6"},"img":{"alt_text":"","src":"https:\/\/i0.wp.com\/alpoma.net\/carto\/wp-content\/uploads\/2005\/10\/incendios_india.jpg?resize=350%2C200&ssl=1","width":350,"height":200,"srcset":"https:\/\/i0.wp.com\/alpoma.net\/carto\/wp-content\/uploads\/2005\/10\/incendios_india.jpg?resize=350%2C200&ssl=1 1x, https:\/\/i0.wp.com\/alpoma.net\/carto\/wp-content\/uploads\/2005\/10\/incendios_india.jpg?resize=525%2C300&ssl=1 1.5x"},"classes":[]},{"id":397,"url":"https:\/\/alpoma.net\/carto\/?p=397","url_meta":{"origin":8,"position":5},"title":"Incendios en Grecia","author":"alpoma","date":"agosto 27, 2007","format":false,"excerpt":"La siguiente imagen de sat\u00e9lite puede darnos una lejana idea del infierno que se est\u00e1 sufriendo en Grecia estos d\u00edas a causa de los incendios. La toma corresponde al espectroradi\u00f3metro MODIS, a bordo del sat\u00e9lite Aqua. Cuenta con una resoluci\u00f3n espacial de 250 metros por pixel en la versi\u00f3n completa\u2026","rel":"","context":"En \u00abRiesgos Naturales\u00bb","block_context":{"text":"Riesgos Naturales","link":"https:\/\/alpoma.net\/carto\/?cat=6"},"img":{"alt_text":"","src":"https:\/\/i0.wp.com\/alpoma.net\/carto\/wp-content\/uploads\/2007\/08\/1250636369_8e20ca2a04_o.jpg?resize=350%2C200&ssl=1","width":350,"height":200,"srcset":"https:\/\/i0.wp.com\/alpoma.net\/carto\/wp-content\/uploads\/2007\/08\/1250636369_8e20ca2a04_o.jpg?resize=350%2C200&ssl=1 1x, https:\/\/i0.wp.com\/alpoma.net\/carto\/wp-content\/uploads\/2007\/08\/1250636369_8e20ca2a04_o.jpg?resize=525%2C300&ssl=1 1.5x"},"classes":[]}],"jetpack_sharing_enabled":true,"_links":{"self":[{"href":"https:\/\/alpoma.net\/carto\/index.php?rest_route=\/wp\/v2\/posts\/8","targetHints":{"allow":["GET"]}}],"collection":[{"href":"https:\/\/alpoma.net\/carto\/index.php?rest_route=\/wp\/v2\/posts"}],"about":[{"href":"https:\/\/alpoma.net\/carto\/index.php?rest_route=\/wp\/v2\/types\/post"}],"author":[{"embeddable":true,"href":"https:\/\/alpoma.net\/carto\/index.php?rest_route=\/wp\/v2\/users\/1"}],"replies":[{"embeddable":true,"href":"https:\/\/alpoma.net\/carto\/index.php?rest_route=%2Fwp%2Fv2%2Fcomments&post=8"}],"version-history":[{"count":0,"href":"https:\/\/alpoma.net\/carto\/index.php?rest_route=\/wp\/v2\/posts\/8\/revisions"}],"wp:featuredmedia":[{"embeddable":true,"href":"https:\/\/alpoma.net\/carto\/index.php?rest_route=\/wp\/v2\/media\/6081"}],"wp:attachment":[{"href":"https:\/\/alpoma.net\/carto\/index.php?rest_route=%2Fwp%2Fv2%2Fmedia&parent=8"}],"wp:term":[{"taxonomy":"category","embeddable":true,"href":"https:\/\/alpoma.net\/carto\/index.php?rest_route=%2Fwp%2Fv2%2Fcategories&post=8"},{"taxonomy":"post_tag","embeddable":true,"href":"https:\/\/alpoma.net\/carto\/index.php?rest_route=%2Fwp%2Fv2%2Ftags&post=8"}],"curies":[{"name":"wp","href":"https:\/\/api.w.org\/{rel}","templated":true}]}}