{"id":79,"date":"2006-01-16T22:56:37","date_gmt":"2006-01-16T20:56:37","guid":{"rendered":"http:\/\/alpoma.net\/carto\/?p=79"},"modified":"2006-01-16T22:56:37","modified_gmt":"2006-01-16T20:56:37","slug":"recursos-de-teledeteccion-ambiental","status":"publish","type":"post","link":"https:\/\/alpoma.net\/carto\/?p=79","title":{"rendered":"Recursos de teledetecci\u00f3n ambiental"},"content":{"rendered":"<p>Listado de inter\u00e9s sobre recursos de teledetecci\u00f3n ambiental. Se trata de bases de datos fotogr\u00e1ficos, muchos de ellos con tomas en \u00abtiempo real\u00bb, basados en centros de investigaci\u00f3n de todo el mundo:<\/p>\n<p>&#8211;> <strong><a href=\"http:\/\/www.nwas.org\/committees\/rs\/nwasat.html\">Environmental Satellite Images<\/a><\/strong><\/p>\n","protected":false},"excerpt":{"rendered":"<div class=\"mh-excerpt\"><p>Listado de inter\u00e9s sobre recursos de teledetecci\u00f3n ambiental. Se trata de bases de datos fotogr\u00e1ficos, muchos de ellos con tomas en \u00abtiempo real\u00bb, basados en <a class=\"mh-excerpt-more\" href=\"https:\/\/alpoma.net\/carto\/?p=79\" title=\"Recursos de teledetecci\u00f3n ambiental\">[&#8230;]<\/a><\/p>\n<\/div>","protected":false},"author":1,"featured_media":0,"comment_status":"open","ping_status":"open","sticky":false,"template":"","format":"standard","meta":{"jetpack_post_was_ever_published":false,"_jetpack_newsletter_access":"","_jetpack_dont_email_post_to_subs":false,"_jetpack_newsletter_tier_id":0,"_jetpack_memberships_contains_paywalled_content":false,"_jetpack_memberships_contains_paid_content":false,"footnotes":""},"categories":[3],"tags":[],"class_list":["post-79","post","type-post","status-publish","format-standard","hentry","category-teledeteccion"],"jetpack_featured_media_url":"","jetpack_shortlink":"https:\/\/wp.me\/p93Co9-1h","jetpack-related-posts":[{"id":256,"url":"https:\/\/alpoma.net\/carto\/?p=256","url_meta":{"origin":79,"position":0},"title":"Superficie quemada en Galicia","author":"alpoma","date":"septiembre 14, 2006","format":false,"excerpt":"Muchas cifras, dir\u00edase guerra de datos, se han ofrecido \u00faltimamente acerca de la superficie quemada en los incencios del pasado Agosto en Galicia. He aqu\u00ed un interesante informe acerca del uso de la tecnolog\u00eda de teledetecci\u00f3n en la medida de esa superficie. (Se han contabilizado m\u00e1s de 92.000 Ha): Evaluaci\u00f3n\u2026","rel":"","context":"En \u00abGeograf\u00eda\u00bb","block_context":{"text":"Geograf\u00eda","link":"https:\/\/alpoma.net\/carto\/?cat=7"},"img":{"alt_text":"","src":"","width":0,"height":0},"classes":[]},{"id":229,"url":"https:\/\/alpoma.net\/carto\/?p=229","url_meta":{"origin":79,"position":1},"title":"Nuevas herramientas de representaci\u00f3n de datos ambientales","author":"alpoma","date":"julio 19, 2006","format":false,"excerpt":"Juan Freire presenta en su blog una nueva e interesant\u00edsima informaci\u00f3n -como todo lo que en el mismo puede encontrarse- sobre nuevas formas de representar la informaci\u00f3n relacionada con datos de teledetecci\u00f3n ambiental: Nuevas herramientas para la visualizaci\u00f3n y comunicaci\u00f3n de eventos ambientales a gran escala: nubes de insectos en\u2026","rel":"","context":"En \u00abMiscel\u00e1nea\u00bb","block_context":{"text":"Miscel\u00e1nea","link":"https:\/\/alpoma.net\/carto\/?cat=1"},"img":{"alt_text":"","src":"","width":0,"height":0},"classes":[]},{"id":215,"url":"https:\/\/alpoma.net\/carto\/?p=215","url_meta":{"origin":79,"position":2},"title":"Galer\u00eda de enlaces","author":"alpoma","date":"junio 28, 2006","format":false,"excerpt":"Una vez m\u00e1s, no tengo mucho tiempo para explorar todo el nuevo material que desear\u00eda detallar en La Cartoteca, por ello y para no dejar pasar algunas novedades, he aqu\u00ed una serie de recursos de inter\u00e9s que me han llamado la atenci\u00f3n en los \u00faltimos d\u00edas: Atlas do Ambiente -\u2026","rel":"","context":"En \u00abEn l\u00ednea\u00bb","block_context":{"text":"En l\u00ednea","link":"https:\/\/alpoma.net\/carto\/?cat=5"},"img":{"alt_text":"","src":"","width":0,"height":0},"classes":[]},{"id":147,"url":"https:\/\/alpoma.net\/carto\/?p=147","url_meta":{"origin":79,"position":3},"title":"CLICK!","author":"alpoma","date":"marzo 16, 2006","format":false,"excerpt":"Con este curioso nombre, que atrae hacia sus recursos, percisamente para hacer \"click\", se bautiza el Center for LIDAR Information Coordination and Knowledge, que ofrece en Internet datos acerca estudios cartogr\u00e1ficos y GIS que utilizan LIDAR en los Estados Unidos. Una web muy interesante que, adem\u00e1s de un pegadizo nombre,\u2026","rel":"","context":"En \u00abCartograf\u00eda\u00bb","block_context":{"text":"Cartograf\u00eda","link":"https:\/\/alpoma.net\/carto\/?cat=9"},"img":{"alt_text":"","src":"","width":0,"height":0},"classes":[]},{"id":3420,"url":"https:\/\/alpoma.net\/carto\/?p=3420","url_meta":{"origin":79,"position":4},"title":"[Libro\/descarga] Sat\u00e9lites de Teledetecci\u00f3n para la Gesti\u00f3n del Territorio.","author":"alpoma","date":"junio 30, 2012","format":false,"excerpt":"Toda una delicia... ;-) Ya se encuentra disponible el libro Sat\u00e9lites de Teledetecci\u00f3n para la Gesti\u00f3n del Territorio. Este documento, que fue planteado como uno de los objetivos iniciales del proyecto SATELMAC, permite acceder a informaci\u00f3n relacionada con los sat\u00e9lites operativos m\u00e1s importante que en hay en la actualidad y\u2026","rel":"","context":"En \u00abTeledetecci\u00f3n\u00bb","block_context":{"text":"Teledetecci\u00f3n","link":"https:\/\/alpoma.net\/carto\/?cat=3"},"img":{"alt_text":"satelites_de_teledeteccion_para_la_gestion_del_territorio","src":"https:\/\/i0.wp.com\/farm9.staticflickr.com\/8015\/7471780246_a9836197dd_m.jpg?resize=350%2C200","width":350,"height":200},"classes":[]},{"id":21,"url":"https:\/\/alpoma.net\/carto\/?p=21","url_meta":{"origin":79,"position":5},"title":"Teledetecci\u00f3n de la ESA","author":"alpoma","date":"noviembre 4, 2005","format":false,"excerpt":"La Agencia Espacial Europea, ofrece una serie de fotograf\u00edas de teledetecci\u00f3n que se actualizan semanalmente y resultan muy interesantes, acompa\u00f1adas de explicaciones y la posibilidad de descargar una versi\u00f3n fotogr\u00e1fica de gran tama\u00f1o. Esta semana ofrece una espectacular imagen de la costa bengal\u00ed en la India: --> Earth from Space:\u2026","rel":"","context":"En \u00abEn l\u00ednea\u00bb","block_context":{"text":"En l\u00ednea","link":"https:\/\/alpoma.net\/carto\/?cat=5"},"img":{"alt_text":"","src":"","width":0,"height":0},"classes":[]}],"jetpack_sharing_enabled":true,"_links":{"self":[{"href":"https:\/\/alpoma.net\/carto\/index.php?rest_route=\/wp\/v2\/posts\/79","targetHints":{"allow":["GET"]}}],"collection":[{"href":"https:\/\/alpoma.net\/carto\/index.php?rest_route=\/wp\/v2\/posts"}],"about":[{"href":"https:\/\/alpoma.net\/carto\/index.php?rest_route=\/wp\/v2\/types\/post"}],"author":[{"embeddable":true,"href":"https:\/\/alpoma.net\/carto\/index.php?rest_route=\/wp\/v2\/users\/1"}],"replies":[{"embeddable":true,"href":"https:\/\/alpoma.net\/carto\/index.php?rest_route=%2Fwp%2Fv2%2Fcomments&post=79"}],"version-history":[{"count":0,"href":"https:\/\/alpoma.net\/carto\/index.php?rest_route=\/wp\/v2\/posts\/79\/revisions"}],"wp:attachment":[{"href":"https:\/\/alpoma.net\/carto\/index.php?rest_route=%2Fwp%2Fv2%2Fmedia&parent=79"}],"wp:term":[{"taxonomy":"category","embeddable":true,"href":"https:\/\/alpoma.net\/carto\/index.php?rest_route=%2Fwp%2Fv2%2Fcategories&post=79"},{"taxonomy":"post_tag","embeddable":true,"href":"https:\/\/alpoma.net\/carto\/index.php?rest_route=%2Fwp%2Fv2%2Ftags&post=79"}],"curies":[{"name":"wp","href":"https:\/\/api.w.org\/{rel}","templated":true}]}}