{"id":7895,"date":"2025-05-20T22:00:04","date_gmt":"2025-05-20T20:00:04","guid":{"rendered":"https:\/\/alpoma.net\/carto\/?p=7895"},"modified":"2025-05-20T22:00:04","modified_gmt":"2025-05-20T20:00:04","slug":"nuevo-libro-del-ign-en-descarga-evolucion-de-la-imagen-cartografica-de-espana-catalogo-de-mapas","status":"publish","type":"post","link":"https:\/\/alpoma.net\/carto\/?p=7895","title":{"rendered":"Nuevo libro del IGN en descarga: \u00abEvoluci\u00f3n de la imagen cartogr\u00e1fica de Espa\u00f1a. Cat\u00e1logo de mapas\u00bb"},"content":{"rendered":"<p><img loading=\"lazy\" decoding=\"async\" data-attachment-id=\"7896\" data-permalink=\"https:\/\/alpoma.net\/carto\/?attachment_id=7896\" data-orig-file=\"https:\/\/alpoma.net\/carto\/wp-content\/uploads\/2025\/05\/libmaps.png\" data-orig-size=\"1094,1544\" data-comments-opened=\"0\" data-image-meta=\"{&quot;aperture&quot;:&quot;0&quot;,&quot;credit&quot;:&quot;&quot;,&quot;camera&quot;:&quot;&quot;,&quot;caption&quot;:&quot;&quot;,&quot;created_timestamp&quot;:&quot;0&quot;,&quot;copyright&quot;:&quot;&quot;,&quot;focal_length&quot;:&quot;0&quot;,&quot;iso&quot;:&quot;0&quot;,&quot;shutter_speed&quot;:&quot;0&quot;,&quot;title&quot;:&quot;&quot;,&quot;orientation&quot;:&quot;0&quot;}\" data-image-title=\"libmaps\" data-image-description=\"\" data-image-caption=\"\" data-large-file=\"https:\/\/alpoma.net\/carto\/wp-content\/uploads\/2025\/05\/libmaps-726x1024.png\" src=\"https:\/\/alpoma.net\/carto\/wp-content\/uploads\/2025\/05\/libmaps-213x300.png\" alt=\"\" width=\"213\" height=\"300\" class=\"alignright size-medium wp-image-7896\" srcset=\"https:\/\/alpoma.net\/carto\/wp-content\/uploads\/2025\/05\/libmaps-213x300.png 213w, https:\/\/alpoma.net\/carto\/wp-content\/uploads\/2025\/05\/libmaps-726x1024.png 726w, https:\/\/alpoma.net\/carto\/wp-content\/uploads\/2025\/05\/libmaps-768x1084.png 768w, https:\/\/alpoma.net\/carto\/wp-content\/uploads\/2025\/05\/libmaps-1088x1536.png 1088w, https:\/\/alpoma.net\/carto\/wp-content\/uploads\/2025\/05\/libmaps.png 1094w\" sizes=\"auto, (max-width: 213px) 100vw, 213px\" \/>Gracias a un soplo de <a href=\"https:\/\/x.com\/UribeX\">@UribeX<\/a>, he llegado a este nuevo libro publicado por el IGN, que est\u00e1 <strong><a href=\"https:\/\/www.ign.es\/web\/resources\/acercaDe\/libDigPub\/MICE_Evol_Imagen_Carto_Esp_2025.pdf\">disponible en descarga directa<\/a><\/strong> o bien se puede comprar en papel. Se trata de <strong>\u00ab<em>Evoluci\u00f3n de la imagen cartogr\u00e1fica de Espa\u00f1a. Cat\u00e1logo de mapas<\/em>\u00ab<\/strong> que, no es s\u00f3lo un \u00abcat\u00e1logo\u00bb, sino mucho m\u00e1s. Se puede tomar incluso como si de una herramienta educativa se tratara, porque muestra c\u00f3mo la cartograf\u00eda ha sido testigo y protagonista de los cambios pol\u00edticos, sociales y culturales en Espa\u00f1a a lo largo de los siglos. <\/p>\n<p>El libro (con textos en espa\u00f1ol e ingl\u00e9s) despliega unas 200 fichas descriptivas con mapas que abarcan desde muestras medievales del cl\u00e1sico tipo \u201cT en O\u201d, cartas portulanas utilizadas para la navegaci\u00f3n, mapas basados en la <em>Geograf\u00eda<\/em> de Ptolomeo, representaciones de los siglos XVI y XVII elaboradas por cart\u00f3grafos europeos, mapas de cart\u00f3grafos espa\u00f1oles del siglo XVIII como Tom\u00e1s L\u00f3pez o Vicente Tofi\u00f1o, y as\u00ed hasta varias muestras de  cartograf\u00eda m\u00e1s reciente. Esta obra ha nacido de la colaboraci\u00f3n entre el IGN, el Centro Nacional de Informaci\u00f3n Geogr\u00e1fica (CNIG) y la Red ANEXXI, con la participaci\u00f3n de instituciones como la Biblioteca Nacional, la Real Academia de la Historia, el Instituto Hidrogr\u00e1fico de la Marina, el Centro Geogr\u00e1fico del Ej\u00e9rcito, el Museo Naval y la Direcci\u00f3n General del Catastro. Adem\u00e1s, se han incorporado mapas procedentes de cartotecas de la Biblioteca de Catalunya, la Real Biblioteca del Monasterio de El Escorial y la Biblioteca General Hist\u00f3rica de la Universidad de Salamanca. Vamos, una aut\u00e9ntica maravilla. <\/p>\n<p><strong>M\u00e1s informaci\u00f3n<\/strong>:<br \/>\n<a href=\"https:\/\/www.ign.es\/web\/ign\/portal\/libros-digitales\/evolucion-imagen-cartografia-espana\">https:\/\/www.ign.es\/web\/ign\/portal\/libros-digitales\/evolucion-imagen-cartografia-espana<\/a><\/p>\n","protected":false},"excerpt":{"rendered":"<div class=\"mh-excerpt\"><p>Gracias a un soplo de @UribeX, he llegado a este nuevo libro publicado por el IGN, que est\u00e1 disponible en descarga directa o bien se <a class=\"mh-excerpt-more\" href=\"https:\/\/alpoma.net\/carto\/?p=7895\" title=\"Nuevo libro del IGN en descarga: \u00abEvoluci\u00f3n de la imagen cartogr\u00e1fica de Espa\u00f1a. Cat\u00e1logo de mapas\u00bb\">[&#8230;]<\/a><\/p>\n<\/div>","protected":false},"author":1,"featured_media":7896,"comment_status":"closed","ping_status":"closed","sticky":false,"template":"","format":"standard","meta":{"jetpack_post_was_ever_published":false,"_jetpack_newsletter_access":"","_jetpack_dont_email_post_to_subs":false,"_jetpack_newsletter_tier_id":0,"_jetpack_memberships_contains_paywalled_content":false,"_jetpack_memberships_contains_paid_content":false,"footnotes":""},"categories":[4],"tags":[],"class_list":["post-7895","post","type-post","status-publish","format-standard","has-post-thumbnail","hentry","category-viejos-mapas"],"jetpack_featured_media_url":"https:\/\/alpoma.net\/carto\/wp-content\/uploads\/2025\/05\/libmaps.png","jetpack_shortlink":"https:\/\/wp.me\/p93Co9-23l","jetpack-related-posts":[{"id":1925,"url":"https:\/\/alpoma.net\/carto\/?p=1925","url_meta":{"origin":7895,"position":0},"title":"Mapas de la frontera entre Espa\u00f1a y Portugal, siglo XVIII (Descarga de libro y mapas)","author":"alpoma","date":"octubre 7, 2010","format":false,"excerpt":"Una vez m\u00e1s agradezco a la editorial 4 Gatos el aviso y, c\u00f3mo no, su pasi\u00f3n cartogr\u00e1fica. Como complemento a su magn\u00edfica obra Historia e Imagen de un Asedio. Badajoz 1705, incluyen una colecci\u00f3n de cuatro mapas de principios del siglo XVIII, del \u00e1rea fronteriza entre Espa\u00f1a y Portugal, que\u2026","rel":"","context":"En \u00abViejos mapas\u00bb","block_context":{"text":"Viejos mapas","link":"https:\/\/alpoma.net\/carto\/?cat=4"},"img":{"alt_text":"","src":"","width":0,"height":0},"classes":[]},{"id":7296,"url":"https:\/\/alpoma.net\/carto\/?p=7296","url_meta":{"origin":7895,"position":1},"title":"Espa\u00f1a en mapas. Una s\u00edntesis geogr\u00e1fica (Descarga)","author":"alpoma","date":"enero 6, 2019","format":false,"excerpt":"El IGN present\u00f3 recientemente su \"S\u00edntesis del Atlas Nacional de Espa\u00f1a\", titulada \"Espa\u00f1a en mapas. Una s\u00edntesis geogr\u00e1fica\", que puede descargarse libremente y, tambi\u00e9n, comprarse en versi\u00f3n impresa: \"...en un solo volumen de algo m\u00e1s de 600 p\u00e1ginas y m\u00e1s de 800 mapas, en el que ha colaborado toda una\u2026","rel":"","context":"En \u00abCartograf\u00eda\u00bb","block_context":{"text":"Cartograf\u00eda","link":"https:\/\/alpoma.net\/carto\/?cat=9"},"img":{"alt_text":"","src":"https:\/\/i0.wp.com\/alpoma.net\/carto\/wp-content\/uploads\/2019\/01\/esp-mp.png?resize=350%2C200&ssl=1","width":350,"height":200,"srcset":"https:\/\/i0.wp.com\/alpoma.net\/carto\/wp-content\/uploads\/2019\/01\/esp-mp.png?resize=350%2C200&ssl=1 1x, https:\/\/i0.wp.com\/alpoma.net\/carto\/wp-content\/uploads\/2019\/01\/esp-mp.png?resize=525%2C300&ssl=1 1.5x"},"classes":[]},{"id":6769,"url":"https:\/\/alpoma.net\/carto\/?p=6769","url_meta":{"origin":7895,"position":2},"title":"Libros sobre mapas para regalar (o regalarte)","author":"alpoma","date":"diciembre 15, 2017","format":false,"excerpt":"Hace unos d\u00edas, en un intercambio de mensajes en Twitter en el que particip\u00e9, se mencionaron diversos libros sobre mapas, o geograf\u00eda, que podr\u00edan ser interesantes como regalo. Hoy he revisado por encima algunos de ellos (los que tengo en mi biblioteca, a mano) y he creado una lista de\u2026","rel":"","context":"En \u00abMiscel\u00e1nea\u00bb","block_context":{"text":"Miscel\u00e1nea","link":"https:\/\/alpoma.net\/carto\/?cat=1"},"img":{"alt_text":"","src":"https:\/\/i0.wp.com\/alpoma.net\/carto\/wp-content\/uploads\/2017\/12\/paisesnoexst-300x228.jpg?resize=350%2C200","width":350,"height":200},"classes":[]},{"id":3364,"url":"https:\/\/alpoma.net\/carto\/?p=3364","url_meta":{"origin":7895,"position":3},"title":"[Libro] Mapas invisibles","author":"alpoma","date":"mayo 27, 2012","format":false,"excerpt":"En ratos libres he podido ir revisando en los \u00faltimos d\u00edas el contenido de Mapas invisibles, el nuevo libro de Jorge del R\u00edo San Jos\u00e9, especialista en tecnolog\u00eda SIG que es conocido en la red por ser el autor de El mundo de los mapas (Orbemapa). El libro necesita una\u2026","rel":"","context":"En \u00abCartograf\u00eda\u00bb","block_context":{"text":"Cartograf\u00eda","link":"https:\/\/alpoma.net\/carto\/?cat=9"},"img":{"alt_text":"mapas_invisibles","src":"https:\/\/i0.wp.com\/farm8.staticflickr.com\/7079\/7280466280_9d8f4535a4_m.jpg?resize=350%2C200","width":350,"height":200},"classes":[]},{"id":888,"url":"https:\/\/alpoma.net\/carto\/?p=888","url_meta":{"origin":7895,"position":4},"title":"Geograf\u00eda visual de California (1933)","author":"alpoma","date":"septiembre 25, 2009","format":false,"excerpt":"Peque\u00f1a delicia cartogr\u00e1fica que repasa la historia y la geograf\u00eda de California de forma puramente visual, con mapas y gr\u00e1ficos. Puede que hoy, a mucha gente, no le parezca espectacular, pero si se piensa que se trata de un libro editado en los a\u00f1os treinta del pasado siglo, sus minuciosos\u2026","rel":"","context":"En \u00abViejos mapas\u00bb","block_context":{"text":"Viejos mapas","link":"https:\/\/alpoma.net\/carto\/?cat=4"},"img":{"alt_text":"","src":"","width":0,"height":0},"classes":[]},{"id":1637,"url":"https:\/\/alpoma.net\/carto\/?p=1637","url_meta":{"origin":7895,"position":5},"title":"Mapas de suelos de Espa\u00f1a","author":"alpoma","date":"mayo 29, 2010","format":false,"excerpt":"En total, son 47 los mapas de suelos de Espa\u00f1a (y otros relacionados y muy interesantes, como un mapa del cuaternadio en Espa\u00f1a editado por el ITGM en el a\u00f1o 1989) a los que se puede acceder v\u00eda descarga (formatos PDF y ZIP) gracias a la actualizaci\u00f3n de la web\u2026","rel":"","context":"En \u00abCartograf\u00eda\u00bb","block_context":{"text":"Cartograf\u00eda","link":"https:\/\/alpoma.net\/carto\/?cat=9"},"img":{"alt_text":"","src":"https:\/\/i0.wp.com\/alpoma.net\/carto\/wp-content\/uploads\/2010\/05\/4650025666_7510f8cc59_o.jpg?resize=350%2C200&ssl=1","width":350,"height":200,"srcset":"https:\/\/i0.wp.com\/alpoma.net\/carto\/wp-content\/uploads\/2010\/05\/4650025666_7510f8cc59_o.jpg?resize=350%2C200&ssl=1 1x, https:\/\/i0.wp.com\/alpoma.net\/carto\/wp-content\/uploads\/2010\/05\/4650025666_7510f8cc59_o.jpg?resize=525%2C300&ssl=1 1.5x"},"classes":[]}],"jetpack_sharing_enabled":true,"_links":{"self":[{"href":"https:\/\/alpoma.net\/carto\/index.php?rest_route=\/wp\/v2\/posts\/7895","targetHints":{"allow":["GET"]}}],"collection":[{"href":"https:\/\/alpoma.net\/carto\/index.php?rest_route=\/wp\/v2\/posts"}],"about":[{"href":"https:\/\/alpoma.net\/carto\/index.php?rest_route=\/wp\/v2\/types\/post"}],"author":[{"embeddable":true,"href":"https:\/\/alpoma.net\/carto\/index.php?rest_route=\/wp\/v2\/users\/1"}],"replies":[{"embeddable":true,"href":"https:\/\/alpoma.net\/carto\/index.php?rest_route=%2Fwp%2Fv2%2Fcomments&post=7895"}],"version-history":[{"count":1,"href":"https:\/\/alpoma.net\/carto\/index.php?rest_route=\/wp\/v2\/posts\/7895\/revisions"}],"predecessor-version":[{"id":7897,"href":"https:\/\/alpoma.net\/carto\/index.php?rest_route=\/wp\/v2\/posts\/7895\/revisions\/7897"}],"wp:featuredmedia":[{"embeddable":true,"href":"https:\/\/alpoma.net\/carto\/index.php?rest_route=\/wp\/v2\/media\/7896"}],"wp:attachment":[{"href":"https:\/\/alpoma.net\/carto\/index.php?rest_route=%2Fwp%2Fv2%2Fmedia&parent=7895"}],"wp:term":[{"taxonomy":"category","embeddable":true,"href":"https:\/\/alpoma.net\/carto\/index.php?rest_route=%2Fwp%2Fv2%2Fcategories&post=7895"},{"taxonomy":"post_tag","embeddable":true,"href":"https:\/\/alpoma.net\/carto\/index.php?rest_route=%2Fwp%2Fv2%2Ftags&post=7895"}],"curies":[{"name":"wp","href":"https:\/\/api.w.org\/{rel}","templated":true}]}}