{"id":7802,"date":"2023-02-28T21:32:54","date_gmt":"2023-02-28T19:32:54","guid":{"rendered":"https:\/\/alpoma.net\/carto\/?p=7802"},"modified":"2023-02-28T21:33:21","modified_gmt":"2023-02-28T19:33:21","slug":"mapa-de-geolocalizaciones-del-portal-digital-de-historia-hispanica-real-academia-de-historia","status":"publish","type":"post","link":"https:\/\/alpoma.net\/carto\/?p=7802","title":{"rendered":"Mapa de geolocalizaciones del Portal Digital de Historia Hisp\u00e1nica (Real Academia de Historia)"},"content":{"rendered":"<p><img loading=\"lazy\" decoding=\"async\" data-attachment-id=\"7803\" data-permalink=\"https:\/\/alpoma.net\/carto\/?attachment_id=7803\" data-orig-file=\"https:\/\/alpoma.net\/carto\/wp-content\/uploads\/2023\/02\/mapa-historia-hispanica.png\" data-orig-size=\"700,437\" data-comments-opened=\"0\" data-image-meta=\"{&quot;aperture&quot;:&quot;0&quot;,&quot;credit&quot;:&quot;&quot;,&quot;camera&quot;:&quot;&quot;,&quot;caption&quot;:&quot;&quot;,&quot;created_timestamp&quot;:&quot;0&quot;,&quot;copyright&quot;:&quot;&quot;,&quot;focal_length&quot;:&quot;0&quot;,&quot;iso&quot;:&quot;0&quot;,&quot;shutter_speed&quot;:&quot;0&quot;,&quot;title&quot;:&quot;&quot;,&quot;orientation&quot;:&quot;0&quot;}\" data-image-title=\"mapa-historia-hispanica\" data-image-description=\"\" data-image-caption=\"\" data-large-file=\"https:\/\/alpoma.net\/carto\/wp-content\/uploads\/2023\/02\/mapa-historia-hispanica.png\" src=\"https:\/\/alpoma.net\/carto\/wp-content\/uploads\/2023\/02\/mapa-historia-hispanica-300x187.png\" alt=\"\" width=\"300\" height=\"187\" class=\"alignright size-medium wp-image-7803\" srcset=\"https:\/\/alpoma.net\/carto\/wp-content\/uploads\/2023\/02\/mapa-historia-hispanica-300x187.png 300w, https:\/\/alpoma.net\/carto\/wp-content\/uploads\/2023\/02\/mapa-historia-hispanica.png 700w\" sizes=\"auto, (max-width: 300px) 100vw, 300px\" \/>Esta ma\u00f1ana, en el grupo de <em>Telegram<\/em> \u00abDetr\u00e1s del mapa\u00bb, me llam\u00f3 la atenci\u00f3n una nota sobre un proyecto de geolocalizaci\u00f3n de datos del Portal Digital de Historia Hisp\u00e1nica (Real Academia de Historia). Se trata de un proyecto muy interesante al que puede accederse desde aqu\u00ed: <strong><a href=\"https:\/\/historia-hispanica.rah.es\" rel=\"noopener\" target=\"_blank\">https:\/\/historia-hispanica.rah.es<\/a><\/strong><\/p>\n<p>La nota mencionada, publicada por <a href=\"https:\/\/www.nosolosig.com\" rel=\"noopener\" target=\"_blank\">NosoloSIG<\/a>, mencionaba lo siguiente:<\/p>\n<blockquote><p><em>La Real Academia de la Historia (Espa\u00f1a) ha presentado el Portal Digital de Historia Hisp\u00e1nica, que muestra las geolocalizaciones de los acontecimientos y personajes de nuestra historia con unas 150.000 referencias geogr\u00e1ficas, la mayor informaci\u00f3n reunida hasta la fecha, seg\u00fan los autores.<\/p>\n<p>Todos los hechos hist\u00f3ricos y todos los personajes est\u00e1n enlazados entre s\u00ed, mostrando un haz de relaciones y v\u00ednculos internos que complementa la informaci\u00f3n con datos procedentes de otros contenidos del portal. Estas geolocalizaciones, que se extienden por todo el orbe, se\u00f1alan los lugares de actividad de m\u00e1s de 50.000 personajes y la ubicaci\u00f3n de m\u00e1s de 20.000 acontecimientos de nuestra Historia desde el a\u00f1o 1.350.000 a.C. hasta la actualidad con especial atenci\u00f3n a todos los territorios que formaron parte de la Administraci\u00f3n espa\u00f1ola.<\/p>\n<p>Los contenidos cuentan con el criterio de autoridad y la garant\u00eda de calidad cient\u00edfica que aportan las m\u00e1s de 500 instituciones cient\u00edficas nacionales e internacionales que han colaborado en el desarrollo y la puesta en marcha de esta base de datos y los cerca de 5.000 historiadores e investigadores espa\u00f1oles y extranjeros que han contribuido a su elaboraci\u00f3n. La Real Academia de la Historia ha actualizado para este portal los contenidos del Diccionario Biogr\u00e1fico electr\u00f3nico (2018) y ha revisado, ampliado y puesto al d\u00eda la informaci\u00f3n sobre acontecimientos hist\u00f3ricos que integraba el Atlas Cronol\u00f3gico de la Historia de Espa\u00f1a (2008).<\/em><\/p><\/blockquote>\n","protected":false},"excerpt":{"rendered":"<div class=\"mh-excerpt\"><p>Esta ma\u00f1ana, en el grupo de Telegram \u00abDetr\u00e1s del mapa\u00bb, me llam\u00f3 la atenci\u00f3n una nota sobre un proyecto de geolocalizaci\u00f3n de datos del Portal <a class=\"mh-excerpt-more\" href=\"https:\/\/alpoma.net\/carto\/?p=7802\" title=\"Mapa de geolocalizaciones del Portal Digital de Historia Hisp\u00e1nica (Real Academia de Historia)\">[&#8230;]<\/a><\/p>\n<\/div>","protected":false},"author":1,"featured_media":7803,"comment_status":"closed","ping_status":"closed","sticky":false,"template":"","format":"standard","meta":{"jetpack_post_was_ever_published":false,"_jetpack_newsletter_access":"","_jetpack_dont_email_post_to_subs":false,"_jetpack_newsletter_tier_id":0,"_jetpack_memberships_contains_paywalled_content":false,"_jetpack_memberships_contains_paid_content":false,"footnotes":""},"categories":[5],"tags":[],"class_list":["post-7802","post","type-post","status-publish","format-standard","has-post-thumbnail","hentry","category-en-linea"],"jetpack_featured_media_url":"https:\/\/alpoma.net\/carto\/wp-content\/uploads\/2023\/02\/mapa-historia-hispanica.png","jetpack_shortlink":"https:\/\/wp.me\/p93Co9-21Q","jetpack-related-posts":[{"id":456,"url":"https:\/\/alpoma.net\/carto\/?p=456","url_meta":{"origin":7802,"position":0},"title":"Secci\u00f3n de mapas de la Biblioteca Digital Hisp\u00e1nica","author":"alpoma","date":"enero 16, 2008","format":false,"excerpt":"La recientemente estrenada Biblioteca Digital Hisp\u00e1nica cuenta con una secci\u00f3n de mapas antiguos, centrada sobre todo en cartograf\u00eda de Espa\u00f1a y europea de los siglos XVIII y XIX, de la que no dudo en recomendar su visita y calmado deleite: Secci\u00f3n de mapas de la Biblioteca Digital Hisp\u00e1nica - Biblioteca\u2026","rel":"","context":"En \u00abCartograf\u00eda\u00bb","block_context":{"text":"Cartograf\u00eda","link":"https:\/\/alpoma.net\/carto\/?cat=9"},"img":{"alt_text":"","src":"https:\/\/i0.wp.com\/alpoma.net\/carto\/wp-content\/uploads\/2008\/01\/2198341040_fa1463a6a6_o.jpg?resize=350%2C200&ssl=1","width":350,"height":200,"srcset":"https:\/\/i0.wp.com\/alpoma.net\/carto\/wp-content\/uploads\/2008\/01\/2198341040_fa1463a6a6_o.jpg?resize=350%2C200&ssl=1 1x, https:\/\/i0.wp.com\/alpoma.net\/carto\/wp-content\/uploads\/2008\/01\/2198341040_fa1463a6a6_o.jpg?resize=525%2C300&ssl=1 1.5x"},"classes":[]},{"id":3097,"url":"https:\/\/alpoma.net\/carto\/?p=3097","url_meta":{"origin":7802,"position":1},"title":"Joyas cartogr\u00e1ficas de la Real Academia de la Historia","author":"alpoma","date":"enero 26, 2012","format":false,"excerpt":"Desconoc\u00eda que la Real Academia de la Historia contara con una excelente cartoteca online, eso s\u00ed, est\u00e1 un poco escondida. Hoy he tenido que consultar algunos de los documentos que custodia y he quedado encantado, aunque el manejo es un poco pesado, como suele suceder en muchos casos similares. Esta\u2026","rel":"","context":"En \u00abViejos mapas\u00bb","block_context":{"text":"Viejos mapas","link":"https:\/\/alpoma.net\/carto\/?cat=4"},"img":{"alt_text":"","src":"https:\/\/i0.wp.com\/alpoma.net\/carto\/wp-content\/uploads\/2012\/01\/6767617409_5520f34a6e_o.jpg?resize=350%2C200&ssl=1","width":350,"height":200,"srcset":"https:\/\/i0.wp.com\/alpoma.net\/carto\/wp-content\/uploads\/2012\/01\/6767617409_5520f34a6e_o.jpg?resize=350%2C200&ssl=1 1x, https:\/\/i0.wp.com\/alpoma.net\/carto\/wp-content\/uploads\/2012\/01\/6767617409_5520f34a6e_o.jpg?resize=525%2C300&ssl=1 1.5x"},"classes":[]},{"id":3677,"url":"https:\/\/alpoma.net\/carto\/?p=3677","url_meta":{"origin":7802,"position":2},"title":"Todos los conflictos humanos en un solo mapa","author":"alpoma","date":"noviembre 1, 2012","format":false,"excerpt":"Parece un poco exagerado, pero esa parece la intenci\u00f3n de este proyecto, a saber, cartografiar todas las guerras registradas a lo largo de la historia en un solo mapa interactivo. La idea, de TecToys, explota datos de varias fuentes, como la Wikipedia, de una forma atractiva visualmente. He de decir\u2026","rel":"","context":"En \u00abExperimentos\u00bb","block_context":{"text":"Experimentos","link":"https:\/\/alpoma.net\/carto\/?cat=10"},"img":{"alt_text":"","src":"https:\/\/i0.wp.com\/alpoma.net\/carto\/wp-content\/uploads\/2012\/11\/8145123273_3f7754e631_o.jpg?resize=350%2C200&ssl=1","width":350,"height":200,"srcset":"https:\/\/i0.wp.com\/alpoma.net\/carto\/wp-content\/uploads\/2012\/11\/8145123273_3f7754e631_o.jpg?resize=350%2C200&ssl=1 1x, https:\/\/i0.wp.com\/alpoma.net\/carto\/wp-content\/uploads\/2012\/11\/8145123273_3f7754e631_o.jpg?resize=525%2C300&ssl=1 1.5x"},"classes":[]},{"id":6571,"url":"https:\/\/alpoma.net\/carto\/?p=6571","url_meta":{"origin":7802,"position":3},"title":"Atlas de la lengua espa\u00f1ola (descarga libre)","author":"alpoma","date":"diciembre 28, 2016","format":false,"excerpt":"Acabo de repasar esta tercera edici\u00f3n revisada y actualizada del Atlas de la lengua espa\u00f1ola en el mundo, obra de Francisco Moreno Fern\u00e1ndez y Jaime Otero Roth que Fundaci\u00f3n Telef\u00f3nica ha dispuesto en descarga libre para disfrute de todo el mundo. A lo largo de sus 146 p\u00e1ginas (hay versi\u00f3n\u2026","rel":"","context":"En \u00abEn l\u00ednea\u00bb","block_context":{"text":"En l\u00ednea","link":"https:\/\/alpoma.net\/carto\/?cat=5"},"img":{"alt_text":"","src":"https:\/\/i0.wp.com\/alpoma.net\/carto\/wp-content\/uploads\/2016\/12\/Atlas_portada.jpg?resize=350%2C200&ssl=1","width":350,"height":200},"classes":[]},{"id":7895,"url":"https:\/\/alpoma.net\/carto\/?p=7895","url_meta":{"origin":7802,"position":4},"title":"Nuevo libro del IGN en descarga: \u00abEvoluci\u00f3n de la imagen cartogr\u00e1fica de Espa\u00f1a. Cat\u00e1logo de mapas\u00bb","author":"alpoma","date":"mayo 20, 2025","format":false,"excerpt":"Gracias a un soplo de @UribeX, he llegado a este nuevo libro publicado por el IGN, que est\u00e1 disponible en descarga directa o bien se puede comprar en papel. Se trata de \"Evoluci\u00f3n de la imagen cartogr\u00e1fica de Espa\u00f1a. Cat\u00e1logo de mapas\" que, no es s\u00f3lo un \"cat\u00e1logo\", sino mucho\u2026","rel":"","context":"En \u00abViejos mapas\u00bb","block_context":{"text":"Viejos mapas","link":"https:\/\/alpoma.net\/carto\/?cat=4"},"img":{"alt_text":"","src":"https:\/\/i0.wp.com\/alpoma.net\/carto\/wp-content\/uploads\/2025\/05\/libmaps.png?resize=350%2C200&ssl=1","width":350,"height":200,"srcset":"https:\/\/i0.wp.com\/alpoma.net\/carto\/wp-content\/uploads\/2025\/05\/libmaps.png?resize=350%2C200&ssl=1 1x, https:\/\/i0.wp.com\/alpoma.net\/carto\/wp-content\/uploads\/2025\/05\/libmaps.png?resize=525%2C300&ssl=1 1.5x, https:\/\/i0.wp.com\/alpoma.net\/carto\/wp-content\/uploads\/2025\/05\/libmaps.png?resize=700%2C400&ssl=1 2x, https:\/\/i0.wp.com\/alpoma.net\/carto\/wp-content\/uploads\/2025\/05\/libmaps.png?resize=1050%2C600&ssl=1 3x"},"classes":[]},{"id":577,"url":"https:\/\/alpoma.net\/carto\/?p=577","url_meta":{"origin":7802,"position":5},"title":"Un trabajo impresionante: Im\u00e1genes de un Imperio Perdido. El Atlas del Marqu\u00e9s de Heliche","author":"alpoma","date":"julio 9, 2008","format":false,"excerpt":"Si, a la hora de referirme a La Memoria Ausente, Cartograf\u00eda de Espa\u00f1a y Portugal en el Archivo Militar de Estocolmo, siglos XVII y XVIII, obra que Editorial 4 Gatos ha dedidido poner a disposici\u00f3n de todo el p\u00fablico interesado en la cartograf\u00eda a trav\u00e9s de Internet, afirm\u00e9 que me\u2026","rel":"","context":"En \u00abViejos mapas\u00bb","block_context":{"text":"Viejos mapas","link":"https:\/\/alpoma.net\/carto\/?cat=4"},"img":{"alt_text":"","src":"https:\/\/i0.wp.com\/alpoma.net\/carto\/wp-content\/uploads\/2008\/07\/2652470493_f399c80c19_o.jpg?resize=350%2C200&ssl=1","width":350,"height":200},"classes":[]}],"jetpack_sharing_enabled":true,"_links":{"self":[{"href":"https:\/\/alpoma.net\/carto\/index.php?rest_route=\/wp\/v2\/posts\/7802","targetHints":{"allow":["GET"]}}],"collection":[{"href":"https:\/\/alpoma.net\/carto\/index.php?rest_route=\/wp\/v2\/posts"}],"about":[{"href":"https:\/\/alpoma.net\/carto\/index.php?rest_route=\/wp\/v2\/types\/post"}],"author":[{"embeddable":true,"href":"https:\/\/alpoma.net\/carto\/index.php?rest_route=\/wp\/v2\/users\/1"}],"replies":[{"embeddable":true,"href":"https:\/\/alpoma.net\/carto\/index.php?rest_route=%2Fwp%2Fv2%2Fcomments&post=7802"}],"version-history":[{"count":0,"href":"https:\/\/alpoma.net\/carto\/index.php?rest_route=\/wp\/v2\/posts\/7802\/revisions"}],"wp:featuredmedia":[{"embeddable":true,"href":"https:\/\/alpoma.net\/carto\/index.php?rest_route=\/wp\/v2\/media\/7803"}],"wp:attachment":[{"href":"https:\/\/alpoma.net\/carto\/index.php?rest_route=%2Fwp%2Fv2%2Fmedia&parent=7802"}],"wp:term":[{"taxonomy":"category","embeddable":true,"href":"https:\/\/alpoma.net\/carto\/index.php?rest_route=%2Fwp%2Fv2%2Fcategories&post=7802"},{"taxonomy":"post_tag","embeddable":true,"href":"https:\/\/alpoma.net\/carto\/index.php?rest_route=%2Fwp%2Fv2%2Ftags&post=7802"}],"curies":[{"name":"wp","href":"https:\/\/api.w.org\/{rel}","templated":true}]}}