{"id":78,"date":"2006-01-15T21:55:58","date_gmt":"2006-01-15T19:55:58","guid":{"rendered":"http:\/\/alpoma.net\/carto\/?p=78"},"modified":"2008-11-12T17:31:34","modified_gmt":"2008-11-12T15:31:34","slug":"geografia-de-la-salud","status":"publish","type":"post","link":"https:\/\/alpoma.net\/carto\/?p=78","title":{"rendered":"Geograf\u00eda de la salud"},"content":{"rendered":"<p>Interesante publicaci\u00f3n cient\u00edfica relacionada con geograf\u00eda m\u00e9dica, aplicaciones GIS en ciencias m\u00e9dicas, salud p\u00fablica y localizaci\u00f3n de recursos m\u00e9dicos y de salud:<\/p>\n<p>&#8211;> <strong><a href=\"http:\/\/www.ij-healthgeographics.com\/home\/\">International Journal of Health Geographics<\/a><\/strong> (Acceso libre).<\/p>\n","protected":false},"excerpt":{"rendered":"<div class=\"mh-excerpt\"><p>Interesante publicaci\u00f3n cient\u00edfica relacionada con geograf\u00eda m\u00e9dica, aplicaciones GIS en ciencias m\u00e9dicas, salud p\u00fablica y localizaci\u00f3n de recursos m\u00e9dicos y de salud: &#8211;> International Journal <a class=\"mh-excerpt-more\" href=\"https:\/\/alpoma.net\/carto\/?p=78\" title=\"Geograf\u00eda de la salud\">[&#8230;]<\/a><\/p>\n<\/div>","protected":false},"author":1,"featured_media":0,"comment_status":"open","ping_status":"open","sticky":false,"template":"","format":"standard","meta":{"jetpack_post_was_ever_published":false,"_jetpack_newsletter_access":"","_jetpack_dont_email_post_to_subs":false,"_jetpack_newsletter_tier_id":0,"_jetpack_memberships_contains_paywalled_content":false,"_jetpack_memberships_contains_paid_content":false,"footnotes":""},"categories":[7,13],"tags":[],"class_list":["post-78","post","type-post","status-publish","format-standard","hentry","category-geografia","category-geomed"],"jetpack_featured_media_url":"","jetpack_shortlink":"https:\/\/wp.me\/p93Co9-1g","jetpack-related-posts":[{"id":1547,"url":"https:\/\/alpoma.net\/carto\/?p=1547","url_meta":{"origin":78,"position":0},"title":"El Banco Mundial ofrece libre acceso a datos sobre desarrollo","author":"alpoma","date":"abril 21, 2010","format":false,"excerpt":"Un recurso m\u00e1s para a\u00f1adir al listado de bases de datos de inter\u00e9s geogr\u00e1fico, se trata de toda una biblioteca estad\u00edstica de libre acceso que ofrece gran cantidad de informaci\u00f3n econ\u00f3mica, de salud, desarrollo humano y similares que puede consultarse a trav\u00e9s de un website espec\u00edfico creado por el Banco\u2026","rel":"","context":"En \u00abGeograf\u00eda\u00bb","block_context":{"text":"Geograf\u00eda","link":"https:\/\/alpoma.net\/carto\/?cat=7"},"img":{"alt_text":"","src":"","width":0,"height":0},"classes":[]},{"id":6825,"url":"https:\/\/alpoma.net\/carto\/?p=6825","url_meta":{"origin":78,"position":1},"title":"\u00c9quihen-Plage, el pueblecito de las casas-barco","author":"alpoma","date":"febrero 4, 2018","format":false,"excerpt":"Hoy domingo me he levantado con \u00e1nimo de retomar las notas sobre geograf\u00eda curiosa. Ayer encontr\u00e9 en un ejemplar de La Ilustraci\u00f3n Art\u00edstica correspondiente al d\u00eda 12 de octubre de 1908 cierta menci\u00f3n a un pintoresco lugar: Hay en las costas del canal de la Mancha y a media docena\u2026","rel":"","context":"En \u00abGeograf\u00eda\u00bb","block_context":{"text":"Geograf\u00eda","link":"https:\/\/alpoma.net\/carto\/?cat=7"},"img":{"alt_text":"","src":"https:\/\/i0.wp.com\/alpoma.net\/carto\/wp-content\/uploads\/2018\/02\/Equihen-Plage.png?resize=350%2C200&ssl=1","width":350,"height":200,"srcset":"https:\/\/i0.wp.com\/alpoma.net\/carto\/wp-content\/uploads\/2018\/02\/Equihen-Plage.png?resize=350%2C200&ssl=1 1x, https:\/\/i0.wp.com\/alpoma.net\/carto\/wp-content\/uploads\/2018\/02\/Equihen-Plage.png?resize=525%2C300&ssl=1 1.5x, https:\/\/i0.wp.com\/alpoma.net\/carto\/wp-content\/uploads\/2018\/02\/Equihen-Plage.png?resize=700%2C400&ssl=1 2x"},"classes":[]},{"id":157,"url":"https:\/\/alpoma.net\/carto\/?p=157","url_meta":{"origin":78,"position":2},"title":"Podcast &#8211; Geograf\u00eda para llevar","author":"alpoma","date":"marzo 29, 2006","format":false,"excerpt":"Acaba de nacer un podcast en espa\u00f1ol que pretende tener aparici\u00f3n peri\u00f3dica y que tratar\u00e1 sobre todo tipo de informaci\u00f3n acerca de geograf\u00eda, teledetecci\u00f3n, GIS y, en geneal, geotecnolog\u00edas. Ya est\u00e1 disponible el primer episodio: Geograf\u00eda Para Llevar, un podcast dedicado a la geoinformaci\u00f3n y ciencias de la Tierra. Si\u2026","rel":"","context":"En \u00abEn l\u00ednea\u00bb","block_context":{"text":"En l\u00ednea","link":"https:\/\/alpoma.net\/carto\/?cat=5"},"img":{"alt_text":"","src":"","width":0,"height":0},"classes":[]},{"id":253,"url":"https:\/\/alpoma.net\/carto\/?p=253","url_meta":{"origin":78,"position":3},"title":"In Memoriam Jes\u00fas Garc\u00eda Fern\u00e1ndez","author":"alpoma","date":"septiembre 7, 2006","format":false,"excerpt":"Me han avisado hace poco del fallecimiento de un insigne ge\u00f3grafo, Jes\u00fas Garc\u00eda Fern\u00e1ndez, a quien tuve el honor de conocer en el Departamento de Geograf\u00eda de la Universidad de Valladolid. M\u00e1s adelante, cuando tenga m\u00e1s tiempo, procurar\u00e9 realizar una semblanza adecuada y un repaso bibliogr\u00e1fico de su obra. Sirva,\u2026","rel":"","context":"En \u00abGeograf\u00eda\u00bb","block_context":{"text":"Geograf\u00eda","link":"https:\/\/alpoma.net\/carto\/?cat=7"},"img":{"alt_text":"","src":"","width":0,"height":0},"classes":[]},{"id":6335,"url":"https:\/\/alpoma.net\/carto\/?p=6335","url_meta":{"origin":78,"position":4},"title":"\u00bfCu\u00e1ntos elementos de geograf\u00eda f\u00edsica reconoces?","author":"alpoma","date":"diciembre 13, 2015","format":false,"excerpt":"Estoy metido de lleno en el proceso de producci\u00f3n de Maptorian Plus, o lo que es igual, la evoluci\u00f3n mejorada de mi proyecto Maptorian, as\u00ed que apenas hay tiempo para escribir cosas nuevas. Esta nueva versi\u00f3n del pack de mapas vectoriales incluye capas topogr\u00e1ficas y he ah\u00ed que, batallando con\u2026","rel":"","context":"En \u00abGeograf\u00eda\u00bb","block_context":{"text":"Geograf\u00eda","link":"https:\/\/alpoma.net\/carto\/?cat=7"},"img":{"alt_text":"","src":"https:\/\/i0.wp.com\/alpoma.net\/carto\/wp-content\/uploads\/2015\/12\/geofis_fragmento.png?resize=350%2C200&ssl=1","width":350,"height":200,"srcset":"https:\/\/i0.wp.com\/alpoma.net\/carto\/wp-content\/uploads\/2015\/12\/geofis_fragmento.png?resize=350%2C200&ssl=1 1x, https:\/\/i0.wp.com\/alpoma.net\/carto\/wp-content\/uploads\/2015\/12\/geofis_fragmento.png?resize=525%2C300&ssl=1 1.5x, https:\/\/i0.wp.com\/alpoma.net\/carto\/wp-content\/uploads\/2015\/12\/geofis_fragmento.png?resize=700%2C400&ssl=1 2x"},"classes":[]},{"id":287,"url":"https:\/\/alpoma.net\/carto\/?p=287","url_meta":{"origin":78,"position":5},"title":"Geograf\u00eda electoral","author":"alpoma","date":"diciembre 19, 2006","format":false,"excerpt":"La geograf\u00eda de los procesos electorales es un tema apasionante que, sin embargo, no est\u00e1 siendo estudiada todo lo a fondo que pudiera pensarse. Para toda persona interesada en el tema, existe un recurso fundamental que cuenta con informaci\u00f3n de todo el mundo relacionada con elecciones y dem\u00e1s procesos electorales:\u2026","rel":"","context":"En \u00abEn l\u00ednea\u00bb","block_context":{"text":"En l\u00ednea","link":"https:\/\/alpoma.net\/carto\/?cat=5"},"img":{"alt_text":"","src":"","width":0,"height":0},"classes":[]}],"jetpack_sharing_enabled":true,"_links":{"self":[{"href":"https:\/\/alpoma.net\/carto\/index.php?rest_route=\/wp\/v2\/posts\/78","targetHints":{"allow":["GET"]}}],"collection":[{"href":"https:\/\/alpoma.net\/carto\/index.php?rest_route=\/wp\/v2\/posts"}],"about":[{"href":"https:\/\/alpoma.net\/carto\/index.php?rest_route=\/wp\/v2\/types\/post"}],"author":[{"embeddable":true,"href":"https:\/\/alpoma.net\/carto\/index.php?rest_route=\/wp\/v2\/users\/1"}],"replies":[{"embeddable":true,"href":"https:\/\/alpoma.net\/carto\/index.php?rest_route=%2Fwp%2Fv2%2Fcomments&post=78"}],"version-history":[{"count":0,"href":"https:\/\/alpoma.net\/carto\/index.php?rest_route=\/wp\/v2\/posts\/78\/revisions"}],"wp:attachment":[{"href":"https:\/\/alpoma.net\/carto\/index.php?rest_route=%2Fwp%2Fv2%2Fmedia&parent=78"}],"wp:term":[{"taxonomy":"category","embeddable":true,"href":"https:\/\/alpoma.net\/carto\/index.php?rest_route=%2Fwp%2Fv2%2Fcategories&post=78"},{"taxonomy":"post_tag","embeddable":true,"href":"https:\/\/alpoma.net\/carto\/index.php?rest_route=%2Fwp%2Fv2%2Ftags&post=78"}],"curies":[{"name":"wp","href":"https:\/\/api.w.org\/{rel}","templated":true}]}}