{"id":769,"date":"2009-02-21T15:35:06","date_gmt":"2009-02-21T13:35:06","guid":{"rendered":"http:\/\/alpoma.net\/carto\/?p=769"},"modified":"2009-02-21T15:35:30","modified_gmt":"2009-02-21T13:35:30","slug":"mapa-unesco-de-las-lenguas-en-peligro-en-el-mundo","status":"publish","type":"post","link":"https:\/\/alpoma.net\/carto\/?p=769","title":{"rendered":"Mapa UNESCO de las Lenguas en Peligro en el Mundo"},"content":{"rendered":"<p>La UNESCO dispone de una base de datos sobre lenguas en peligro de extinci\u00f3n en todo el planeta. A trav\u00e9s del interface de Google Maps, se pueden consultar datos sobre m\u00e1s de 2.500 lenguas con diversos grados de \u00abvitalidad\u00bb. Cuenta igualmente con estad\u00edsticas y una <strong><a href=\"http:\/\/cms01.unesco.org\/fileadmin\/MULTIMEDIA\/HQ\/CLT\/CLT\/pdf\/UNESCO-EndangeredLanguages-WorldMap-20090218.pdf\" class=\"enlaces\">versi\u00f3n del mapa en PDF<\/a><\/strong>.<\/p>\n<p><strong><a href=\"http:\/\/www.unesco.org\/culture\/ich\/index.php?lg=ES&#038;pg=00206\" class=\"enlaces\">Atlas Interactivo UNESCO de las Lenguas en Peligro en el Mundo<\/a><\/strong><\/p>\n<p><img decoding=\"async\" src=\"http:\/\/farm4.static.flickr.com\/3446\/3296710391_52aac11776_o.jpg\" alt=\"img\" class=\"otros\"\/><\/p>\n<p><a href=\"http:\/\/lac-conakry.blogspot.com\/2009\/02\/google-maps-et-langues-en-dangers.html\">| V\u00eda Le Technoblog du LAC |<\/a><\/p>\n","protected":false},"excerpt":{"rendered":"<div class=\"mh-excerpt\"><p>La UNESCO dispone de una base de datos sobre lenguas en peligro de extinci\u00f3n en todo el planeta. A trav\u00e9s del interface de Google Maps, <a class=\"mh-excerpt-more\" href=\"https:\/\/alpoma.net\/carto\/?p=769\" title=\"Mapa UNESCO de las Lenguas en Peligro en el Mundo\">[&#8230;]<\/a><\/p>\n<\/div>","protected":false},"author":1,"featured_media":4535,"comment_status":"open","ping_status":"open","sticky":false,"template":"","format":"standard","meta":{"jetpack_post_was_ever_published":false,"_jetpack_newsletter_access":"","_jetpack_dont_email_post_to_subs":false,"_jetpack_newsletter_tier_id":0,"_jetpack_memberships_contains_paywalled_content":false,"_jetpack_memberships_contains_paid_content":false,"footnotes":""},"categories":[5,7],"tags":[],"class_list":["post-769","post","type-post","status-publish","format-standard","has-post-thumbnail","hentry","category-en-linea","category-geografia"],"jetpack_featured_media_url":"https:\/\/alpoma.net\/carto\/wp-content\/uploads\/2009\/02\/3296710391_52aac11776_o.jpg","jetpack_shortlink":"https:\/\/wp.me\/p93Co9-cp","jetpack-related-posts":[{"id":6571,"url":"https:\/\/alpoma.net\/carto\/?p=6571","url_meta":{"origin":769,"position":0},"title":"Atlas de la lengua espa\u00f1ola (descarga libre)","author":"alpoma","date":"diciembre 28, 2016","format":false,"excerpt":"Acabo de repasar esta tercera edici\u00f3n revisada y actualizada del Atlas de la lengua espa\u00f1ola en el mundo, obra de Francisco Moreno Fern\u00e1ndez y Jaime Otero Roth que Fundaci\u00f3n Telef\u00f3nica ha dispuesto en descarga libre para disfrute de todo el mundo. A lo largo de sus 146 p\u00e1ginas (hay versi\u00f3n\u2026","rel":"","context":"En \u00abEn l\u00ednea\u00bb","block_context":{"text":"En l\u00ednea","link":"https:\/\/alpoma.net\/carto\/?cat=5"},"img":{"alt_text":"","src":"https:\/\/i0.wp.com\/alpoma.net\/carto\/wp-content\/uploads\/2016\/12\/Atlas_portada.jpg?resize=350%2C200&ssl=1","width":350,"height":200},"classes":[]},{"id":297,"url":"https:\/\/alpoma.net\/carto\/?p=297","url_meta":{"origin":769,"position":1},"title":"Peligro global","author":"alpoma","date":"enero 16, 2007","format":false,"excerpt":"\u00bfQu\u00e9 suceder\u00eda si nos diera por crear un mapa en el que, a diario, nos dedic\u00e1semos a posicionar todas las malas noticias que aparecen en la prensa internacional? Con lo de malas noticias me refiero a cosas negativas de verdad, l\u00e9ase grandes accidentes, combates, atentados terroristas... El resultado es bastante\u2026","rel":"","context":"En \u00abEn l\u00ednea\u00bb","block_context":{"text":"En l\u00ednea","link":"https:\/\/alpoma.net\/carto\/?cat=5"},"img":{"alt_text":"","src":"","width":0,"height":0},"classes":[]},{"id":7883,"url":"https:\/\/alpoma.net\/carto\/?p=7883","url_meta":{"origin":769,"position":2},"title":"Red de Alerta a la Radiactividad (RAR)","author":"alpoma","date":"mayo 14, 2025","format":false,"excerpt":"Al hilo del art\u00edculo que publiqu\u00e9 ayer en TecOb sobre la Red de Radio de Emergencias (REMER), quiero mencionar brevemente otro recurso de Protecci\u00f3n Civil en Espa\u00f1a. Se trata de la Red de Alerta a la Radiactividad (RAR). Vamos a imaginar una red de centinelas repartidos por toda Espa\u00f1a, que\u2026","rel":"","context":"En \u00abEn l\u00ednea\u00bb","block_context":{"text":"En l\u00ednea","link":"https:\/\/alpoma.net\/carto\/?cat=5"},"img":{"alt_text":"","src":"https:\/\/i0.wp.com\/alpoma.net\/carto\/wp-content\/uploads\/2025\/05\/RAR_Mapa.png?resize=350%2C200&ssl=1","width":350,"height":200,"srcset":"https:\/\/i0.wp.com\/alpoma.net\/carto\/wp-content\/uploads\/2025\/05\/RAR_Mapa.png?resize=350%2C200&ssl=1 1x, https:\/\/i0.wp.com\/alpoma.net\/carto\/wp-content\/uploads\/2025\/05\/RAR_Mapa.png?resize=525%2C300&ssl=1 1.5x, https:\/\/i0.wp.com\/alpoma.net\/carto\/wp-content\/uploads\/2025\/05\/RAR_Mapa.png?resize=700%2C400&ssl=1 2x, https:\/\/i0.wp.com\/alpoma.net\/carto\/wp-content\/uploads\/2025\/05\/RAR_Mapa.png?resize=1050%2C600&ssl=1 3x, https:\/\/i0.wp.com\/alpoma.net\/carto\/wp-content\/uploads\/2025\/05\/RAR_Mapa.png?resize=1400%2C800&ssl=1 4x"},"classes":[]},{"id":6523,"url":"https:\/\/alpoma.net\/carto\/?p=6523","url_meta":{"origin":769,"position":3},"title":"Mapa de radiaci\u00f3n gamma natural en Espa\u00f1a","author":"alpoma","date":"octubre 4, 2016","format":false,"excerpt":"A ra\u00edz de una conversaci\u00f3n acerca del granito y el rad\u00f3n, record\u00e9 cierto mapa de inter\u00e9s sobre este tema y, de paso, pens\u00e9 en traerlo a La cartoteca. Continuamente recibimos radiaci\u00f3n de diversos tipos. Lo m\u00e1s conocido, y socorrido, es mencionar centrales nucleares o pruebas de radiodiagn\u00f3stico, pero no se\u2026","rel":"","context":"En \u00abCartograf\u00eda\u00bb","block_context":{"text":"Cartograf\u00eda","link":"https:\/\/alpoma.net\/carto\/?cat=9"},"img":{"alt_text":"","src":"https:\/\/i0.wp.com\/alpoma.net\/carto\/wp-content\/uploads\/2016\/10\/radon_espana.jpg?resize=350%2C200&ssl=1","width":350,"height":200,"srcset":"https:\/\/i0.wp.com\/alpoma.net\/carto\/wp-content\/uploads\/2016\/10\/radon_espana.jpg?resize=350%2C200&ssl=1 1x, https:\/\/i0.wp.com\/alpoma.net\/carto\/wp-content\/uploads\/2016\/10\/radon_espana.jpg?resize=525%2C300&ssl=1 1.5x, https:\/\/i0.wp.com\/alpoma.net\/carto\/wp-content\/uploads\/2016\/10\/radon_espana.jpg?resize=700%2C400&ssl=1 2x"},"classes":[]},{"id":681,"url":"https:\/\/alpoma.net\/carto\/?p=681","url_meta":{"origin":769,"position":4},"title":"Mapa mundial de aguas subterr\u00e1neas","author":"alpoma","date":"octubre 25, 2008","format":false,"excerpt":"El proyecto WHYMAP, World-wide Hydrogeological Mapping and Assessment Programme, ofrece a trav\u00e9s de su web la posibilidad de acceder, consultar y descargar a la cartograf\u00eda detallada que ha desarrollado, dentro del marco de la UNESCO, sobre la distribuci\u00f3n mundial de recursos relativos a aguas subterr\u00e1neas. As\u00ed, se puede consultar la\u2026","rel":"","context":"En \u00abCartograf\u00eda\u00bb","block_context":{"text":"Cartograf\u00eda","link":"https:\/\/alpoma.net\/carto\/?cat=9"},"img":{"alt_text":"","src":"https:\/\/i0.wp.com\/alpoma.net\/carto\/wp-content\/uploads\/2008\/10\/2970932509_e98ba0923c_o.jpg?resize=350%2C200&ssl=1","width":350,"height":200,"srcset":"https:\/\/i0.wp.com\/alpoma.net\/carto\/wp-content\/uploads\/2008\/10\/2970932509_e98ba0923c_o.jpg?resize=350%2C200&ssl=1 1x, https:\/\/i0.wp.com\/alpoma.net\/carto\/wp-content\/uploads\/2008\/10\/2970932509_e98ba0923c_o.jpg?resize=525%2C300&ssl=1 1.5x"},"classes":[]},{"id":7422,"url":"https:\/\/alpoma.net\/carto\/?p=7422","url_meta":{"origin":769,"position":5},"title":"El mejor mapa-gif animado que ver\u00e1s en mucho tiempo","author":"alpoma","date":"julio 19, 2019","format":false,"excerpt":"El t\u00edtulo no es exagerado... \u00a1es un gif animado hipn\u00f3tico que adem\u00e1s es un mapa genial!, \u00bfqu\u00e9 m\u00e1s se puede pedir? De las manos de Eleanor Lutz, de Tabletop Whale, nos llega esta maravilla... (pincha en la imagen para ampliar). Me lo pasaron hace dos d\u00edas y he tenido que\u2026","rel":"","context":"En \u00abExperimentos\u00bb","block_context":{"text":"Experimentos","link":"https:\/\/alpoma.net\/carto\/?cat=10"},"img":{"alt_text":"","src":"https:\/\/i0.wp.com\/alpoma.net\/carto\/wp-content\/uploads\/2019\/07\/mundo-animado.jpg?resize=350%2C200&ssl=1","width":350,"height":200,"srcset":"https:\/\/i0.wp.com\/alpoma.net\/carto\/wp-content\/uploads\/2019\/07\/mundo-animado.jpg?resize=350%2C200&ssl=1 1x, https:\/\/i0.wp.com\/alpoma.net\/carto\/wp-content\/uploads\/2019\/07\/mundo-animado.jpg?resize=525%2C300&ssl=1 1.5x"},"classes":[]}],"jetpack_sharing_enabled":true,"_links":{"self":[{"href":"https:\/\/alpoma.net\/carto\/index.php?rest_route=\/wp\/v2\/posts\/769","targetHints":{"allow":["GET"]}}],"collection":[{"href":"https:\/\/alpoma.net\/carto\/index.php?rest_route=\/wp\/v2\/posts"}],"about":[{"href":"https:\/\/alpoma.net\/carto\/index.php?rest_route=\/wp\/v2\/types\/post"}],"author":[{"embeddable":true,"href":"https:\/\/alpoma.net\/carto\/index.php?rest_route=\/wp\/v2\/users\/1"}],"replies":[{"embeddable":true,"href":"https:\/\/alpoma.net\/carto\/index.php?rest_route=%2Fwp%2Fv2%2Fcomments&post=769"}],"version-history":[{"count":0,"href":"https:\/\/alpoma.net\/carto\/index.php?rest_route=\/wp\/v2\/posts\/769\/revisions"}],"wp:featuredmedia":[{"embeddable":true,"href":"https:\/\/alpoma.net\/carto\/index.php?rest_route=\/wp\/v2\/media\/4535"}],"wp:attachment":[{"href":"https:\/\/alpoma.net\/carto\/index.php?rest_route=%2Fwp%2Fv2%2Fmedia&parent=769"}],"wp:term":[{"taxonomy":"category","embeddable":true,"href":"https:\/\/alpoma.net\/carto\/index.php?rest_route=%2Fwp%2Fv2%2Fcategories&post=769"},{"taxonomy":"post_tag","embeddable":true,"href":"https:\/\/alpoma.net\/carto\/index.php?rest_route=%2Fwp%2Fv2%2Ftags&post=769"}],"curies":[{"name":"wp","href":"https:\/\/api.w.org\/{rel}","templated":true}]}}