{"id":764,"date":"2009-02-14T13:50:51","date_gmt":"2009-02-14T11:50:51","guid":{"rendered":"http:\/\/alpoma.net\/carto\/?p=764"},"modified":"2009-02-14T13:51:16","modified_gmt":"2009-02-14T11:51:16","slug":"mapas-del-holocausto","status":"publish","type":"post","link":"https:\/\/alpoma.net\/carto\/?p=764","title":{"rendered":"Mapas del Holocausto"},"content":{"rendered":"<p><img decoding=\"async\" src=\"http:\/\/farm4.static.flickr.com\/3341\/3277913913_5ecaec749c_o.gif\" alt=\"img\" class=\"dch\"\/>El <strong><a href=\"http:\/\/www.ushmm.org\/\" class=\"enlaces\">Holocaust Memorial Museum<\/a><\/strong>, de Washington, cuenta en su web con detallados mapas que muestran diversos aspectos de este <strong><a href=\"http:\/\/es.wikipedia.org\/wiki\/Holocausto\" class=\"enlaces\">terrible episodio de la historia de la humanidad<\/a><\/strong>, desde la distribuci\u00f3n de la poblaci\u00f3n jud\u00eda en Europa antes de la Segunda Guerra Mundial, a la localizaci\u00f3n de campos de concentraci\u00f3n o informaci\u00f3n relativa a la \u00e9poca posterior a la guerra:<\/p>\n<p><strong><a href=\"http:\/\/www.ushmm.org\/wlc\/media_nm.php?lang=en&#038;ModuleId=10005143&#038;MediaId=358\" class=\"enlaces\">The Holocaust Maps<\/a><\/strong><\/p>\n","protected":false},"excerpt":{"rendered":"<div class=\"mh-excerpt\"><p>El Holocaust Memorial Museum, de Washington, cuenta en su web con detallados mapas que muestran diversos aspectos de este terrible episodio de la historia de <a class=\"mh-excerpt-more\" href=\"https:\/\/alpoma.net\/carto\/?p=764\" title=\"Mapas del Holocausto\">[&#8230;]<\/a><\/p>\n<\/div>","protected":false},"author":1,"featured_media":0,"comment_status":"open","ping_status":"open","sticky":false,"template":"","format":"standard","meta":{"jetpack_post_was_ever_published":false,"_jetpack_newsletter_access":"","_jetpack_dont_email_post_to_subs":false,"_jetpack_newsletter_tier_id":0,"_jetpack_memberships_contains_paywalled_content":false,"_jetpack_memberships_contains_paid_content":false,"footnotes":""},"categories":[9,7],"tags":[],"class_list":["post-764","post","type-post","status-publish","format-standard","hentry","category-cartografia","category-geografia"],"jetpack_featured_media_url":"","jetpack_shortlink":"https:\/\/wp.me\/p93Co9-ck","jetpack-related-posts":[{"id":1729,"url":"https:\/\/alpoma.net\/carto\/?p=1729","url_meta":{"origin":764,"position":0},"title":"(Imagen) Mapas en relieve, 2GM","author":"alpoma","date":"julio 8, 2010","format":false,"excerpt":"Una imagen para recrearse, con mucho que contarnos. Realizaci\u00f3n de mapas en relieve durante la Segunda Guerra Mundial. | V\u00eda x-ray delta one |","rel":"","context":"En \u00abViejos mapas\u00bb","block_context":{"text":"Viejos mapas","link":"https:\/\/alpoma.net\/carto\/?cat=4"},"img":{"alt_text":"","src":"https:\/\/i0.wp.com\/alpoma.net\/carto\/wp-content\/uploads\/2010\/07\/4769639013_9c7acf1467.jpg?resize=350%2C200&ssl=1","width":350,"height":200},"classes":[]},{"id":1018,"url":"https:\/\/alpoma.net\/carto\/?p=1018","url_meta":{"origin":764,"position":1},"title":"Viejos mapas y gr\u00e1ficos de Fortune Magazine","author":"alpoma","date":"octubre 28, 2009","format":false,"excerpt":"Dos colecciones a tener en cuenta, por una parte una recopilaci\u00f3n de mapas publicados en Fortune Magazine entre la Segunda Guerra Mundial y los a\u00f1os sesenta. Por otro lado, en el mismo marco temporal, una gran compilaci\u00f3n de gr\u00e1ficos de esa revista. | V\u00eda Moonriver |","rel":"","context":"En \u00abViejos mapas\u00bb","block_context":{"text":"Viejos mapas","link":"https:\/\/alpoma.net\/carto\/?cat=4"},"img":{"alt_text":"","src":"https:\/\/i0.wp.com\/alpoma.net\/carto\/wp-content\/uploads\/2009\/10\/4053086388_e4884d8184_o.jpg?resize=350%2C200&ssl=1","width":350,"height":200,"srcset":"https:\/\/i0.wp.com\/alpoma.net\/carto\/wp-content\/uploads\/2009\/10\/4053086388_e4884d8184_o.jpg?resize=350%2C200&ssl=1 1x, https:\/\/i0.wp.com\/alpoma.net\/carto\/wp-content\/uploads\/2009\/10\/4053086388_e4884d8184_o.jpg?resize=525%2C300&ssl=1 1.5x"},"classes":[]},{"id":867,"url":"https:\/\/alpoma.net\/carto\/?p=867","url_meta":{"origin":764,"position":2},"title":"Atlas de Batalla de la Segunda Guerra Mundial","author":"alpoma","date":"agosto 10, 2009","format":false,"excerpt":"El Atlas of the World Battle Fronts in Semimonthly Phases to August 15 1945 es un documento de dominio p\u00fablico que recopila interesantes mapas sobre los diversos frentes de la Segunda Guerra Mundial. Editado por el Ej\u00e9rcito de los Estados Unidos, muestra diversos detalles sobre las l\u00edneas de batalla cada\u2026","rel":"","context":"En \u00abViejos mapas\u00bb","block_context":{"text":"Viejos mapas","link":"https:\/\/alpoma.net\/carto\/?cat=4"},"img":{"alt_text":"","src":"https:\/\/i0.wp.com\/alpoma.net\/carto\/wp-content\/uploads\/2009\/08\/3807154773_7278d8de4b_o.jpg?resize=350%2C200&ssl=1","width":350,"height":200,"srcset":"https:\/\/i0.wp.com\/alpoma.net\/carto\/wp-content\/uploads\/2009\/08\/3807154773_7278d8de4b_o.jpg?resize=350%2C200&ssl=1 1x, https:\/\/i0.wp.com\/alpoma.net\/carto\/wp-content\/uploads\/2009\/08\/3807154773_7278d8de4b_o.jpg?resize=525%2C300&ssl=1 1.5x"},"classes":[]},{"id":3482,"url":"https:\/\/alpoma.net\/carto\/?p=3482","url_meta":{"origin":764,"position":3},"title":"La visi\u00f3n del mundo de Richard Edes Harrison","author":"alpoma","date":"agosto 12, 2012","format":false,"excerpt":"He comentado en muchas ocasiones en este blog que el punto de vista del cart\u00f3grafo es vital a la hora de comprender un determinado mapa realizado por \u00e9l. Este ejemplo que quiero destacar hoy es especialmente significativo de una forma de ver el mundo en una \u00e9poca singular, el tiempo\u2026","rel":"","context":"En \u00abViejos mapas\u00bb","block_context":{"text":"Viejos mapas","link":"https:\/\/alpoma.net\/carto\/?cat=4"},"img":{"alt_text":"","src":"https:\/\/i0.wp.com\/alpoma.net\/carto\/wp-content\/uploads\/2012\/08\/7767157502_90f3007f2b_c.jpg?resize=350%2C200&ssl=1","width":350,"height":200,"srcset":"https:\/\/i0.wp.com\/alpoma.net\/carto\/wp-content\/uploads\/2012\/08\/7767157502_90f3007f2b_c.jpg?resize=350%2C200&ssl=1 1x, https:\/\/i0.wp.com\/alpoma.net\/carto\/wp-content\/uploads\/2012\/08\/7767157502_90f3007f2b_c.jpg?resize=525%2C300&ssl=1 1.5x"},"classes":[]},{"id":606,"url":"https:\/\/alpoma.net\/carto\/?p=606","url_meta":{"origin":764,"position":4},"title":"Guerra en Osetia del Sur","author":"alpoma","date":"agosto 10, 2008","format":false,"excerpt":"A pesar de tratarse de un conflicto tristemente \"en marcha\", ya se han creado diversos recursos cartogr\u00e1ficos sobre el mismo. En este brev\u00edsimo post listar\u00e9 alguno de ellos. Antes de nada, he de recomendar visitar la secci\u00f3n que la Perry-Casta\u00f1eda Library dedica a Georgia en su colecci\u00f3n de mapas: Republic\u2026","rel":"","context":"En \u00abCartograf\u00eda\u00bb","block_context":{"text":"Cartograf\u00eda","link":"https:\/\/alpoma.net\/carto\/?cat=9"},"img":{"alt_text":"","src":"https:\/\/i0.wp.com\/alpoma.net\/carto\/wp-content\/uploads\/2008\/08\/2749777759_221e0bd489_o.jpg?resize=350%2C200&ssl=1","width":350,"height":200,"srcset":"https:\/\/i0.wp.com\/alpoma.net\/carto\/wp-content\/uploads\/2008\/08\/2749777759_221e0bd489_o.jpg?resize=350%2C200&ssl=1 1x, https:\/\/i0.wp.com\/alpoma.net\/carto\/wp-content\/uploads\/2008\/08\/2749777759_221e0bd489_o.jpg?resize=525%2C300&ssl=1 1.5x"},"classes":[]},{"id":3212,"url":"https:\/\/alpoma.net\/carto\/?p=3212","url_meta":{"origin":764,"position":5},"title":"Una raci\u00f3n de mapas muy personal","author":"alpoma","date":"marzo 6, 2012","format":false,"excerpt":"Esta ma\u00f1ana he estado un rato conversando con Carlos Canales. Antes de despedirnos, hasta la pr\u00f3xima ocasi\u00f3n, me ha entregado tres de sus \u00faltimos libros, centrados en esta ocasi\u00f3n en la Segunda Guerra Mundial. Escritos en colaboraci\u00f3n con Miguel del Rey, y editados por EDAF, guardan en su interior algo\u2026","rel":"","context":"En \u00abCartograf\u00eda\u00bb","block_context":{"text":"Cartograf\u00eda","link":"https:\/\/alpoma.net\/carto\/?cat=9"},"img":{"alt_text":"","src":"","width":0,"height":0},"classes":[]}],"jetpack_sharing_enabled":true,"_links":{"self":[{"href":"https:\/\/alpoma.net\/carto\/index.php?rest_route=\/wp\/v2\/posts\/764","targetHints":{"allow":["GET"]}}],"collection":[{"href":"https:\/\/alpoma.net\/carto\/index.php?rest_route=\/wp\/v2\/posts"}],"about":[{"href":"https:\/\/alpoma.net\/carto\/index.php?rest_route=\/wp\/v2\/types\/post"}],"author":[{"embeddable":true,"href":"https:\/\/alpoma.net\/carto\/index.php?rest_route=\/wp\/v2\/users\/1"}],"replies":[{"embeddable":true,"href":"https:\/\/alpoma.net\/carto\/index.php?rest_route=%2Fwp%2Fv2%2Fcomments&post=764"}],"version-history":[{"count":0,"href":"https:\/\/alpoma.net\/carto\/index.php?rest_route=\/wp\/v2\/posts\/764\/revisions"}],"wp:attachment":[{"href":"https:\/\/alpoma.net\/carto\/index.php?rest_route=%2Fwp%2Fv2%2Fmedia&parent=764"}],"wp:term":[{"taxonomy":"category","embeddable":true,"href":"https:\/\/alpoma.net\/carto\/index.php?rest_route=%2Fwp%2Fv2%2Fcategories&post=764"},{"taxonomy":"post_tag","embeddable":true,"href":"https:\/\/alpoma.net\/carto\/index.php?rest_route=%2Fwp%2Fv2%2Ftags&post=764"}],"curies":[{"name":"wp","href":"https:\/\/api.w.org\/{rel}","templated":true}]}}