{"id":7624,"date":"2020-02-04T10:54:21","date_gmt":"2020-02-04T08:54:21","guid":{"rendered":"https:\/\/alpoma.net\/carto\/?p=7624"},"modified":"2020-02-04T10:54:21","modified_gmt":"2020-02-04T08:54:21","slug":"portfolio-fotografico-de-espana-1910-1915","status":"publish","type":"post","link":"https:\/\/alpoma.net\/carto\/?p=7624","title":{"rendered":"Portfolio fotogr\u00e1fico de Espa\u00f1a (1910-1915)"},"content":{"rendered":"<p>En la Barcelona de principios del siglo XX, al editor Alberto Mart\u00edn y a Ceferino Rocafort, que hab\u00eda participado en varios proyectos cartogr\u00e1ficos sobre las regiones espa\u00f1olas, se les ocurri\u00f3 una idea de negocio interesante. Los atlas nacionales estaban de moda y las grandes enciclopedias tambi\u00e9n, pero aunque en muchas ocasiones se vend\u00edan por fasc\u00edculos, no llegaban a todo el p\u00fablico deseado (vamos, que no se vend\u00edan tanto como los editores quer\u00edan y sol\u00edan ser obras bastante caras). Lo que en <strong>1910<\/strong> fue un primer paso de lo que es el <strong>\u00abPortfolio fotogr\u00e1fico de Espa\u00f1a\u00bb<\/strong>, termin\u00f3 convirti\u00e9ndose en una selva de fasc\u00edculos que alarg\u00f3 su vida <strong>hasta 1915<\/strong>. El proyecto iba donde las cl\u00e1sicas obras geogr\u00e1ficas no llegaban: al kiosko de toda la vida, al librero de la esquina y a la casa de todo el mundo. <\/p>\n<figure id=\"attachment_7625\" aria-describedby=\"caption-attachment-7625\" style=\"width: 779px\" class=\"wp-caption aligncenter\"><img decoding=\"async\" data-attachment-id=\"7625\" data-permalink=\"https:\/\/alpoma.net\/carto\/?attachment_id=7625\" data-orig-file=\"https:\/\/alpoma.net\/carto\/wp-content\/uploads\/2020\/02\/pal-43.png\" data-orig-size=\"779,555\" data-comments-opened=\"0\" data-image-meta=\"{&quot;aperture&quot;:&quot;0&quot;,&quot;credit&quot;:&quot;&quot;,&quot;camera&quot;:&quot;&quot;,&quot;caption&quot;:&quot;&quot;,&quot;created_timestamp&quot;:&quot;0&quot;,&quot;copyright&quot;:&quot;&quot;,&quot;focal_length&quot;:&quot;0&quot;,&quot;iso&quot;:&quot;0&quot;,&quot;shutter_speed&quot;:&quot;0&quot;,&quot;title&quot;:&quot;&quot;,&quot;orientation&quot;:&quot;0&quot;}\" data-image-title=\"pal-43\" data-image-description=\"\" data-image-caption=\"&lt;p&gt;Portada del fasc\u00edculo correspondiente a la provincia de Palencia. (Biblioteca de Castilla y Le\u00f3n).&lt;\/p&gt;\n\" data-large-file=\"https:\/\/alpoma.net\/carto\/wp-content\/uploads\/2020\/02\/pal-43.png\" src=\"https:\/\/alpoma.net\/carto\/wp-content\/uploads\/2020\/02\/pal-43.png\" alt=\"\" width=\"620\"  class=\"size-full wp-image-7625\" srcset=\"https:\/\/alpoma.net\/carto\/wp-content\/uploads\/2020\/02\/pal-43.png 779w, https:\/\/alpoma.net\/carto\/wp-content\/uploads\/2020\/02\/pal-43-300x214.png 300w, https:\/\/alpoma.net\/carto\/wp-content\/uploads\/2020\/02\/pal-43-768x547.png 768w\" sizes=\"(max-width: 779px) 100vw, 779px\" \/><figcaption id=\"caption-attachment-7625\" class=\"wp-caption-text\">Portada del fasc\u00edculo correspondiente a la provincia de Palencia. (Biblioteca de Castilla y Le\u00f3n).<\/figcaption><\/figure>\n<p>El \u00abPortfolio fotogr\u00e1fico de Espa\u00f1a\u00bb part\u00eda de <strong>un esquema sencillo que se repiti\u00f3 casi sin variaciones<\/strong>: cuadernillos apaisados sencillos, con portada colorida, una introducci\u00f3n descriptiva con mapa provincial o de partido judicial, <strong>una media de 16 l\u00e1minas fotogr\u00e1ficas en blanco y negro<\/strong> por fasc\u00edculo o \u00abcup\u00f3n\u00bb y, finalmente, un \u00edndice geogr\u00e1fico sobre poblaciones. <\/p>\n<figure id=\"attachment_7626\" aria-describedby=\"caption-attachment-7626\" style=\"width: 870px\" class=\"wp-caption aligncenter\"><img decoding=\"async\" data-attachment-id=\"7626\" data-permalink=\"https:\/\/alpoma.net\/carto\/?attachment_id=7626\" data-orig-file=\"https:\/\/alpoma.net\/carto\/wp-content\/uploads\/2020\/02\/soria-67.png\" data-orig-size=\"870,575\" data-comments-opened=\"0\" data-image-meta=\"{&quot;aperture&quot;:&quot;0&quot;,&quot;credit&quot;:&quot;&quot;,&quot;camera&quot;:&quot;&quot;,&quot;caption&quot;:&quot;&quot;,&quot;created_timestamp&quot;:&quot;0&quot;,&quot;copyright&quot;:&quot;&quot;,&quot;focal_length&quot;:&quot;0&quot;,&quot;iso&quot;:&quot;0&quot;,&quot;shutter_speed&quot;:&quot;0&quot;,&quot;title&quot;:&quot;&quot;,&quot;orientation&quot;:&quot;0&quot;}\" data-image-title=\"soria-67\" data-image-description=\"\" data-image-caption=\"&lt;p&gt;Mapa de la provincia de Soria procedente del fasc\u00edculo relativo a esa provincia. (Biblioteca de Castilla y Le\u00f3n).&lt;\/p&gt;\n\" data-large-file=\"https:\/\/alpoma.net\/carto\/wp-content\/uploads\/2020\/02\/soria-67.png\" src=\"https:\/\/alpoma.net\/carto\/wp-content\/uploads\/2020\/02\/soria-67.png\" alt=\"\" width=\"620\" class=\"size-full wp-image-7626\" srcset=\"https:\/\/alpoma.net\/carto\/wp-content\/uploads\/2020\/02\/soria-67.png 870w, https:\/\/alpoma.net\/carto\/wp-content\/uploads\/2020\/02\/soria-67-300x198.png 300w, https:\/\/alpoma.net\/carto\/wp-content\/uploads\/2020\/02\/soria-67-768x508.png 768w\" sizes=\"(max-width: 870px) 100vw, 870px\" \/><figcaption id=\"caption-attachment-7626\" class=\"wp-caption-text\">Mapa de la provincia de Soria procedente del fasc\u00edculo relativo a esa provincia. (Biblioteca de Castilla y Le\u00f3n).<\/figcaption><\/figure>\n<p>As\u00ed, <strong>esta obra en fasc\u00edculos fue recorriendo todas las provincias espa\u00f1olas y, m\u00e1s tarde, muchos partidos judiciales<\/strong>. Todo un \u00e9xito de ventas con el que se pod\u00eda recorrer Espa\u00f1a desde casa. <strong>Hoy d\u00eda se pueden encontrar muchos de estos cuadernillos en librer\u00edas de viejo y similares, pero no es tan com\u00fan encontrar la versi\u00f3n encuadenada en vol\u00famenes gofrados que tienen cierto encanto<\/strong>. Aunque las reproducciones fotogr\u00e1ficas no eran una maravilla, llamaron mucho la atenci\u00f3n en la \u00e9poca y a la gente le encantaban. <\/p>\n<figure id=\"attachment_7627\" aria-describedby=\"caption-attachment-7627\" style=\"width: 870px\" class=\"wp-caption aligncenter\"><img loading=\"lazy\" decoding=\"async\" data-attachment-id=\"7627\" data-permalink=\"https:\/\/alpoma.net\/carto\/?attachment_id=7627\" data-orig-file=\"https:\/\/alpoma.net\/carto\/wp-content\/uploads\/2020\/02\/lam-leon-563.png\" data-orig-size=\"870,603\" data-comments-opened=\"0\" data-image-meta=\"{&quot;aperture&quot;:&quot;0&quot;,&quot;credit&quot;:&quot;&quot;,&quot;camera&quot;:&quot;&quot;,&quot;caption&quot;:&quot;&quot;,&quot;created_timestamp&quot;:&quot;0&quot;,&quot;copyright&quot;:&quot;&quot;,&quot;focal_length&quot;:&quot;0&quot;,&quot;iso&quot;:&quot;0&quot;,&quot;shutter_speed&quot;:&quot;0&quot;,&quot;title&quot;:&quot;&quot;,&quot;orientation&quot;:&quot;0&quot;}\" data-image-title=\"lam-leon-563\" data-image-description=\"\" data-image-caption=\"&lt;p&gt;Ejemplo de l\u00e1mina fotogr\u00e1fica t\u00edpico de la obra. (Biblioteca de Castilla y Le\u00f3n).&lt;\/p&gt;\n\" data-large-file=\"https:\/\/alpoma.net\/carto\/wp-content\/uploads\/2020\/02\/lam-leon-563.png\" src=\"https:\/\/alpoma.net\/carto\/wp-content\/uploads\/2020\/02\/lam-leon-563.png\" alt=\"\" width=\"870\" height=\"603\" class=\"size-full wp-image-7627\" srcset=\"https:\/\/alpoma.net\/carto\/wp-content\/uploads\/2020\/02\/lam-leon-563.png 870w, https:\/\/alpoma.net\/carto\/wp-content\/uploads\/2020\/02\/lam-leon-563-300x208.png 300w, https:\/\/alpoma.net\/carto\/wp-content\/uploads\/2020\/02\/lam-leon-563-768x532.png 768w\" sizes=\"auto, (max-width: 870px) 100vw, 870px\" \/><figcaption id=\"caption-attachment-7627\" class=\"wp-caption-text\">Ejemplo de l\u00e1mina fotogr\u00e1fica t\u00edpico de la obra. (Biblioteca de Castilla y Le\u00f3n).<\/figcaption><\/figure>\n<p>Esta obra fue todo un \u00e9xito de ventas de la Espa\u00f1a en torno a la Gran Guerra (el moderado precio de venta fue un arma muy potente). Hay varias bibliotecas <em>online<\/em> en las que se pueden revisar algunos de los fasc\u00edculos, por ejemplo en la de <strong><a href=\"https:\/\/bibliotecadigital.jcyl.es\/i18n\/consulta\/registro.cmd?id=12203\">Castilla y Le\u00f3n<\/a><\/strong> (se pueden consultar en PDF, que es la opci\u00f3n m\u00e1s c\u00f3moda).<\/p>\n","protected":false},"excerpt":{"rendered":"<div class=\"mh-excerpt\"><p>En la Barcelona de principios del siglo XX, al editor Alberto Mart\u00edn y a Ceferino Rocafort, que hab\u00eda participado en varios proyectos cartogr\u00e1ficos sobre las <a class=\"mh-excerpt-more\" href=\"https:\/\/alpoma.net\/carto\/?p=7624\" title=\"Portfolio fotogr\u00e1fico de Espa\u00f1a (1910-1915)\">[&#8230;]<\/a><\/p>\n<\/div>","protected":false},"author":1,"featured_media":7627,"comment_status":"closed","ping_status":"closed","sticky":false,"template":"","format":"standard","meta":{"jetpack_post_was_ever_published":false,"_jetpack_newsletter_access":"","_jetpack_dont_email_post_to_subs":false,"_jetpack_newsletter_tier_id":0,"_jetpack_memberships_contains_paywalled_content":false,"_jetpack_memberships_contains_paid_content":false,"footnotes":""},"categories":[4],"tags":[],"class_list":["post-7624","post","type-post","status-publish","format-standard","has-post-thumbnail","hentry","category-viejos-mapas"],"jetpack_featured_media_url":"https:\/\/alpoma.net\/carto\/wp-content\/uploads\/2020\/02\/lam-leon-563.png","jetpack_shortlink":"https:\/\/wp.me\/p93Co9-1YY","jetpack-related-posts":[{"id":274,"url":"https:\/\/alpoma.net\/carto\/?p=274","url_meta":{"origin":7624,"position":0},"title":"Concurso fotogr\u00e1fico en Panoramio","author":"alpoma","date":"noviembre 14, 2006","format":false,"excerpt":"Panoramio, uno de los lugares m\u00e1s interesantes a la hora de explotar la potencia de GoogleMaps, en este caso como recurso ideal para geoposicionar fotograf\u00edas y crear galer\u00edas de todo tipo referenciadas geogr\u00e1ficamente, organiza un interesante concuso fotogr\u00e1fico. En colaboraci\u00f3n con GoogleMaps, Panoramio ofrece diversos premios a las mejores fotograf\u00edas\u2026","rel":"","context":"En \u00abEn l\u00ednea\u00bb","block_context":{"text":"En l\u00ednea","link":"https:\/\/alpoma.net\/carto\/?cat=5"},"img":{"alt_text":"","src":"","width":0,"height":0},"classes":[]},{"id":129,"url":"https:\/\/alpoma.net\/carto\/?p=129","url_meta":{"origin":7624,"position":1},"title":"Un paseo fotogr\u00e1fico (II)","author":"alpoma","date":"marzo 1, 2006","format":false,"excerpt":"Tal y como me han recordado algunos lectores de La Cartoteca, al igual que en el ejemplo de \"paseo\" fotogr\u00e1fico de ayer, referido a Estados Unidos, en Espa\u00f1a, tambi\u00e9n existe un sistema similar. Se trata del Callejero Fotogr\u00e1fico de QDQ que, de momento, cuenta con siete ciudades registradas. Aunque he\u2026","rel":"","context":"En \u00abEn l\u00ednea\u00bb","block_context":{"text":"En l\u00ednea","link":"https:\/\/alpoma.net\/carto\/?cat=5"},"img":{"alt_text":"","src":"https:\/\/i0.wp.com\/alpoma.net\/carto\/wp-content\/uploads\/2006\/03\/106264107_d26760a5c2_o.jpg?resize=350%2C200&ssl=1","width":350,"height":200,"srcset":"https:\/\/i0.wp.com\/alpoma.net\/carto\/wp-content\/uploads\/2006\/03\/106264107_d26760a5c2_o.jpg?resize=350%2C200&ssl=1 1x, https:\/\/i0.wp.com\/alpoma.net\/carto\/wp-content\/uploads\/2006\/03\/106264107_d26760a5c2_o.jpg?resize=525%2C300&ssl=1 1.5x"},"classes":[]},{"id":48,"url":"https:\/\/alpoma.net\/carto\/?p=48","url_meta":{"origin":7624,"position":2},"title":"Completo dossier fotogr\u00e1fico sobre el incendio en Hemel Hempstead","author":"alpoma","date":"diciembre 14, 2005","format":false,"excerpt":"A trav\u00e9s de fotograf\u00edas y cartograf\u00eda obtenida por Associated Press y la polic\u00eda de Hertfordshire, entre otras fuentes, Cryptome ha elaborado un completo dossier fotogr\u00e1fico sobre el reciente incendio en la instalaci\u00f3n de combustibles brit\u00e1nica de Hemel Hempstead: --> Statement regarding damage to Headquarters at Hemel Hempstead","rel":"","context":"En \u00abEn l\u00ednea\u00bb","block_context":{"text":"En l\u00ednea","link":"https:\/\/alpoma.net\/carto\/?cat=5"},"img":{"alt_text":"","src":"","width":0,"height":0},"classes":[]},{"id":6918,"url":"https:\/\/alpoma.net\/carto\/?p=6918","url_meta":{"origin":7624,"position":3},"title":"San Serriffe, la isla tipogr\u00e1fica","author":"alpoma","date":"abril 24, 2018","format":false,"excerpt":"Como en otras ocasiones, viajemos en el tiempo para encontrar un mapa singular. Hoy lo hallaremos las a\u00f1ejas p\u00e1ginas de un ejemplar del peri\u00f3dico The Guardian editado el 1 de abril de 1977 (s\u00ed, el April Fools' Day, el d\u00eda de los \"inocentes\" en muchos pa\u00edses). En una de las\u2026","rel":"","context":"En \u00abCartograf\u00eda\u00bb","block_context":{"text":"Cartograf\u00eda","link":"https:\/\/alpoma.net\/carto\/?cat=9"},"img":{"alt_text":"","src":"https:\/\/i0.wp.com\/alpoma.net\/carto\/wp-content\/uploads\/2018\/04\/san-serriffe-presidente.png?resize=350%2C200&ssl=1","width":350,"height":200},"classes":[]},{"id":3295,"url":"https:\/\/alpoma.net\/carto\/?p=3295","url_meta":{"origin":7624,"position":4},"title":"Los mapas ilustrados de Abi Daker","author":"alpoma","date":"abril 17, 2012","format":false,"excerpt":"Siento verdadera debilidad por varias de las series de im\u00e1genes a\u00e9reas y callejeros de ciudades de todo el mundo que la artista chipriota Abi Daker ha venido realizando en los \u00faltimos a\u00f1os. Desde hace alg\u00fan tiempo cuenta con una peque\u00f1a exposici\u00f3n de su obra a trav\u00e9s de una web que,\u2026","rel":"","context":"En \u00abEn l\u00ednea\u00bb","block_context":{"text":"En l\u00ednea","link":"https:\/\/alpoma.net\/carto\/?cat=5"},"img":{"alt_text":"Abi_Daker","src":"https:\/\/i0.wp.com\/farm6.staticflickr.com\/5079\/6942218146_14d34e6e1b_m.jpg?resize=350%2C200","width":350,"height":200},"classes":[]},{"id":128,"url":"https:\/\/alpoma.net\/carto\/?p=128","url_meta":{"origin":7624,"position":5},"title":"Un paseo fotogr\u00e1fico","author":"alpoma","date":"marzo 1, 2006","format":false,"excerpt":"Un hilo de tingilinde me pone en guardia acerca de una serie de \"gu\u00edas\", si se pueden llamar as\u00ed, acerca de diversas ciudades de los Estados Unidos. Un mapa nos gu\u00eda, elegimos la calle o el cruce que deseamos \"visitar\" y, ya est\u00e1, ah\u00ed tenemos las fotograf\u00edas de ese lugar:\u2026","rel":"","context":"En \u00abEn l\u00ednea\u00bb","block_context":{"text":"En l\u00ednea","link":"https:\/\/alpoma.net\/carto\/?cat=5"},"img":{"alt_text":"","src":"https:\/\/i0.wp.com\/alpoma.net\/carto\/wp-content\/uploads\/2006\/03\/106019891_4c28ecf4a7_o.jpg?resize=350%2C200&ssl=1","width":350,"height":200,"srcset":"https:\/\/i0.wp.com\/alpoma.net\/carto\/wp-content\/uploads\/2006\/03\/106019891_4c28ecf4a7_o.jpg?resize=350%2C200&ssl=1 1x, https:\/\/i0.wp.com\/alpoma.net\/carto\/wp-content\/uploads\/2006\/03\/106019891_4c28ecf4a7_o.jpg?resize=525%2C300&ssl=1 1.5x"},"classes":[]}],"jetpack_sharing_enabled":true,"_links":{"self":[{"href":"https:\/\/alpoma.net\/carto\/index.php?rest_route=\/wp\/v2\/posts\/7624","targetHints":{"allow":["GET"]}}],"collection":[{"href":"https:\/\/alpoma.net\/carto\/index.php?rest_route=\/wp\/v2\/posts"}],"about":[{"href":"https:\/\/alpoma.net\/carto\/index.php?rest_route=\/wp\/v2\/types\/post"}],"author":[{"embeddable":true,"href":"https:\/\/alpoma.net\/carto\/index.php?rest_route=\/wp\/v2\/users\/1"}],"replies":[{"embeddable":true,"href":"https:\/\/alpoma.net\/carto\/index.php?rest_route=%2Fwp%2Fv2%2Fcomments&post=7624"}],"version-history":[{"count":0,"href":"https:\/\/alpoma.net\/carto\/index.php?rest_route=\/wp\/v2\/posts\/7624\/revisions"}],"wp:featuredmedia":[{"embeddable":true,"href":"https:\/\/alpoma.net\/carto\/index.php?rest_route=\/wp\/v2\/media\/7627"}],"wp:attachment":[{"href":"https:\/\/alpoma.net\/carto\/index.php?rest_route=%2Fwp%2Fv2%2Fmedia&parent=7624"}],"wp:term":[{"taxonomy":"category","embeddable":true,"href":"https:\/\/alpoma.net\/carto\/index.php?rest_route=%2Fwp%2Fv2%2Fcategories&post=7624"},{"taxonomy":"post_tag","embeddable":true,"href":"https:\/\/alpoma.net\/carto\/index.php?rest_route=%2Fwp%2Fv2%2Ftags&post=7624"}],"curies":[{"name":"wp","href":"https:\/\/api.w.org\/{rel}","templated":true}]}}