{"id":7593,"date":"2020-01-13T19:02:21","date_gmt":"2020-01-13T17:02:21","guid":{"rendered":"https:\/\/alpoma.net\/carto\/?p=7593"},"modified":"2020-01-13T19:02:21","modified_gmt":"2020-01-13T17:02:21","slug":"comparacion-entre-la-superficie-quemada-en-los-incencios-australianos-y-la-peninsula-iberica","status":"publish","type":"post","link":"https:\/\/alpoma.net\/carto\/?p=7593","title":{"rendered":"Comparaci\u00f3n entre la superficie quemada en los incencios australianos y la pen\u00ednsula ib\u00e9rica"},"content":{"rendered":"<p><strong>Cuando cualquier cifra alcanza cierto tama\u00f1o, ya sea muy grande o muy peque\u00f1o, se suele perder la perspectiva sobre qu\u00e9 significa realmente<\/strong>. Lo m\u00e1s usual, para entender realmente qu\u00e9 significa un n\u00famero muy grande de cualquier cosa, es compararlo con algo que nos sea m\u00e1s cercano o, al menos, m\u00e1s comprensible. Cuando publiqu\u00e9 la semana pasada la <strong><a href=\"https:\/\/alpoma.net\/carto\/?p=7588\">nota acerca de la nube de aerosoles generada en los incendios australianos<\/a><\/strong> de las \u00faltimas semanas, mencion\u00e9 la incre\u00edble cifra que las fuentes oficiales dan como buena para calcular la superficie quemada: <strong>10 millones de hect\u00e1reas<\/strong> (dato del 8 de enero de 2020). Pero, \u00bfqu\u00e9 significa realmente esa cifra? En <strong><a href=\"http:\/\/googlemapsmania.blogspot.com\/2020\/01\/how-big-are-australian-bushfires_9.html\">Maps Mania<\/a><\/strong> se han hecho eco acerca de varios proyectos <em>online<\/em> que permiten realizar esa comparaci\u00f3n. He utilizado uno de ellos para poner en perspectiva qu\u00e9 suponen esos 10 millones de hect\u00e1reas. <strong>Aqu\u00ed est\u00e1 el impresionante resultado visual (lo he centrado en Valladolid para que se vea c\u00f3mo ocupa gran parte de Castilla y Le\u00f3n)<\/strong>.<\/p>\n<p><a href=\"https:\/\/alpoma.net\/carto\/wp-content\/uploads\/2020\/01\/incendios-australia-comparacion-peninsula-iberica.png\"><img decoding=\"async\" data-attachment-id=\"7594\" data-permalink=\"https:\/\/alpoma.net\/carto\/?attachment_id=7594\" data-orig-file=\"https:\/\/alpoma.net\/carto\/wp-content\/uploads\/2020\/01\/incendios-australia-comparacion-peninsula-iberica.png\" data-orig-size=\"778,510\" data-comments-opened=\"0\" data-image-meta=\"{&quot;aperture&quot;:&quot;0&quot;,&quot;credit&quot;:&quot;&quot;,&quot;camera&quot;:&quot;&quot;,&quot;caption&quot;:&quot;&quot;,&quot;created_timestamp&quot;:&quot;0&quot;,&quot;copyright&quot;:&quot;&quot;,&quot;focal_length&quot;:&quot;0&quot;,&quot;iso&quot;:&quot;0&quot;,&quot;shutter_speed&quot;:&quot;0&quot;,&quot;title&quot;:&quot;&quot;,&quot;orientation&quot;:&quot;0&quot;}\" data-image-title=\"incendios-australia-comparacion-peninsula-iberica\" data-image-description=\"\" data-image-caption=\"\" data-large-file=\"https:\/\/alpoma.net\/carto\/wp-content\/uploads\/2020\/01\/incendios-australia-comparacion-peninsula-iberica.png\" src=\"https:\/\/alpoma.net\/carto\/wp-content\/uploads\/2020\/01\/incendios-australia-comparacion-peninsula-iberica.png\" alt=\"\" width=\"620\" class=\"aligncenter size-full wp-image-7594\" srcset=\"https:\/\/alpoma.net\/carto\/wp-content\/uploads\/2020\/01\/incendios-australia-comparacion-peninsula-iberica.png 778w, https:\/\/alpoma.net\/carto\/wp-content\/uploads\/2020\/01\/incendios-australia-comparacion-peninsula-iberica-300x197.png 300w, https:\/\/alpoma.net\/carto\/wp-content\/uploads\/2020\/01\/incendios-australia-comparacion-peninsula-iberica-768x503.png 768w\" sizes=\"(max-width: 778px) 100vw, 778px\" \/><\/a><\/p>\n<p>La herramienta, publicada por el <em>Berliner Morgenpost<\/em>, puede utilizarse para comparar esa superficie con cualquier \u00e1rea del planeta. <strong><a href=\"https:\/\/interaktiv.morgenpost.de\/australia-area-burned-interactive-comparison\/\">Se puede encontrar aqu\u00ed<\/a><\/strong>.<\/p>\n","protected":false},"excerpt":{"rendered":"<div class=\"mh-excerpt\"><p>Cuando cualquier cifra alcanza cierto tama\u00f1o, ya sea muy grande o muy peque\u00f1o, se suele perder la perspectiva sobre qu\u00e9 significa realmente. Lo m\u00e1s usual, <a class=\"mh-excerpt-more\" href=\"https:\/\/alpoma.net\/carto\/?p=7593\" title=\"Comparaci\u00f3n entre la superficie quemada en los incencios australianos y la pen\u00ednsula ib\u00e9rica\">[&#8230;]<\/a><\/p>\n<\/div>","protected":false},"author":1,"featured_media":7594,"comment_status":"closed","ping_status":"closed","sticky":false,"template":"","format":"standard","meta":{"jetpack_post_was_ever_published":false,"_jetpack_newsletter_access":"","_jetpack_dont_email_post_to_subs":false,"_jetpack_newsletter_tier_id":0,"_jetpack_memberships_contains_paywalled_content":false,"_jetpack_memberships_contains_paid_content":false,"footnotes":""},"categories":[6],"tags":[],"class_list":["post-7593","post","type-post","status-publish","format-standard","has-post-thumbnail","hentry","category-riesgos-naturales"],"jetpack_featured_media_url":"https:\/\/alpoma.net\/carto\/wp-content\/uploads\/2020\/01\/incendios-australia-comparacion-peninsula-iberica.png","jetpack_shortlink":"https:\/\/wp.me\/p93Co9-1Yt","jetpack-related-posts":[{"id":256,"url":"https:\/\/alpoma.net\/carto\/?p=256","url_meta":{"origin":7593,"position":0},"title":"Superficie quemada en Galicia","author":"alpoma","date":"septiembre 14, 2006","format":false,"excerpt":"Muchas cifras, dir\u00edase guerra de datos, se han ofrecido \u00faltimamente acerca de la superficie quemada en los incencios del pasado Agosto en Galicia. He aqu\u00ed un interesante informe acerca del uso de la tecnolog\u00eda de teledetecci\u00f3n en la medida de esa superficie. (Se han contabilizado m\u00e1s de 92.000 Ha): Evaluaci\u00f3n\u2026","rel":"","context":"En \u00abGeograf\u00eda\u00bb","block_context":{"text":"Geograf\u00eda","link":"https:\/\/alpoma.net\/carto\/?cat=7"},"img":{"alt_text":"","src":"","width":0,"height":0},"classes":[]},{"id":6941,"url":"https:\/\/alpoma.net\/carto\/?p=6941","url_meta":{"origin":7593,"position":1},"title":"Cuando Australia ten\u00eda un (imaginario) mar interior","author":"alpoma","date":"mayo 4, 2018","format":false,"excerpt":"\u00c9rase una vez un tipo que so\u00f1\u00f3 con conquistar territorios ignotos all\u00e1 en el gran sur, en el nov\u00edsimo continente de Australia. Hay que reconocer que ten\u00eda voluntad, pasi\u00f3n y, claro est\u00e1, mucha imaginaci\u00f3n. Se trataba de Thomas J. Maslen, que en 1828 public\u00f3 una curiosa obra, con varias ediciones\u2026","rel":"","context":"En \u00abViejos mapas\u00bb","block_context":{"text":"Viejos mapas","link":"https:\/\/alpoma.net\/carto\/?cat=4"},"img":{"alt_text":"","src":"https:\/\/i0.wp.com\/alpoma.net\/carto\/wp-content\/uploads\/2018\/05\/maslen-australia-cabecera-1.jpg?resize=350%2C200&ssl=1","width":350,"height":200,"srcset":"https:\/\/i0.wp.com\/alpoma.net\/carto\/wp-content\/uploads\/2018\/05\/maslen-australia-cabecera-1.jpg?resize=350%2C200&ssl=1 1x, https:\/\/i0.wp.com\/alpoma.net\/carto\/wp-content\/uploads\/2018\/05\/maslen-australia-cabecera-1.jpg?resize=525%2C300&ssl=1 1.5x, https:\/\/i0.wp.com\/alpoma.net\/carto\/wp-content\/uploads\/2018\/05\/maslen-australia-cabecera-1.jpg?resize=700%2C400&ssl=1 2x"},"classes":[]},{"id":7087,"url":"https:\/\/alpoma.net\/carto\/?p=7087","url_meta":{"origin":7593,"position":2},"title":"Google Maps dice \u00abadi\u00f3s\u00bb a Mercator (pero s\u00f3lo en ciertas escalas)","author":"alpoma","date":"agosto 8, 2018","format":false,"excerpt":"Detalle curioso el que nos descubre Google Maps en su nueva actualizaci\u00f3n de agosto de 2018 en su versi\u00f3n para escritorio (desktop edition, no as\u00ed en la versi\u00f3n m\u00f3vil, aunque todo parece indicar que el cambio tambi\u00e9n se llevar\u00e1 a cabo en esa versi\u00f3n en breve). A escala de barrio,\u2026","rel":"","context":"En \u00abEn l\u00ednea\u00bb","block_context":{"text":"En l\u00ednea","link":"https:\/\/alpoma.net\/carto\/?cat=5"},"img":{"alt_text":"Google Maps en proyecci\u00f3n Mercator","src":"https:\/\/i0.wp.com\/alpoma.net\/carto\/wp-content\/uploads\/2018\/08\/google-maps-mercator.jpg?resize=350%2C200&ssl=1","width":350,"height":200,"srcset":"https:\/\/i0.wp.com\/alpoma.net\/carto\/wp-content\/uploads\/2018\/08\/google-maps-mercator.jpg?resize=350%2C200&ssl=1 1x, https:\/\/i0.wp.com\/alpoma.net\/carto\/wp-content\/uploads\/2018\/08\/google-maps-mercator.jpg?resize=525%2C300&ssl=1 1.5x, https:\/\/i0.wp.com\/alpoma.net\/carto\/wp-content\/uploads\/2018\/08\/google-maps-mercator.jpg?resize=700%2C400&ssl=1 2x"},"classes":[]},{"id":7198,"url":"https:\/\/alpoma.net\/carto\/?p=7198","url_meta":{"origin":7593,"position":3},"title":"Algunos errores curiosos (y comunes) en geograf\u00eda f\u00edsica","author":"alpoma","date":"noviembre 30, 2018","format":false,"excerpt":"Un art\u00edculo publicado en 1992 en la revista Journal of Geography repasaba de forma breve algunos errores bastante comunes que ten\u00edan los estudiantes con relaci\u00f3n a varias tem\u00e1ticas relacionadas con diversas \u00e1reas de la geograf\u00eda f\u00edsica1. Hace mucho de eso, y puede pensarse que con el paso de los a\u00f1os\u2026","rel":"","context":"En \u00abGeograf\u00eda\u00bb","block_context":{"text":"Geograf\u00eda","link":"https:\/\/alpoma.net\/carto\/?cat=7"},"img":{"alt_text":"","src":"https:\/\/i0.wp.com\/alpoma.net\/carto\/wp-content\/uploads\/2018\/11\/oceanos-conectados.png?resize=350%2C200&ssl=1","width":350,"height":200},"classes":[]},{"id":3325,"url":"https:\/\/alpoma.net\/carto\/?p=3325","url_meta":{"origin":7593,"position":4},"title":"La historia del mosaico europeo en v\u00eddeo","author":"alpoma","date":"mayo 16, 2012","format":false,"excerpt":"AVISO: Por desgracia, parece que el v\u00eddeo ya no est\u00e1 disponible. Realmente era una propuesta muy atractiva y no entiendo por qu\u00e9 la compa\u00f1\u00eda fabricante del software ha reclamado que sea retirado, m\u00e1s que nada cuando el propio v\u00eddeo podr\u00eda servir para su propia promoci\u00f3n. :-( AVISO: Parece que sigue\u2026","rel":"","context":"En \u00abCartograf\u00eda\u00bb","block_context":{"text":"Cartograf\u00eda","link":"https:\/\/alpoma.net\/carto\/?cat=9"},"img":{"alt_text":"","src":"","width":0,"height":0},"classes":[]},{"id":2123,"url":"https:\/\/alpoma.net\/carto\/?p=2123","url_meta":{"origin":7593,"position":5},"title":"MobilyMap, mapas con jQuery","author":"alpoma","date":"diciembre 8, 2010","format":false,"excerpt":"Me encanta, es tan sencillo pero a la vez tan imaginativo que no puedo mejos que aconsejar, al menos, explorarlo con calma. Se trata de MobilyMap, un plugin basado en jQuery que permite crear sencillos mapas interactivos. La idea es realmente simple, y toda ella se puede llevar a cabo\u2026","rel":"","context":"En \u00abExperimentos\u00bb","block_context":{"text":"Experimentos","link":"https:\/\/alpoma.net\/carto\/?cat=10"},"img":{"alt_text":"img5","src":"https:\/\/i0.wp.com\/farm6.static.flickr.com\/5081\/5244017175_1e0aa94288_m.jpg?resize=350%2C200","width":350,"height":200},"classes":[]}],"jetpack_sharing_enabled":true,"_links":{"self":[{"href":"https:\/\/alpoma.net\/carto\/index.php?rest_route=\/wp\/v2\/posts\/7593","targetHints":{"allow":["GET"]}}],"collection":[{"href":"https:\/\/alpoma.net\/carto\/index.php?rest_route=\/wp\/v2\/posts"}],"about":[{"href":"https:\/\/alpoma.net\/carto\/index.php?rest_route=\/wp\/v2\/types\/post"}],"author":[{"embeddable":true,"href":"https:\/\/alpoma.net\/carto\/index.php?rest_route=\/wp\/v2\/users\/1"}],"replies":[{"embeddable":true,"href":"https:\/\/alpoma.net\/carto\/index.php?rest_route=%2Fwp%2Fv2%2Fcomments&post=7593"}],"version-history":[{"count":0,"href":"https:\/\/alpoma.net\/carto\/index.php?rest_route=\/wp\/v2\/posts\/7593\/revisions"}],"wp:featuredmedia":[{"embeddable":true,"href":"https:\/\/alpoma.net\/carto\/index.php?rest_route=\/wp\/v2\/media\/7594"}],"wp:attachment":[{"href":"https:\/\/alpoma.net\/carto\/index.php?rest_route=%2Fwp%2Fv2%2Fmedia&parent=7593"}],"wp:term":[{"taxonomy":"category","embeddable":true,"href":"https:\/\/alpoma.net\/carto\/index.php?rest_route=%2Fwp%2Fv2%2Fcategories&post=7593"},{"taxonomy":"post_tag","embeddable":true,"href":"https:\/\/alpoma.net\/carto\/index.php?rest_route=%2Fwp%2Fv2%2Ftags&post=7593"}],"curies":[{"name":"wp","href":"https:\/\/api.w.org\/{rel}","templated":true}]}}