{"id":759,"date":"2009-02-06T13:57:15","date_gmt":"2009-02-06T11:57:15","guid":{"rendered":"http:\/\/alpoma.net\/carto\/?p=759"},"modified":"2009-02-06T13:57:43","modified_gmt":"2009-02-06T11:57:43","slug":"mundo-invertido","status":"publish","type":"post","link":"https:\/\/alpoma.net\/carto\/?p=759","title":{"rendered":"Mundo invertido"},"content":{"rendered":"<p>Desde las profundas grutas de <a href=\"http:\/\/www.darkroastedblend.com\/2009\/02\/psychological-ark.html\" class=\"enlaces\">Dark Roasted Blend<\/a>, visita este viernes<em> La Cartoteca<\/em> un mapa que, en s\u00ed mismo, es una obra de arte. Se trata de un imaginario planeta Tierra en el que los continentes emergidos se han convertido en oc\u00e9anos y viceversa, <strong><a href=\"http:\/\/www.vladstudio.com\/es\/wallpaper\/?worldinversed\" class=\"enlaces\">una obra de Vladstudio<\/a><\/strong>.<\/p>\n<p><img decoding=\"async\" src=\"http:\/\/farm4.static.flickr.com\/3298\/3257221819_aa1e6c1653_o.jpg\" alt=\"img\" \/><br \/>\n<strong>| <a href=\"http:\/\/www.vladstudio.com\/es\/wallpaper\/?worldinversed\/1600x1200\/low\">Versi\u00f3n ampliada con textos<\/a> | <a href=\"http:\/\/www.vladstudio.com\/es\/wallpaper\/?worldinversed_notext\/1600x1200\/low\">Versi\u00f3n ampliada sin textos<\/a> |<\/strong><\/p>\n","protected":false},"excerpt":{"rendered":"<div class=\"mh-excerpt\"><p>Desde las profundas grutas de Dark Roasted Blend, visita este viernes La Cartoteca un mapa que, en s\u00ed mismo, es una obra de arte. Se <a class=\"mh-excerpt-more\" href=\"https:\/\/alpoma.net\/carto\/?p=759\" title=\"Mundo invertido\">[&#8230;]<\/a><\/p>\n<\/div>","protected":false},"author":1,"featured_media":4615,"comment_status":"open","ping_status":"open","sticky":false,"template":"","format":"standard","meta":{"jetpack_post_was_ever_published":false,"_jetpack_newsletter_access":"","_jetpack_dont_email_post_to_subs":false,"_jetpack_newsletter_tier_id":0,"_jetpack_memberships_contains_paywalled_content":false,"_jetpack_memberships_contains_paid_content":false,"footnotes":""},"categories":[5],"tags":[],"class_list":["post-759","post","type-post","status-publish","format-standard","has-post-thumbnail","hentry","category-en-linea"],"jetpack_featured_media_url":"https:\/\/alpoma.net\/carto\/wp-content\/uploads\/2009\/02\/3257221819_aa1e6c1653_o.jpg","jetpack_shortlink":"https:\/\/wp.me\/p93Co9-cf","jetpack-related-posts":[{"id":4230,"url":"https:\/\/alpoma.net\/carto\/?p=4230","url_meta":{"origin":759,"position":0},"title":"Topograf\u00eda del sexo","author":"alpoma","date":"abril 10, 2014","format":false,"excerpt":"Reconozco que este mapa lleva mucho tiempo en el archivo, pero hasta ahora no me hab\u00eda animado a comentarlo. M\u00e1s que nada porque con estas cosas siempre aparecen las t\u00edpicas reacciones fuera de lugar, pero como tengo el d\u00eda un poco raro... aqu\u00ed va. Es uno de mis mapas favoritos\u2026","rel":"","context":"En \u00abExperimentos\u00bb","block_context":{"text":"Experimentos","link":"https:\/\/alpoma.net\/carto\/?cat=10"},"img":{"alt_text":"Coitus_Topographicus","src":"https:\/\/i0.wp.com\/alpoma.net\/carto\/wp-content\/uploads\/2014\/04\/Coitus_Topographicus.jpg?resize=350%2C200","width":350,"height":200},"classes":[]},{"id":2678,"url":"https:\/\/alpoma.net\/carto\/?p=2678","url_meta":{"origin":759,"position":1},"title":"Creta, un rasg\u00f3n en el Mediterr\u00e1neo","author":"alpoma","date":"agosto 15, 2011","format":false,"excerpt":"Por mucho que est\u00e9 acostumbrado a trabajar con im\u00e1genes de la Tierra tomadas desde el espacio, no dejo de sorprenderme ante la belleza de muchas de ellas, como este ejemplo que nos muestra a Creta, ese precioso \"rasg\u00f3n\" en el Mediterr\u00e1neo oriental, retratada en toda su grandeza desde la ISS\u2026","rel":"","context":"En \u00abTeledetecci\u00f3n\u00bb","block_context":{"text":"Teledetecci\u00f3n","link":"https:\/\/alpoma.net\/carto\/?cat=3"},"img":{"alt_text":"","src":"https:\/\/i0.wp.com\/alpoma.net\/carto\/wp-content\/uploads\/2011\/08\/6045696581_50c2453dba_o.jpg?resize=350%2C200&ssl=1","width":350,"height":200,"srcset":"https:\/\/i0.wp.com\/alpoma.net\/carto\/wp-content\/uploads\/2011\/08\/6045696581_50c2453dba_o.jpg?resize=350%2C200&ssl=1 1x, https:\/\/i0.wp.com\/alpoma.net\/carto\/wp-content\/uploads\/2011\/08\/6045696581_50c2453dba_o.jpg?resize=525%2C300&ssl=1 1.5x"},"classes":[]},{"id":2608,"url":"https:\/\/alpoma.net\/carto\/?p=2608","url_meta":{"origin":759,"position":2},"title":"De islas y ondas en las nubes (II)","author":"alpoma","date":"mayo 31, 2011","format":false,"excerpt":"Ya he tratado anteriormente este asunto, pero im\u00e1genes as\u00ed no dejan de sorprenderme. He aqu\u00ed las perturbaciones en forma de ondas que genera la presencia de dos islas en el Pac\u00edfico sur sobre un manto nuboso relativamente uniforme. Se trata de las islas del archipi\u00e9lago Juan Fern\u00e1ndez, en Chile. M\u00e1s\u2026","rel":"","context":"En \u00abGeograf\u00eda\u00bb","block_context":{"text":"Geograf\u00eda","link":"https:\/\/alpoma.net\/carto\/?cat=7"},"img":{"alt_text":"","src":"https:\/\/i0.wp.com\/alpoma.net\/carto\/wp-content\/uploads\/2011\/05\/5781684844_74a65cfbd0_o.jpg?resize=350%2C200&ssl=1","width":350,"height":200,"srcset":"https:\/\/i0.wp.com\/alpoma.net\/carto\/wp-content\/uploads\/2011\/05\/5781684844_74a65cfbd0_o.jpg?resize=350%2C200&ssl=1 1x, https:\/\/i0.wp.com\/alpoma.net\/carto\/wp-content\/uploads\/2011\/05\/5781684844_74a65cfbd0_o.jpg?resize=525%2C300&ssl=1 1.5x"},"classes":[]},{"id":754,"url":"https:\/\/alpoma.net\/carto\/?p=754","url_meta":{"origin":759,"position":3},"title":"Las Islas Gal\u00e1pagos desde el Envisat","author":"alpoma","date":"febrero 1, 2009","format":false,"excerpt":"Esta imagen de la Agencia Espacial Europea (ESA) nos muestra las ecuatorianas Islas Gal\u00e1pagos, en el Oc\u00e9ano Pac\u00edfico. Se observa aqu\u00ed la mayor isla del archipi\u00e9lago, Isabela, donde se muestran cinco volcanes, de norte a sur: Lobo, Darwin, Alcedo, Sierra Negra y Cerro Azul. La toma pertenece a varios registros\u2026","rel":"","context":"En \u00abGeograf\u00eda\u00bb","block_context":{"text":"Geograf\u00eda","link":"https:\/\/alpoma.net\/carto\/?cat=7"},"img":{"alt_text":"","src":"https:\/\/i0.wp.com\/alpoma.net\/carto\/wp-content\/uploads\/2009\/02\/3244581741_b4468d3696_o.jpg?resize=350%2C200&ssl=1","width":350,"height":200,"srcset":"https:\/\/i0.wp.com\/alpoma.net\/carto\/wp-content\/uploads\/2009\/02\/3244581741_b4468d3696_o.jpg?resize=350%2C200&ssl=1 1x, https:\/\/i0.wp.com\/alpoma.net\/carto\/wp-content\/uploads\/2009\/02\/3244581741_b4468d3696_o.jpg?resize=525%2C300&ssl=1 1.5x"},"classes":[]},{"id":6367,"url":"https:\/\/alpoma.net\/carto\/?p=6367","url_meta":{"origin":759,"position":4},"title":"\u00bfMe ayudas a completar mi proyecto Maptorian Plus?","author":"alpoma","date":"febrero 24, 2016","format":false,"excerpt":"Voy directo a la cuesti\u00f3n. Hace m\u00e1s de tres a\u00f1os publiqu\u00e9 un proyecto de mapas vectoriales al que llam\u00e9 Maptorian. En este tiempo dise\u00f1adores gr\u00e1ficos, periodistas, estudiantes, profesores y muchos m\u00e1s profesionales de todo el mundo han adquirido alguno de los packs de mapas que formaban aquella primera versi\u00f3n de\u2026","rel":"","context":"En \u00abEn l\u00ednea\u00bb","block_context":{"text":"En l\u00ednea","link":"https:\/\/alpoma.net\/carto\/?cat=5"},"img":{"alt_text":"","src":"https:\/\/i0.wp.com\/alpoma.net\/carto\/wp-content\/uploads\/2016\/02\/Captura-de-pantalla-2016-01-11-a-las-0.23.03.png?resize=350%2C200&ssl=1","width":350,"height":200,"srcset":"https:\/\/i0.wp.com\/alpoma.net\/carto\/wp-content\/uploads\/2016\/02\/Captura-de-pantalla-2016-01-11-a-las-0.23.03.png?resize=350%2C200&ssl=1 1x, https:\/\/i0.wp.com\/alpoma.net\/carto\/wp-content\/uploads\/2016\/02\/Captura-de-pantalla-2016-01-11-a-las-0.23.03.png?resize=525%2C300&ssl=1 1.5x"},"classes":[]},{"id":443,"url":"https:\/\/alpoma.net\/carto\/?p=443","url_meta":{"origin":759,"position":5},"title":"Mapas de la isla de \u2018Perdidos\u2019","author":"alpoma","date":"diciembre 17, 2007","format":false,"excerpt":"Las geograf\u00edas imaginarias atacan de nuevo. Le toca el turno a \u2018Perdidos\u2019 (\u2018Lost\u2019) y su misteriosa isla. Hoy, Strange Maps ha publicado un ejemplo de mapa de dicha isla, lo que me sirve de excusa perfecta para rescatar otros modelos que ten\u00eda guardados esperando encontrar su origen. Al parecer, estos\u2026","rel":"","context":"En \u00abCartograf\u00eda\u00bb","block_context":{"text":"Cartograf\u00eda","link":"https:\/\/alpoma.net\/carto\/?cat=9"},"img":{"alt_text":"","src":"https:\/\/i0.wp.com\/alpoma.net\/carto\/wp-content\/uploads\/2007\/12\/2118307754_43d9a09baf.jpg?resize=350%2C200&ssl=1","width":350,"height":200},"classes":[]}],"jetpack_sharing_enabled":true,"_links":{"self":[{"href":"https:\/\/alpoma.net\/carto\/index.php?rest_route=\/wp\/v2\/posts\/759","targetHints":{"allow":["GET"]}}],"collection":[{"href":"https:\/\/alpoma.net\/carto\/index.php?rest_route=\/wp\/v2\/posts"}],"about":[{"href":"https:\/\/alpoma.net\/carto\/index.php?rest_route=\/wp\/v2\/types\/post"}],"author":[{"embeddable":true,"href":"https:\/\/alpoma.net\/carto\/index.php?rest_route=\/wp\/v2\/users\/1"}],"replies":[{"embeddable":true,"href":"https:\/\/alpoma.net\/carto\/index.php?rest_route=%2Fwp%2Fv2%2Fcomments&post=759"}],"version-history":[{"count":0,"href":"https:\/\/alpoma.net\/carto\/index.php?rest_route=\/wp\/v2\/posts\/759\/revisions"}],"wp:featuredmedia":[{"embeddable":true,"href":"https:\/\/alpoma.net\/carto\/index.php?rest_route=\/wp\/v2\/media\/4615"}],"wp:attachment":[{"href":"https:\/\/alpoma.net\/carto\/index.php?rest_route=%2Fwp%2Fv2%2Fmedia&parent=759"}],"wp:term":[{"taxonomy":"category","embeddable":true,"href":"https:\/\/alpoma.net\/carto\/index.php?rest_route=%2Fwp%2Fv2%2Fcategories&post=759"},{"taxonomy":"post_tag","embeddable":true,"href":"https:\/\/alpoma.net\/carto\/index.php?rest_route=%2Fwp%2Fv2%2Ftags&post=759"}],"curies":[{"name":"wp","href":"https:\/\/api.w.org\/{rel}","templated":true}]}}