{"id":754,"date":"2009-02-01T22:45:09","date_gmt":"2009-02-01T20:45:09","guid":{"rendered":"http:\/\/alpoma.net\/carto\/?p=754"},"modified":"2009-02-01T22:45:57","modified_gmt":"2009-02-01T20:45:57","slug":"las-islas-galapagos-desde-el-envisat","status":"publish","type":"post","link":"https:\/\/alpoma.net\/carto\/?p=754","title":{"rendered":"Las Islas Gal\u00e1pagos desde el Envisat"},"content":{"rendered":"<p>Esta imagen de la <em>Agencia Espacial Europea<\/em> (ESA) nos muestra las ecuatorianas <strong><a href=\"http:\/\/es.wikipedia.org\/wiki\/Archipi%C3%A9lago_de_Col%C3%B3n\" class=\"enlaces\">Islas Gal\u00e1pagos<\/a><\/strong>, en el Oc\u00e9ano Pac\u00edfico. Se observa aqu\u00ed la mayor isla del archipi\u00e9lago, Isabela, donde se muestran cinco volcanes, de norte a sur: Lobo, Darwin, Alcedo, Sierra Negra y Cerro Azul. La toma pertenece a varios registros del <strong>sistema de radar de apertura sint\u00e9tica avanzado<\/strong> a bordo del <strong>Envisat<\/strong>. Por medio de este sistema se pueden determinar diversos par\u00e1metros sobre cambios en superficie, como velocidad y direcci\u00f3n del viento.<\/p>\n<p><strong>M\u00e1s informaci\u00f3n<\/strong>: <a href=\"http:\/\/www.esa.int\/esaEO\/SEMYYWWPXPF_index_0.html\" class=\"enlaces\">ESA &#8211; Earth from Space: Galapagos Islands<\/a><\/p>\n<p><strong><a href=\"http:\/\/www.esa.int\/images\/Galapagos_ASAR_20090101_H.jpg\">| Ver imagen ampliada |<\/a><\/strong><\/p>\n<p><img decoding=\"async\" src=\"http:\/\/farm4.static.flickr.com\/3257\/3244581741_b4468d3696_o.jpg\" alt=\"img\" class=\"otros\"\/><\/p>\n","protected":false},"excerpt":{"rendered":"<div class=\"mh-excerpt\"><p>Esta imagen de la Agencia Espacial Europea (ESA) nos muestra las ecuatorianas Islas Gal\u00e1pagos, en el Oc\u00e9ano Pac\u00edfico. Se observa aqu\u00ed la mayor isla del <a class=\"mh-excerpt-more\" href=\"https:\/\/alpoma.net\/carto\/?p=754\" title=\"Las Islas Gal\u00e1pagos desde el Envisat\">[&#8230;]<\/a><\/p>\n<\/div>","protected":false},"author":1,"featured_media":4543,"comment_status":"open","ping_status":"open","sticky":false,"template":"","format":"standard","meta":{"jetpack_post_was_ever_published":false,"_jetpack_newsletter_access":"","_jetpack_dont_email_post_to_subs":false,"_jetpack_newsletter_tier_id":0,"_jetpack_memberships_contains_paywalled_content":false,"_jetpack_memberships_contains_paid_content":false,"footnotes":""},"categories":[7,11,3],"tags":[],"class_list":["post-754","post","type-post","status-publish","format-standard","has-post-thumbnail","hentry","category-geografia","category-lugares","category-teledeteccion"],"jetpack_featured_media_url":"https:\/\/alpoma.net\/carto\/wp-content\/uploads\/2009\/02\/3244581741_b4468d3696_o.jpg","jetpack_shortlink":"https:\/\/wp.me\/p93Co9-ca","jetpack-related-posts":[{"id":1677,"url":"https:\/\/alpoma.net\/carto\/?p=1677","url_meta":{"origin":754,"position":0},"title":"Arte nuboso sobre las Canarias","author":"alpoma","date":"junio 11, 2010","format":false,"excerpt":"De vez en cuando la naturaleza crea verdaderas obras de arte, tan hermosas como ef\u00edmeras. V\u00e9ase un ejemplo perfecto en la siguiente toma en falso color realizada por el instrumento MERIS (MEdium Resolution Imaging Spectrometer) a bordo del Envisat el d\u00eda 6 de junio de 2010. Las singulares formaciones nubosas\u2026","rel":"","context":"En \u00abTeledetecci\u00f3n\u00bb","block_context":{"text":"Teledetecci\u00f3n","link":"https:\/\/alpoma.net\/carto\/?cat=3"},"img":{"alt_text":"","src":"https:\/\/i0.wp.com\/alpoma.net\/carto\/wp-content\/uploads\/2010\/06\/vortices_canarias.jpg?resize=350%2C200&ssl=1","width":350,"height":200,"srcset":"https:\/\/i0.wp.com\/alpoma.net\/carto\/wp-content\/uploads\/2010\/06\/vortices_canarias.jpg?resize=350%2C200&ssl=1 1x, https:\/\/i0.wp.com\/alpoma.net\/carto\/wp-content\/uploads\/2010\/06\/vortices_canarias.jpg?resize=525%2C300&ssl=1 1.5x"},"classes":[]},{"id":240,"url":"https:\/\/alpoma.net\/carto\/?p=240","url_meta":{"origin":754,"position":1},"title":"Incendios en Galicia y Portugal","author":"alpoma","date":"agosto 11, 2006","format":false,"excerpt":"Con toda la raz\u00f3n, la imagen de la semana ofrecida por la Agencia Espacial Europea, corresponde a una toma del ENVISAT, del d\u00eda 9 de Agosto, en la que se pueden observar las grandes columnas de humo originadas en los terribles incendios que asolan Galicia y Portugal: ESA Earth from\u2026","rel":"","context":"En \u00abEn l\u00ednea\u00bb","block_context":{"text":"En l\u00ednea","link":"https:\/\/alpoma.net\/carto\/?cat=5"},"img":{"alt_text":"","src":"https:\/\/i0.wp.com\/alpoma.net\/carto\/wp-content\/uploads\/2006\/08\/212633456_66d158586d_o.jpg?resize=350%2C200&ssl=1","width":350,"height":200,"srcset":"https:\/\/i0.wp.com\/alpoma.net\/carto\/wp-content\/uploads\/2006\/08\/212633456_66d158586d_o.jpg?resize=350%2C200&ssl=1 1x, https:\/\/i0.wp.com\/alpoma.net\/carto\/wp-content\/uploads\/2006\/08\/212633456_66d158586d_o.jpg?resize=525%2C300&ssl=1 1.5x"},"classes":[]},{"id":830,"url":"https:\/\/alpoma.net\/carto\/?p=830","url_meta":{"origin":754,"position":2},"title":"Europa unida","author":"alpoma","date":"junio 12, 2009","format":false,"excerpt":"La Agencia Espacial Europea (ESA), ha presentado un impresionante mosaico de Europa realizado gracias a la uni\u00f3n de im\u00e1genes adquiridas en julio de 2007 por el sat\u00e9lite Envisat a trav\u00e9s de su c\u00e1mara MERIS (Medium Resolution Imaging Spectrometer instrument). En el texto explicativo difundido por la ESA se percibe cierto\u2026","rel":"","context":"En \u00abTeledetecci\u00f3n\u00bb","block_context":{"text":"Teledetecci\u00f3n","link":"https:\/\/alpoma.net\/carto\/?cat=3"},"img":{"alt_text":"","src":"https:\/\/i0.wp.com\/alpoma.net\/carto\/wp-content\/uploads\/2009\/06\/3619552065_8f4c0cdafd_o.jpg?resize=350%2C200&ssl=1","width":350,"height":200,"srcset":"https:\/\/i0.wp.com\/alpoma.net\/carto\/wp-content\/uploads\/2009\/06\/3619552065_8f4c0cdafd_o.jpg?resize=350%2C200&ssl=1 1x, https:\/\/i0.wp.com\/alpoma.net\/carto\/wp-content\/uploads\/2009\/06\/3619552065_8f4c0cdafd_o.jpg?resize=525%2C300&ssl=1 1.5x"},"classes":[]},{"id":786,"url":"https:\/\/alpoma.net\/carto\/?p=786","url_meta":{"origin":754,"position":3},"title":"Contrails sobre el oc\u00e9ano","author":"alpoma","date":"marzo 27, 2009","format":false,"excerpt":"Bajo determinadas condiciones atmosf\u00e9ricas, los gases de combusti\u00f3n producidos por los aviones a reacci\u00f3n cristalizan en forma de hielo y crean estelas de condensaci\u00f3n conocidas como contrails. Lo que muestra esta imagen tomada por el Medium Resolution Imaging Spectrometer (MERIS), a bordo del Envisat, el 2 de marzo de 2009,\u2026","rel":"","context":"En \u00abTeledetecci\u00f3n\u00bb","block_context":{"text":"Teledetecci\u00f3n","link":"https:\/\/alpoma.net\/carto\/?cat=3"},"img":{"alt_text":"","src":"https:\/\/i0.wp.com\/alpoma.net\/carto\/wp-content\/uploads\/2009\/03\/3389553701_13c32fb923_o.jpg?resize=350%2C200&ssl=1","width":350,"height":200,"srcset":"https:\/\/i0.wp.com\/alpoma.net\/carto\/wp-content\/uploads\/2009\/03\/3389553701_13c32fb923_o.jpg?resize=350%2C200&ssl=1 1x, https:\/\/i0.wp.com\/alpoma.net\/carto\/wp-content\/uploads\/2009\/03\/3389553701_13c32fb923_o.jpg?resize=525%2C300&ssl=1 1.5x"},"classes":[]},{"id":35,"url":"https:\/\/alpoma.net\/carto\/?p=35","url_meta":{"origin":754,"position":4},"title":"Al sur del Caspio","author":"alpoma","date":"noviembre 18, 2005","format":false,"excerpt":"La Agencia Espacial Europea, a trav\u00e9s de su \"imagen de la semana\", nos muestra una interesante toma del Envisat sobre un \u00e1rea al sur del Caspio, de gran inter\u00e9s geoestrat\u00e9gico porque, en esa regi\u00f3n rica en petr\u00f3leo, nace el mayor oleoducto abastecedor de crudo hacia la energ\u00e9ticamente sedienta Europa. -->\u2026","rel":"","context":"En \u00abGeograf\u00eda\u00bb","block_context":{"text":"Geograf\u00eda","link":"https:\/\/alpoma.net\/carto\/?cat=7"},"img":{"alt_text":"","src":"","width":0,"height":0},"classes":[]},{"id":314,"url":"https:\/\/alpoma.net\/carto\/?p=314","url_meta":{"origin":754,"position":5},"title":"Animaciones sobre los gases de efecto invernadero","author":"alpoma","date":"marzo 20, 2007","format":false,"excerpt":"Utilizando informaci\u00f3n del sat\u00e9lite Envisat, la Agencia Espacial Europea (ESA) ha desarrollado las primeras animaciones sobre la distribuci\u00f3n de gases de invernadero en la atm\u00f3sfera terrestre: Los cient\u00edficos han producido las primeras pel\u00edculas que muestran la distribuci\u00f3n mundial de los gases de efecto invernadero m\u00e1s importantes, el di\u00f3xido de carbono\u2026","rel":"","context":"En \u00abMiscel\u00e1nea\u00bb","block_context":{"text":"Miscel\u00e1nea","link":"https:\/\/alpoma.net\/carto\/?cat=1"},"img":{"alt_text":"","src":"https:\/\/i0.wp.com\/alpoma.net\/carto\/wp-content\/uploads\/2007\/03\/428077010_8faa2ac0dc_o.gif?resize=350%2C200&ssl=1","width":350,"height":200},"classes":[]}],"jetpack_sharing_enabled":true,"_links":{"self":[{"href":"https:\/\/alpoma.net\/carto\/index.php?rest_route=\/wp\/v2\/posts\/754","targetHints":{"allow":["GET"]}}],"collection":[{"href":"https:\/\/alpoma.net\/carto\/index.php?rest_route=\/wp\/v2\/posts"}],"about":[{"href":"https:\/\/alpoma.net\/carto\/index.php?rest_route=\/wp\/v2\/types\/post"}],"author":[{"embeddable":true,"href":"https:\/\/alpoma.net\/carto\/index.php?rest_route=\/wp\/v2\/users\/1"}],"replies":[{"embeddable":true,"href":"https:\/\/alpoma.net\/carto\/index.php?rest_route=%2Fwp%2Fv2%2Fcomments&post=754"}],"version-history":[{"count":0,"href":"https:\/\/alpoma.net\/carto\/index.php?rest_route=\/wp\/v2\/posts\/754\/revisions"}],"wp:featuredmedia":[{"embeddable":true,"href":"https:\/\/alpoma.net\/carto\/index.php?rest_route=\/wp\/v2\/media\/4543"}],"wp:attachment":[{"href":"https:\/\/alpoma.net\/carto\/index.php?rest_route=%2Fwp%2Fv2%2Fmedia&parent=754"}],"wp:term":[{"taxonomy":"category","embeddable":true,"href":"https:\/\/alpoma.net\/carto\/index.php?rest_route=%2Fwp%2Fv2%2Fcategories&post=754"},{"taxonomy":"post_tag","embeddable":true,"href":"https:\/\/alpoma.net\/carto\/index.php?rest_route=%2Fwp%2Fv2%2Ftags&post=754"}],"curies":[{"name":"wp","href":"https:\/\/api.w.org\/{rel}","templated":true}]}}