{"id":7341,"date":"2019-02-09T16:49:10","date_gmt":"2019-02-09T14:49:10","guid":{"rendered":"https:\/\/alpoma.net\/carto\/?p=7341"},"modified":"2019-02-09T16:49:10","modified_gmt":"2019-02-09T14:49:10","slug":"un-atlas-de-emisoras-de-fm","status":"publish","type":"post","link":"https:\/\/alpoma.net\/carto\/?p=7341","title":{"rendered":"Un Atlas de emisoras de FM"},"content":{"rendered":"<p><img loading=\"lazy\" decoding=\"async\" data-attachment-id=\"7342\" data-permalink=\"https:\/\/alpoma.net\/carto\/?attachment_id=7342\" data-orig-file=\"https:\/\/alpoma.net\/carto\/wp-content\/uploads\/2019\/02\/Atlas-FM.gif\" data-orig-size=\"213,310\" data-comments-opened=\"0\" data-image-meta=\"{&quot;aperture&quot;:&quot;0&quot;,&quot;credit&quot;:&quot;&quot;,&quot;camera&quot;:&quot;&quot;,&quot;caption&quot;:&quot;&quot;,&quot;created_timestamp&quot;:&quot;0&quot;,&quot;copyright&quot;:&quot;&quot;,&quot;focal_length&quot;:&quot;0&quot;,&quot;iso&quot;:&quot;0&quot;,&quot;shutter_speed&quot;:&quot;0&quot;,&quot;title&quot;:&quot;&quot;,&quot;orientation&quot;:&quot;0&quot;}\" data-image-title=\"Atlas-FM\" data-image-description=\"\" data-image-caption=\"\" data-large-file=\"https:\/\/alpoma.net\/carto\/wp-content\/uploads\/2019\/02\/Atlas-FM.gif\" src=\"https:\/\/alpoma.net\/carto\/wp-content\/uploads\/2019\/02\/Atlas-FM.gif\" alt=\"\" width=\"213\" height=\"310\" class=\"alignright size-full wp-image-7342\" \/>Esta <strong><a href=\"https:\/\/web.archive.org\/web\/20071215073402\/http:\/\/members.aol.com\/fmatlas\/home.html\" rel=\"noopener\" target=\"_blank\">vieja web<\/a><\/strong> me trae recuerdos. Se trata del antiguo website que serv\u00eda de escaparate para una obra muy curiosa. Me trae recuerdos, precisamente, porque durante mucho tiempo tuve una gran vinculaci\u00f3n con el mundo de la radio, de la <strong>Frecuencia Modulada (FM)<\/strong>, las emisoras locales y \u00abpiratas\u00bb (tuve hasta alg\u00fan programa propio, claro que de eso hace dos d\u00e9cadas&#8230; qu\u00e9 tiempos). Pero donde hubo fuego quedan recoldos. El caso es que, hoy d\u00eda, cuando los aparatos de radio de los autom\u00f3viles son poco menos que chismes autom\u00e1ticos que van rastreando por s\u00ed solos las frecuencias de radio (eso por no hablar de la radio \u00abdigital\u00bb), no tendr\u00eda mucho sentido un atlas como este&#8230; \u00bfo puede que s\u00ed?<\/p>\n<p>Hasta donde s\u00e9, el c\u00e9lebre <strong><em>FM Atlas<\/em><\/strong> se edit\u00f3 hasta 2010 aproximadamente (s\u00e9 que hubo otras publicaciones similares, pero \u00e9sta es la que marc\u00f3 estilo). Desde su primera edici\u00f3n, all\u00e1 por 1970, apareci\u00f3 de forma peri\u00f3dica, de la mano de su impulsor, el doctor <strong><a href=\"https:\/\/en.wikipedia.org\/wiki\/Bruce_Elving\">Bruce Elving<\/a><\/strong>. Se trataba de gu\u00edas de radio FM en forma de mapas que inclu\u00edan las frecuencias de las emisoras locales de Norteamerica. Era eso, simplemente, un Atlas de emisoras de Frecuencia Modulada, tan sencillo como entra\u00f1able. (He aqu\u00ed <strong><a href=\"https:\/\/www.americanradiohistory.com\/FM-Atlas-Master-Page.htm\" rel=\"noopener\" target=\"_blank\">algunos ejemplares<\/a><\/strong>).<\/p>\n<figure id=\"attachment_7347\" aria-describedby=\"caption-attachment-7347\" style=\"width: 620px\" class=\"wp-caption aligncenter\"><img decoding=\"async\" data-attachment-id=\"7347\" data-permalink=\"https:\/\/alpoma.net\/carto\/?attachment_id=7347\" data-orig-file=\"https:\/\/alpoma.net\/carto\/wp-content\/uploads\/2019\/02\/f-at.png\" data-orig-size=\"737,863\" data-comments-opened=\"0\" data-image-meta=\"{&quot;aperture&quot;:&quot;0&quot;,&quot;credit&quot;:&quot;&quot;,&quot;camera&quot;:&quot;&quot;,&quot;caption&quot;:&quot;&quot;,&quot;created_timestamp&quot;:&quot;0&quot;,&quot;copyright&quot;:&quot;&quot;,&quot;focal_length&quot;:&quot;0&quot;,&quot;iso&quot;:&quot;0&quot;,&quot;shutter_speed&quot;:&quot;0&quot;,&quot;title&quot;:&quot;&quot;,&quot;orientation&quot;:&quot;0&quot;}\" data-image-title=\"f-at\" data-image-description=\"\" data-image-caption=\"&lt;p&gt;Una de las p\u00e1ginas del &lt;em&gt;FM Atlas&lt;\/em&gt;, edici\u00f3n 1986.&lt;\/p&gt;\n\" data-large-file=\"https:\/\/alpoma.net\/carto\/wp-content\/uploads\/2019\/02\/f-at.png\" src=\"https:\/\/alpoma.net\/carto\/wp-content\/uploads\/2019\/02\/f-at.png\" alt=\"\" width=\"620\" class=\"size-full wp-image-7347\" srcset=\"https:\/\/alpoma.net\/carto\/wp-content\/uploads\/2019\/02\/f-at.png 737w, https:\/\/alpoma.net\/carto\/wp-content\/uploads\/2019\/02\/f-at-256x300.png 256w, https:\/\/alpoma.net\/carto\/wp-content\/uploads\/2019\/02\/f-at-640x749.png 640w\" sizes=\"(max-width: 737px) 100vw, 737px\" \/><figcaption id=\"caption-attachment-7347\" class=\"wp-caption-text\">Una de las p\u00e1ginas del <em>FM Atlas<\/em>, edici\u00f3n 1986.<\/figcaption><\/figure>\n","protected":false},"excerpt":{"rendered":"<div class=\"mh-excerpt\"><p>Esta vieja web me trae recuerdos. Se trata del antiguo website que serv\u00eda de escaparate para una obra muy curiosa. Me trae recuerdos, precisamente, porque <a class=\"mh-excerpt-more\" href=\"https:\/\/alpoma.net\/carto\/?p=7341\" title=\"Un Atlas de emisoras de FM\">[&#8230;]<\/a><\/p>\n<\/div>","protected":false},"author":1,"featured_media":7344,"comment_status":"closed","ping_status":"closed","sticky":false,"template":"","format":"standard","meta":{"jetpack_post_was_ever_published":false,"_jetpack_newsletter_access":"","_jetpack_dont_email_post_to_subs":false,"_jetpack_newsletter_tier_id":0,"_jetpack_memberships_contains_paywalled_content":false,"_jetpack_memberships_contains_paid_content":false,"footnotes":""},"categories":[4],"tags":[],"class_list":["post-7341","post","type-post","status-publish","format-standard","has-post-thumbnail","hentry","category-viejos-mapas"],"jetpack_featured_media_url":"https:\/\/alpoma.net\/carto\/wp-content\/uploads\/2019\/02\/amstrad-alpoma.png","jetpack_shortlink":"https:\/\/wp.me\/p93Co9-1Up","jetpack-related-posts":[{"id":724,"url":"https:\/\/alpoma.net\/carto\/?p=724","url_meta":{"origin":7341,"position":0},"title":"Urbarama &#8211; Atlas de arquitectura","author":"alpoma","date":"noviembre 30, 2008","format":false,"excerpt":"El t\u00edtulo es lo bastante descriptivo y directo como para que sepamos, desde el primer momento, que tenemos delante un Atlas de Arquitectura. Pero Urbarama es mucho m\u00e1s que una simple \"recopilaci\u00f3n\" de edificios e infraestructuras de todo el planeta. No, es una red social, un proyecto colaborativo abierto a\u2026","rel":"","context":"En \u00abEn l\u00ednea\u00bb","block_context":{"text":"En l\u00ednea","link":"https:\/\/alpoma.net\/carto\/?cat=5"},"img":{"alt_text":"","src":"","width":0,"height":0},"classes":[]},{"id":6769,"url":"https:\/\/alpoma.net\/carto\/?p=6769","url_meta":{"origin":7341,"position":1},"title":"Libros sobre mapas para regalar (o regalarte)","author":"alpoma","date":"diciembre 15, 2017","format":false,"excerpt":"Hace unos d\u00edas, en un intercambio de mensajes en Twitter en el que particip\u00e9, se mencionaron diversos libros sobre mapas, o geograf\u00eda, que podr\u00edan ser interesantes como regalo. Hoy he revisado por encima algunos de ellos (los que tengo en mi biblioteca, a mano) y he creado una lista de\u2026","rel":"","context":"En \u00abMiscel\u00e1nea\u00bb","block_context":{"text":"Miscel\u00e1nea","link":"https:\/\/alpoma.net\/carto\/?cat=1"},"img":{"alt_text":"","src":"https:\/\/i0.wp.com\/alpoma.net\/carto\/wp-content\/uploads\/2017\/12\/paisesnoexst-300x228.jpg?resize=350%2C200","width":350,"height":200},"classes":[]},{"id":4346,"url":"https:\/\/alpoma.net\/carto\/?p=4346","url_meta":{"origin":7341,"position":2},"title":"El Atlas Medici de Lorenzo Possi (1687)","author":"alpoma","date":"octubre 22, 2014","format":false,"excerpt":"He aqu\u00ed una de esas obras que no puedo menos que calificar como delicia cartogr\u00e1fica. Cualquier persona con querencia por los mapas antiguos desear\u00e1 tenerla en su biblioteca. Se trata de un nuevo e imponente trabajo del equipo de 4 Gatos, en esta ocasi\u00f3n una edici\u00f3n no venal patrocinada por\u2026","rel":"","context":"En \u00abViejos mapas\u00bb","block_context":{"text":"Viejos mapas","link":"https:\/\/alpoma.net\/carto\/?cat=4"},"img":{"alt_text":"Possi_portada","src":"https:\/\/i0.wp.com\/alpoma.net\/carto\/wp-content\/uploads\/2014\/10\/Possi_portada-229x300.jpg?resize=350%2C200","width":350,"height":200},"classes":[]},{"id":370,"url":"https:\/\/alpoma.net\/carto\/?p=370","url_meta":{"origin":7341,"position":3},"title":"Proyecto TRIATLAS","author":"alpoma","date":"julio 28, 2007","format":false,"excerpt":"La cartograf\u00eda astron\u00f3mica es un campo apasionante del que se pueden encontrar ejemplos y atlas de muy diverso tipo. Hoy visita La Cartoteca el Proyecto TRIATLAS, completa cartograf\u00eda celeste que puede descargarse en formato PDF, creada por Jos\u00e9 R. Torres. Si necesitas consultar o tener a mano un atlas del\u2026","rel":"","context":"En \u00abCartograf\u00eda\u00bb","block_context":{"text":"Cartograf\u00eda","link":"https:\/\/alpoma.net\/carto\/?cat=9"},"img":{"alt_text":"","src":"","width":0,"height":0},"classes":[]},{"id":1761,"url":"https:\/\/alpoma.net\/carto\/?p=1761","url_meta":{"origin":7341,"position":4},"title":"Probando algunas \u00abgeoapps\u00bb para iPad","author":"alpoma","date":"julio 31, 2010","format":false,"excerpt":"Llevo unos d\u00edas trasteando con un iPad, tal y como he comentado en TecOb por lo que no repetir\u00e9 aqu\u00ed lo dicho en mi otro blog. Lo que s\u00ed me gustar\u00eda traer a La Cartoteca, en forma de brev\u00edsima p\u00edldora, son algunos comentarios sobre apps para iPady, m\u00e1s concretamente, me\u2026","rel":"","context":"En \u00abExperimentos\u00bb","block_context":{"text":"Experimentos","link":"https:\/\/alpoma.net\/carto\/?cat=10"},"img":{"alt_text":"","src":"","width":0,"height":0},"classes":[]},{"id":2468,"url":"https:\/\/alpoma.net\/carto\/?p=2468","url_meta":{"origin":7341,"position":5},"title":"Atlas clim\u00e1tico ib\u00e9rico (PDF)","author":"alpoma","date":"abril 9, 2011","format":false,"excerpt":"He aqu\u00ed una obra de sumo inter\u00e9s, publicada por la Agencia Estatal de Meteorolog\u00eda de Espa\u00f1a (AEMET) y el Instituto de Meteorologia de Portugal. Disponible en versi\u00f3n PDF online. El atlas clim\u00e1tico constituye un medio de presentar, de forma gr\u00e1fica, una s\u00edntesis de los conocimientos referentes al clima de un\u2026","rel":"","context":"En \u00abGeograf\u00eda\u00bb","block_context":{"text":"Geograf\u00eda","link":"https:\/\/alpoma.net\/carto\/?cat=7"},"img":{"alt_text":"atlas_clnm","src":"https:\/\/i0.wp.com\/farm6.static.flickr.com\/5024\/5603238166_a92d2ca167_m.jpg?resize=350%2C200","width":350,"height":200},"classes":[]}],"jetpack_sharing_enabled":true,"_links":{"self":[{"href":"https:\/\/alpoma.net\/carto\/index.php?rest_route=\/wp\/v2\/posts\/7341","targetHints":{"allow":["GET"]}}],"collection":[{"href":"https:\/\/alpoma.net\/carto\/index.php?rest_route=\/wp\/v2\/posts"}],"about":[{"href":"https:\/\/alpoma.net\/carto\/index.php?rest_route=\/wp\/v2\/types\/post"}],"author":[{"embeddable":true,"href":"https:\/\/alpoma.net\/carto\/index.php?rest_route=\/wp\/v2\/users\/1"}],"replies":[{"embeddable":true,"href":"https:\/\/alpoma.net\/carto\/index.php?rest_route=%2Fwp%2Fv2%2Fcomments&post=7341"}],"version-history":[{"count":0,"href":"https:\/\/alpoma.net\/carto\/index.php?rest_route=\/wp\/v2\/posts\/7341\/revisions"}],"wp:featuredmedia":[{"embeddable":true,"href":"https:\/\/alpoma.net\/carto\/index.php?rest_route=\/wp\/v2\/media\/7344"}],"wp:attachment":[{"href":"https:\/\/alpoma.net\/carto\/index.php?rest_route=%2Fwp%2Fv2%2Fmedia&parent=7341"}],"wp:term":[{"taxonomy":"category","embeddable":true,"href":"https:\/\/alpoma.net\/carto\/index.php?rest_route=%2Fwp%2Fv2%2Fcategories&post=7341"},{"taxonomy":"post_tag","embeddable":true,"href":"https:\/\/alpoma.net\/carto\/index.php?rest_route=%2Fwp%2Fv2%2Ftags&post=7341"}],"curies":[{"name":"wp","href":"https:\/\/api.w.org\/{rel}","templated":true}]}}