{"id":73,"date":"2006-01-12T22:30:58","date_gmt":"2006-01-12T20:30:58","guid":{"rendered":"http:\/\/alpoma.net\/carto\/?p=73"},"modified":"2006-01-12T22:32:16","modified_gmt":"2006-01-12T20:32:16","slug":"galileo-comienza-a-emitir","status":"publish","type":"post","link":"https:\/\/alpoma.net\/carto\/?p=73","title":{"rendered":"Galileo comienza a emitir"},"content":{"rendered":"<p><img decoding=\"async\" src=\"wp-content\/Galileo_GST.jpg\" alt=\"Galileo\" class=\"izda\"\/>El primer sat\u00e9lite de la flota Galileo, el GIOVE-A, localizado en \u00f3rbita terrestre a 23.260 kil\u00f3metros de altitud, ha comenzado e emitir sus se\u00f1ales y se encuentra en perfecto estado de salud.<\/p>\n<p>Se trata este del primer paso, exitoso, en la construcci\u00f3n de la red Galileo, que se compondr\u00e1 de 30 sat\u00e9lites, dise\u00f1ados espec\u00edficamente para uso civil y que ofrecer\u00e1 servicios avanzados de posicionamiento y control de tiempo globales, tal y como ofrece ahora el sistema estadounidense GPS, que es de titularidad militar. <\/p>\n<p>Info: <strong><a href=\"http:\/\/www.esa.int\/esaNA\/SEMQ36MZCIE_galileo_0.html\">First Galileo signals transmitted by GIOVE-A<\/a><\/strong> (ESA).<\/p>\n","protected":false},"excerpt":{"rendered":"<div class=\"mh-excerpt\"><p>El primer sat\u00e9lite de la flota Galileo, el GIOVE-A, localizado en \u00f3rbita terrestre a 23.260 kil\u00f3metros de altitud, ha comenzado e emitir sus se\u00f1ales y <a class=\"mh-excerpt-more\" href=\"https:\/\/alpoma.net\/carto\/?p=73\" title=\"Galileo comienza a emitir\">[&#8230;]<\/a><\/p>\n<\/div>","protected":false},"author":1,"featured_media":0,"comment_status":"open","ping_status":"open","sticky":false,"template":"","format":"standard","meta":{"jetpack_post_was_ever_published":false,"_jetpack_newsletter_access":"","_jetpack_dont_email_post_to_subs":false,"_jetpack_newsletter_tier_id":0,"_jetpack_memberships_contains_paywalled_content":false,"_jetpack_memberships_contains_paid_content":false,"footnotes":""},"categories":[1],"tags":[],"class_list":["post-73","post","type-post","status-publish","format-standard","hentry","category-general"],"jetpack_featured_media_url":"","jetpack_shortlink":"https:\/\/wp.me\/p93Co9-1b","jetpack-related-posts":[{"id":3234,"url":"https:\/\/alpoma.net\/carto\/?p=3234","url_meta":{"origin":73,"position":0},"title":"Primer mapa geol\u00f3gico de Io","author":"alpoma","date":"marzo 20, 2012","format":false,"excerpt":"Io, el sat\u00e9lite galileano m\u00e1s cercano a J\u00fapiter, es sin duda un lugar asombroso. Por un lado tiene cierto encanto, como de peque\u00f1o planeta viscoso sin cr\u00e1teres, con un interior semifundido que le permiti\u00f3 el honor de convertirse en el primer lugar del Sistema Solar, a excepci\u00f3n de la Tierra,\u2026","rel":"","context":"En \u00abCartograf\u00eda\u00bb","block_context":{"text":"Cartograf\u00eda","link":"https:\/\/alpoma.net\/carto\/?cat=9"},"img":{"alt_text":"","src":"https:\/\/i0.wp.com\/alpoma.net\/carto\/wp-content\/uploads\/2012\/03\/7000842649_5b98efa8e2_o.jpg?resize=350%2C200&ssl=1","width":350,"height":200,"srcset":"https:\/\/i0.wp.com\/alpoma.net\/carto\/wp-content\/uploads\/2012\/03\/7000842649_5b98efa8e2_o.jpg?resize=350%2C200&ssl=1 1x, https:\/\/i0.wp.com\/alpoma.net\/carto\/wp-content\/uploads\/2012\/03\/7000842649_5b98efa8e2_o.jpg?resize=525%2C300&ssl=1 1.5x"},"classes":[]},{"id":4346,"url":"https:\/\/alpoma.net\/carto\/?p=4346","url_meta":{"origin":73,"position":1},"title":"El Atlas Medici de Lorenzo Possi (1687)","author":"alpoma","date":"octubre 22, 2014","format":false,"excerpt":"He aqu\u00ed una de esas obras que no puedo menos que calificar como delicia cartogr\u00e1fica. Cualquier persona con querencia por los mapas antiguos desear\u00e1 tenerla en su biblioteca. Se trata de un nuevo e imponente trabajo del equipo de 4 Gatos, en esta ocasi\u00f3n una edici\u00f3n no venal patrocinada por\u2026","rel":"","context":"En \u00abViejos mapas\u00bb","block_context":{"text":"Viejos mapas","link":"https:\/\/alpoma.net\/carto\/?cat=4"},"img":{"alt_text":"Possi_portada","src":"https:\/\/i0.wp.com\/alpoma.net\/carto\/wp-content\/uploads\/2014\/10\/Possi_portada-229x300.jpg?resize=350%2C200","width":350,"height":200},"classes":[]},{"id":540,"url":"https:\/\/alpoma.net\/carto\/?p=540","url_meta":{"origin":73,"position":2},"title":"Convocatoria: Presentaci\u00f3n de la Red de Estaciones GNSS de Castilla y Le\u00f3n","author":"alpoma","date":"mayo 29, 2008","format":false,"excerpt":"Atractivo evento para quien pueda estar en Valladolid el d\u00eda 11 de Junio: La Presentaci\u00f3n de la Red GNSS de Castilla y Le\u00f3n se realizar\u00e1 el d\u00eda 11 de junio de 2008 en Sal\u00f3n de Actos de la Consejer\u00eda de Agricultura de la Junta de Castilla y Le\u00f3n, C\/ Rigoberto\u2026","rel":"","context":"En \u00abMiscel\u00e1nea\u00bb","block_context":{"text":"Miscel\u00e1nea","link":"https:\/\/alpoma.net\/carto\/?cat=1"},"img":{"alt_text":"","src":"https:\/\/i0.wp.com\/alpoma.net\/carto\/wp-content\/uploads\/2008\/05\/2533559103_5b0d7d3a11_o.jpg?resize=350%2C200&ssl=1","width":350,"height":200,"srcset":"https:\/\/i0.wp.com\/alpoma.net\/carto\/wp-content\/uploads\/2008\/05\/2533559103_5b0d7d3a11_o.jpg?resize=350%2C200&ssl=1 1x, https:\/\/i0.wp.com\/alpoma.net\/carto\/wp-content\/uploads\/2008\/05\/2533559103_5b0d7d3a11_o.jpg?resize=525%2C300&ssl=1 1.5x"},"classes":[]},{"id":299,"url":"https:\/\/alpoma.net\/carto\/?p=299","url_meta":{"origin":73,"position":3},"title":"III Jornada de Cartograf\u00eda de Castilla y Le\u00f3n","author":"alpoma","date":"enero 28, 2007","format":false,"excerpt":"El pr\u00f3ximo 7 de Febrero, en Valladolid, se celebrar\u00e1 la III Jornada de Cartograf\u00eda de Castilla y Le\u00f3n, en el Museo de la Ciencia y con la participaci\u00f3n de Pedro Duque. Espero estar all\u00ed, aunque dada la cr\u00f3nica escasez de tiempo que tengo \u00faltimamente, no s\u00e9 si podr\u00e1 ser posible\u2026","rel":"","context":"En \u00abMiscel\u00e1nea\u00bb","block_context":{"text":"Miscel\u00e1nea","link":"https:\/\/alpoma.net\/carto\/?cat=1"},"img":{"alt_text":"cartel_carto2","src":"https:\/\/i0.wp.com\/farm1.static.flickr.com\/184\/372184698_3e12c21a72_o.png?resize=350%2C200","width":350,"height":200},"classes":[]},{"id":1864,"url":"https:\/\/alpoma.net\/carto\/?p=1864","url_meta":{"origin":73,"position":4},"title":"Sobre l\u00edderes mundiales y Twitter","author":"alpoma","date":"septiembre 10, 2010","format":false,"excerpt":"Hace unos d\u00edas public\u00f3 Geographic Travels un listado sobre l\u00edderes mundiales que, a fecha de hoy, tienen una cuenta en Twitter. Seguramente no estar\u00e1n todos, pero la lista me parece bastante ilustrativa. Otra cosa es que los propietarios, en persona, mantengan esas cuentas vivas, porque eso es otro asunto muy\u2026","rel":"","context":"En \u00abExperimentos\u00bb","block_context":{"text":"Experimentos","link":"https:\/\/alpoma.net\/carto\/?cat=10"},"img":{"alt_text":"","src":"https:\/\/i0.wp.com\/alpoma.net\/carto\/wp-content\/uploads\/2010\/09\/4971628793_3aace2b2eb_z.jpg?resize=350%2C200&ssl=1","width":350,"height":200,"srcset":"https:\/\/i0.wp.com\/alpoma.net\/carto\/wp-content\/uploads\/2010\/09\/4971628793_3aace2b2eb_z.jpg?resize=350%2C200&ssl=1 1x, https:\/\/i0.wp.com\/alpoma.net\/carto\/wp-content\/uploads\/2010\/09\/4971628793_3aace2b2eb_z.jpg?resize=525%2C300&ssl=1 1.5x"},"classes":[]},{"id":661,"url":"https:\/\/alpoma.net\/carto\/?p=661","url_meta":{"origin":73,"position":5},"title":"GeoCommons Maker!","author":"alpoma","date":"octubre 2, 2008","format":false,"excerpt":"Si tuviera que referirme a este proyecto de forma muy breve, dir\u00eda que se trata de la comidilla de la geoblogosfera. Todo el mundo habla de ello, y no sin raz\u00f3n. Acaba de nacer en medio de referencias y comentarios por todas partes. \u00bfQu\u00e9 es GeoCommons? Para empezar hay que\u2026","rel":"","context":"En \u00abEn l\u00ednea\u00bb","block_context":{"text":"En l\u00ednea","link":"https:\/\/alpoma.net\/carto\/?cat=5"},"img":{"alt_text":"","src":"","width":0,"height":0},"classes":[]}],"jetpack_sharing_enabled":true,"_links":{"self":[{"href":"https:\/\/alpoma.net\/carto\/index.php?rest_route=\/wp\/v2\/posts\/73","targetHints":{"allow":["GET"]}}],"collection":[{"href":"https:\/\/alpoma.net\/carto\/index.php?rest_route=\/wp\/v2\/posts"}],"about":[{"href":"https:\/\/alpoma.net\/carto\/index.php?rest_route=\/wp\/v2\/types\/post"}],"author":[{"embeddable":true,"href":"https:\/\/alpoma.net\/carto\/index.php?rest_route=\/wp\/v2\/users\/1"}],"replies":[{"embeddable":true,"href":"https:\/\/alpoma.net\/carto\/index.php?rest_route=%2Fwp%2Fv2%2Fcomments&post=73"}],"version-history":[{"count":0,"href":"https:\/\/alpoma.net\/carto\/index.php?rest_route=\/wp\/v2\/posts\/73\/revisions"}],"wp:attachment":[{"href":"https:\/\/alpoma.net\/carto\/index.php?rest_route=%2Fwp%2Fv2%2Fmedia&parent=73"}],"wp:term":[{"taxonomy":"category","embeddable":true,"href":"https:\/\/alpoma.net\/carto\/index.php?rest_route=%2Fwp%2Fv2%2Fcategories&post=73"},{"taxonomy":"post_tag","embeddable":true,"href":"https:\/\/alpoma.net\/carto\/index.php?rest_route=%2Fwp%2Fv2%2Ftags&post=73"}],"curies":[{"name":"wp","href":"https:\/\/api.w.org\/{rel}","templated":true}]}}