{"id":712,"date":"2008-11-18T20:49:05","date_gmt":"2008-11-18T18:49:05","guid":{"rendered":"http:\/\/alpoma.net\/carto\/?p=712"},"modified":"2008-11-18T20:51:23","modified_gmt":"2008-11-18T18:51:23","slug":"el-canal-de-nicaragua","status":"publish","type":"post","link":"https:\/\/alpoma.net\/carto\/?p=712","title":{"rendered":"El Canal de Nicaragua"},"content":{"rendered":"<p>Desde principios del siglo XIX han aparecido diversos proyectos, e intenciones pol\u00edticas m\u00e1s que econ\u00f3micas dado el coste de la idea, para construir, a trav\u00e9s del itsmo de Nicaragua y aprovechando el lago del mismo nombre, un canal capaz de unir el Pac\u00edfico y el Atl\u00e1ntico. A trav\u00e9s de tan gigantesca obra, podr\u00edan circular barcos de gran calado, en directa competencia con el vecino Canal de Panam\u00e1. Han pasado muchos a\u00f1os desde que se propuso la idea original y, con mapas y planes de todo tipo, la cosa no ha pasado de algunos estudios e intenciones. <strong>Puede que nunca se construya, pero nos quedan de los tiempos en que se plante\u00f3 en serio una buena colecci\u00f3n de mapas<\/strong>. Hoy, me he encontrado en el n\u00famero del 3 de Mayo de 1930 de la madrile\u00f1a revista <em>Alrededor del Mundo<\/em>, un a\u00f1ejo mapa del proyecto, as\u00ed que aqu\u00ed va, directo al almac\u00e9n de <em>La Cartoteca<\/em>. Lo he restaurado un poco, pero el paso de los a\u00f1os se nota&#8230; \ud83d\ude09<\/p>\n<p><strong><a href=\"http:\/\/farm4.static.flickr.com\/3236\/3040888199_34f0be9171_o.jpg\">| Ampliar Mapa |<\/a><\/strong><\/p>\n<p><img decoding=\"async\" src=\"http:\/\/farm4.static.flickr.com\/3273\/3041729362_179305438e_o.jpg\" alt=\"img\"  class=\"otros\"\/><\/p>\n","protected":false},"excerpt":{"rendered":"<div class=\"mh-excerpt\"><p>Desde principios del siglo XIX han aparecido diversos proyectos, e intenciones pol\u00edticas m\u00e1s que econ\u00f3micas dado el coste de la idea, para construir, a trav\u00e9s <a class=\"mh-excerpt-more\" href=\"https:\/\/alpoma.net\/carto\/?p=712\" title=\"El Canal de Nicaragua\">[&#8230;]<\/a><\/p>\n<\/div>","protected":false},"author":1,"featured_media":4993,"comment_status":"open","ping_status":"open","sticky":false,"template":"","format":"standard","meta":{"jetpack_post_was_ever_published":false,"_jetpack_newsletter_access":"","_jetpack_dont_email_post_to_subs":false,"_jetpack_newsletter_tier_id":0,"_jetpack_memberships_contains_paywalled_content":false,"_jetpack_memberships_contains_paid_content":false,"footnotes":""},"categories":[4],"tags":[],"class_list":["post-712","post","type-post","status-publish","format-standard","has-post-thumbnail","hentry","category-viejos-mapas"],"jetpack_featured_media_url":"https:\/\/alpoma.net\/carto\/wp-content\/uploads\/2008\/11\/3041729362_179305438e_o.jpg","jetpack_shortlink":"https:\/\/wp.me\/p93Co9-bu","jetpack-related-posts":[{"id":6498,"url":"https:\/\/alpoma.net\/carto\/?p=6498","url_meta":{"origin":712,"position":0},"title":"Museo cartogr\u00e1fico de Potes","author":"alpoma","date":"agosto 14, 2016","format":false,"excerpt":"M\u00e1s que museo, prefiero llamarlo rinc\u00f3n encantador. Se trata de un entra\u00f1able espacio acerca de mapas organizado con entusiasmo, algo realmente atractivo. Si pasas por Potes, en Cantabria, no dudes en visitarlo. Hace varias semanas, subiendo a Palencia desde Cantabria, pas\u00e9 parte de una ma\u00f1ana recorriendo la muestra visual que\u2026","rel":"","context":"En \u00abLugares\u00bb","block_context":{"text":"Lugares","link":"https:\/\/alpoma.net\/carto\/?cat=11"},"img":{"alt_text":"","src":"https:\/\/i0.wp.com\/alpoma.net\/carto\/wp-content\/uploads\/2016\/08\/IMG_6152.jpg?resize=350%2C200&ssl=1","width":350,"height":200,"srcset":"https:\/\/i0.wp.com\/alpoma.net\/carto\/wp-content\/uploads\/2016\/08\/IMG_6152.jpg?resize=350%2C200&ssl=1 1x, https:\/\/i0.wp.com\/alpoma.net\/carto\/wp-content\/uploads\/2016\/08\/IMG_6152.jpg?resize=525%2C300&ssl=1 1.5x, https:\/\/i0.wp.com\/alpoma.net\/carto\/wp-content\/uploads\/2016\/08\/IMG_6152.jpg?resize=700%2C400&ssl=1 2x, https:\/\/i0.wp.com\/alpoma.net\/carto\/wp-content\/uploads\/2016\/08\/IMG_6152.jpg?resize=1050%2C600&ssl=1 3x, https:\/\/i0.wp.com\/alpoma.net\/carto\/wp-content\/uploads\/2016\/08\/IMG_6152.jpg?resize=1400%2C800&ssl=1 4x"},"classes":[]},{"id":7851,"url":"https:\/\/alpoma.net\/carto\/?p=7851","url_meta":{"origin":712,"position":1},"title":"Una exposici\u00f3n de mapas muy personal","author":"alpoma","date":"mayo 9, 2024","format":false,"excerpt":"Tiene gracia que, aunque actualice poco, tenga un blog sobre mapas y no haya mencionado esto todav\u00eda. Pero el tiempo es muy escaso y lo he ido aparcando. As\u00ed que, por fin, aqu\u00ed va. He organizado una exposici\u00f3n cartogr\u00e1fica con mapas originales de mi colecci\u00f3n en mi pueblo, Guardo, en\u2026","rel":"","context":"En \u00abViejos mapas\u00bb","block_context":{"text":"Viejos mapas","link":"https:\/\/alpoma.net\/carto\/?cat=4"},"img":{"alt_text":"","src":"https:\/\/i0.wp.com\/alpoma.net\/carto\/wp-content\/uploads\/2024\/05\/IMG-20240418-WA0015-724x1024-1.jpg?resize=350%2C200&ssl=1","width":350,"height":200,"srcset":"https:\/\/i0.wp.com\/alpoma.net\/carto\/wp-content\/uploads\/2024\/05\/IMG-20240418-WA0015-724x1024-1.jpg?resize=350%2C200&ssl=1 1x, https:\/\/i0.wp.com\/alpoma.net\/carto\/wp-content\/uploads\/2024\/05\/IMG-20240418-WA0015-724x1024-1.jpg?resize=525%2C300&ssl=1 1.5x, https:\/\/i0.wp.com\/alpoma.net\/carto\/wp-content\/uploads\/2024\/05\/IMG-20240418-WA0015-724x1024-1.jpg?resize=700%2C400&ssl=1 2x"},"classes":[]},{"id":723,"url":"https:\/\/alpoma.net\/carto\/?p=723","url_meta":{"origin":712,"position":2},"title":"Mapas en el cine y la televisi\u00f3n","author":"alpoma","date":"noviembre 30, 2008","format":false,"excerpt":"Este proyecto, con el t\u00edtulo Maps in movies and TV, es un canal en YouTube coordinado por Giacomo Andreucci , investigador postdoctoral de la Universidad de Bolonia, que tambi\u00e9n es autor de una web en italiano sobre mapas y literatura, cuyo objetivo es recopilar referencias sobre mapas que hayan aparecido\u2026","rel":"","context":"En \u00abEn l\u00ednea\u00bb","block_context":{"text":"En l\u00ednea","link":"https:\/\/alpoma.net\/carto\/?cat=5"},"img":{"alt_text":"","src":"","width":0,"height":0},"classes":[]},{"id":6580,"url":"https:\/\/alpoma.net\/carto\/?p=6580","url_meta":{"origin":712,"position":3},"title":"Maptorian se renueva: edici\u00f3n 2017 de mi colecci\u00f3n de plantillas para crear mapas","author":"alpoma","date":"enero 15, 2017","format":false,"excerpt":"Han pasado ya cuatro a\u00f1os desde que lanc\u00e9 Maptorian como producto y ya iba siendo hora de renovar el contenido. Por eso, acabo de lanzar la edici\u00f3n 2017, con unas cuantas novedades. Para empezar, ahora las platillas para crear mapas de Maptorian no s\u00f3lo se encuentran en formato AI de\u2026","rel":"","context":"En \u00abEn l\u00ednea\u00bb","block_context":{"text":"En l\u00ednea","link":"https:\/\/alpoma.net\/carto\/?cat=5"},"img":{"alt_text":"","src":"https:\/\/i0.wp.com\/alpoma.net\/carto\/wp-content\/uploads\/2017\/01\/ae18f40cdddd8533ec49820d2e1b78a5_original.png?resize=350%2C200&ssl=1","width":350,"height":200,"srcset":"https:\/\/i0.wp.com\/alpoma.net\/carto\/wp-content\/uploads\/2017\/01\/ae18f40cdddd8533ec49820d2e1b78a5_original.png?resize=350%2C200&ssl=1 1x, https:\/\/i0.wp.com\/alpoma.net\/carto\/wp-content\/uploads\/2017\/01\/ae18f40cdddd8533ec49820d2e1b78a5_original.png?resize=525%2C300&ssl=1 1.5x"},"classes":[]},{"id":2474,"url":"https:\/\/alpoma.net\/carto\/?p=2474","url_meta":{"origin":712,"position":4},"title":"Videotutoriales de Ortelius y Artboard","author":"alpoma","date":"abril 12, 2011","format":false,"excerpt":"A la hora de crear mapas editoriales o ilustraciones en las que sea necesario introducir mapas, cada cual tendr\u00e1 sus herramientas favoritas. En mi caso, adem\u00e1s del siempre presente Illustrator, suelo acudir a un programa sencillo que me encanta y que no dudo en recomendar para ese tipo de proyectos.\u2026","rel":"","context":"En \u00abCartograf\u00eda\u00bb","block_context":{"text":"Cartograf\u00eda","link":"https:\/\/alpoma.net\/carto\/?cat=9"},"img":{"alt_text":"","src":"","width":0,"height":0},"classes":[]},{"id":888,"url":"https:\/\/alpoma.net\/carto\/?p=888","url_meta":{"origin":712,"position":5},"title":"Geograf\u00eda visual de California (1933)","author":"alpoma","date":"septiembre 25, 2009","format":false,"excerpt":"Peque\u00f1a delicia cartogr\u00e1fica que repasa la historia y la geograf\u00eda de California de forma puramente visual, con mapas y gr\u00e1ficos. Puede que hoy, a mucha gente, no le parezca espectacular, pero si se piensa que se trata de un libro editado en los a\u00f1os treinta del pasado siglo, sus minuciosos\u2026","rel":"","context":"En \u00abViejos mapas\u00bb","block_context":{"text":"Viejos mapas","link":"https:\/\/alpoma.net\/carto\/?cat=4"},"img":{"alt_text":"","src":"","width":0,"height":0},"classes":[]}],"jetpack_sharing_enabled":true,"_links":{"self":[{"href":"https:\/\/alpoma.net\/carto\/index.php?rest_route=\/wp\/v2\/posts\/712","targetHints":{"allow":["GET"]}}],"collection":[{"href":"https:\/\/alpoma.net\/carto\/index.php?rest_route=\/wp\/v2\/posts"}],"about":[{"href":"https:\/\/alpoma.net\/carto\/index.php?rest_route=\/wp\/v2\/types\/post"}],"author":[{"embeddable":true,"href":"https:\/\/alpoma.net\/carto\/index.php?rest_route=\/wp\/v2\/users\/1"}],"replies":[{"embeddable":true,"href":"https:\/\/alpoma.net\/carto\/index.php?rest_route=%2Fwp%2Fv2%2Fcomments&post=712"}],"version-history":[{"count":0,"href":"https:\/\/alpoma.net\/carto\/index.php?rest_route=\/wp\/v2\/posts\/712\/revisions"}],"wp:featuredmedia":[{"embeddable":true,"href":"https:\/\/alpoma.net\/carto\/index.php?rest_route=\/wp\/v2\/media\/4993"}],"wp:attachment":[{"href":"https:\/\/alpoma.net\/carto\/index.php?rest_route=%2Fwp%2Fv2%2Fmedia&parent=712"}],"wp:term":[{"taxonomy":"category","embeddable":true,"href":"https:\/\/alpoma.net\/carto\/index.php?rest_route=%2Fwp%2Fv2%2Fcategories&post=712"},{"taxonomy":"post_tag","embeddable":true,"href":"https:\/\/alpoma.net\/carto\/index.php?rest_route=%2Fwp%2Fv2%2Ftags&post=712"}],"curies":[{"name":"wp","href":"https:\/\/api.w.org\/{rel}","templated":true}]}}