{"id":700,"date":"2008-11-12T18:22:06","date_gmt":"2008-11-12T16:22:06","guid":{"rendered":"http:\/\/alpoma.net\/carto\/?p=700"},"modified":"2008-11-12T18:35:37","modified_gmt":"2008-11-12T16:35:37","slug":"urbanarbolismo-una-nueva-manera-de-urbanizar-en-la-costa-mediterranea","status":"publish","type":"post","link":"https:\/\/alpoma.net\/carto\/?p=700","title":{"rendered":"Urbanarbolismo, una nueva manera de urbanizar en la costa mediterr\u00e1nea"},"content":{"rendered":"<p><img decoding=\"async\" src=\"http:\/\/farm4.static.flickr.com\/3246\/3025331344_93d51820ec_o.jpg\" alt=\"img\" class=\"dch\"\/><strong><a href=\"http:\/\/www.urbanarbolismo.es\/\" class=\"enlaces\">Urbanarbolismo<\/a><\/strong> es uno de los proyectos que m\u00e1s gratamente han llamado mi atenci\u00f3n en los \u00faltimos tiempos. Se trata de una investigaci\u00f3n desarrollada por <strong>Jordi Serramia Ruiz<\/strong>, alumno de arquitectura la Universidad de Alicante, quien ha tenido la deferencia de aportar para la <em>La Cartoteca<\/em> una visi\u00f3n de conjunto del proyecto describiendo los<strong> objetivos<\/strong> prioritarios del mismo:<\/p>\n<blockquote><p><strong>El proyecto urbanarbolismo tiene b\u00e1sicamente dos objetivos<\/strong>:<\/p>\n<ul>\n<li>1. <strong>Naturaleza urbano-protegida<\/strong>. Lograr que el proceso urbanizador genere naturaleza, una urbanizaci\u00f3n no solo puede respetar el entorno natural sino que tiene un potencial increible para crearlo estableciendo relaciones de simbiosis entre la vegetaci\u00f3n y los edificios. Ejemplos de esto son: la <strong><a href=\"http:\/\/www.urbanarbolismo.es\/blog\/?p=171\" class=\"enlaces\">torre refrigerada por bosque<\/a><\/strong> y la <strong><a href=\"http:\/\/www.urbanarbolismo.es\/blog\/?p=115\" class=\"enlaces\">vivienda bosque<\/a><\/strong>.\n<p>En este sentido actualmente estoy escribiendo un borrador de normativa y evaluaci\u00f3n paisaj\u00edstica que permitir\u00eda a una urbanizaci\u00f3n en cualquier lugar crear naturaleza siguiendo unos criterios b\u00e1sicos: m\u00ednima huella, instrumentalizaci\u00f3n de la vegetaci\u00f3n, respeto de las preexistencias agr\u00edcolas, m\u00ednimizar y optimizar el espacio para el automovil, concentraci\u00f3n de aparcamientos&#8230; el <strong><a href=\"http:\/\/www.urbanarbolismo.es\/blog\/?p=3\" class=\"enlaces\">manifiesto urbanarbolista<\/a><\/strong> es una declaraci\u00f3n de intenciones.<\/li>\n<li>2. <strong><a href=\"http:\/\/www.urbanarbolismo.es\/blog\/?p=53\" class=\"enlaces\">Urbanizaciones que aumentan los \u00edndices pluviom\u00e9tricos<\/a><\/strong>. En zonas semides\u00e9rticas con clima mediterr\u00e1neo y monta\u00f1as de una altura superior a 1000 metros a menos de 20 kil\u00f3metros de la costa se pueden crear urbanizaciones que aumenten los \u00edndices pluviom\u00e9tricos mediante un aumento de la evapotranspiraci\u00f3n. Esto se logra b\u00e1sicamente reforestando seg\u00fan el punto 1 y gestionando eficazmente el agua. Para ello la <strong><a href=\"http:\/\/www.urbanarbolismo.es\/blog\/?p=170\" class=\"enlaces\">urbanizaci\u00f3n<\/a><\/strong> dispone de sistemas de captaci\u00f3n de lluvia, reciclaje de aguas negras, reutilizaci\u00f3n de aguas grises mediante fitodepuraci\u00f3n, <strong><a href=\"http:\/\/www.urbanarbolismo.es\/blog\/?p=81\" class=\"enlaces\">viviendas depuradora<\/a><\/strong>, plazas innudables, especies vegetales espec\u00edficas&#8230;\n<p>En este sentido ubanarbolismo ser\u00eda una alternativa al proyecto <em>Geshem<\/em>. Mientras este proyecto propone cubrir 400ha con un material negro para provocar corrientes convectivas que generen lluvia, el proyecto urbanarbolismo propone una urbanizaci\u00f3n que reforesta 1000-1500ha aumentando la humedad ambiental, lo que produce el mismo efecto siempre que haya una monta\u00f1a que genere la corriente convectiva.<\/li>\n<\/ul>\n<\/blockquote>\n<p><strong>Lectura recomendada<\/strong>: <a href=\"http:\/\/nomada.blogs.com\/jfreire\/2008\/11\/se-puede-urbanizar-contra-el-cambio-clim%C3%A1tico-proyecto-urbanarbolismo.html\">Juan Freire: \u00bfSe puede urbanizar contra el cambio clim\u00e1tico? Proyecto Urbanarbolismo<\/a><\/p>\n","protected":false},"excerpt":{"rendered":"<div class=\"mh-excerpt\"><p>Urbanarbolismo es uno de los proyectos que m\u00e1s gratamente han llamado mi atenci\u00f3n en los \u00faltimos tiempos. Se trata de una investigaci\u00f3n desarrollada por Jordi <a class=\"mh-excerpt-more\" href=\"https:\/\/alpoma.net\/carto\/?p=700\" title=\"Urbanarbolismo, una nueva manera de urbanizar en la costa mediterr\u00e1nea\">[&#8230;]<\/a><\/p>\n<\/div>","protected":false},"author":1,"featured_media":0,"comment_status":"open","ping_status":"open","sticky":false,"template":"","format":"standard","meta":{"jetpack_post_was_ever_published":false,"_jetpack_newsletter_access":"","_jetpack_dont_email_post_to_subs":false,"_jetpack_newsletter_tier_id":0,"_jetpack_memberships_contains_paywalled_content":false,"_jetpack_memberships_contains_paid_content":false,"footnotes":""},"categories":[7,6],"tags":[],"class_list":["post-700","post","type-post","status-publish","format-standard","hentry","category-geografia","category-riesgos-naturales"],"jetpack_featured_media_url":"","jetpack_shortlink":"https:\/\/wp.me\/p93Co9-bi","jetpack-related-posts":[{"id":3461,"url":"https:\/\/alpoma.net\/carto\/?p=3461","url_meta":{"origin":700,"position":0},"title":"Natmaps, social mapping","author":"alpoma","date":"julio 23, 2012","format":false,"excerpt":"Nuevos proyectos, nuevas ideas, \u00a1movimiento! Me escribieron de Asturias hace poco para comentarme sobre un nuevo producto de webmapping y he de reconocer que me ha encantado. Est\u00e1 dando sus primeros pasos, pero tiene mucho potencial. Es sencillo de utilizar y es potente, \u00bfse puede pedir m\u00e1s? Ah s\u00ed, es\u2026","rel":"","context":"En \u00abEn l\u00ednea\u00bb","block_context":{"text":"En l\u00ednea","link":"https:\/\/alpoma.net\/carto\/?cat=5"},"img":{"alt_text":"","src":"https:\/\/i0.wp.com\/alpoma.net\/carto\/wp-content\/uploads\/2012\/07\/7630425714_faa21805b8_o.jpg?resize=350%2C200&ssl=1","width":350,"height":200,"srcset":"https:\/\/i0.wp.com\/alpoma.net\/carto\/wp-content\/uploads\/2012\/07\/7630425714_faa21805b8_o.jpg?resize=350%2C200&ssl=1 1x, https:\/\/i0.wp.com\/alpoma.net\/carto\/wp-content\/uploads\/2012\/07\/7630425714_faa21805b8_o.jpg?resize=525%2C300&ssl=1 1.5x"},"classes":[]},{"id":3420,"url":"https:\/\/alpoma.net\/carto\/?p=3420","url_meta":{"origin":700,"position":1},"title":"[Libro\/descarga] Sat\u00e9lites de Teledetecci\u00f3n para la Gesti\u00f3n del Territorio.","author":"alpoma","date":"junio 30, 2012","format":false,"excerpt":"Toda una delicia... ;-) Ya se encuentra disponible el libro Sat\u00e9lites de Teledetecci\u00f3n para la Gesti\u00f3n del Territorio. Este documento, que fue planteado como uno de los objetivos iniciales del proyecto SATELMAC, permite acceder a informaci\u00f3n relacionada con los sat\u00e9lites operativos m\u00e1s importante que en hay en la actualidad y\u2026","rel":"","context":"En \u00abTeledetecci\u00f3n\u00bb","block_context":{"text":"Teledetecci\u00f3n","link":"https:\/\/alpoma.net\/carto\/?cat=3"},"img":{"alt_text":"satelites_de_teledeteccion_para_la_gestion_del_territorio","src":"https:\/\/i0.wp.com\/farm9.staticflickr.com\/8015\/7471780246_a9836197dd_m.jpg?resize=350%2C200","width":350,"height":200},"classes":[]},{"id":851,"url":"https:\/\/alpoma.net\/carto\/?p=851","url_meta":{"origin":700,"position":2},"title":"[KML] Patagonia sin represas en Google Earth","author":"alpoma","date":"julio 13, 2009","format":false,"excerpt":"Me hago eco aqu\u00ed de un interesante proyecto en Google Earth que me ha enviado Dollfus, estudiante de Geograf\u00eda de la Universidad de Concepci\u00f3n en Chile: El trabajo es un proyecto personal que fue realizado cumpliendo ciertos objetivos como obtener la informaci\u00f3n integramente desde el sitio web de la Campa\u00f1a\u2026","rel":"","context":"En \u00abEn l\u00ednea\u00bb","block_context":{"text":"En l\u00ednea","link":"https:\/\/alpoma.net\/carto\/?cat=5"},"img":{"alt_text":"","src":"https:\/\/i0.wp.com\/alpoma.net\/carto\/wp-content\/uploads\/2009\/07\/3717131224_3945b81dc4_o.jpg?resize=350%2C200&ssl=1","width":350,"height":200,"srcset":"https:\/\/i0.wp.com\/alpoma.net\/carto\/wp-content\/uploads\/2009\/07\/3717131224_3945b81dc4_o.jpg?resize=350%2C200&ssl=1 1x, https:\/\/i0.wp.com\/alpoma.net\/carto\/wp-content\/uploads\/2009\/07\/3717131224_3945b81dc4_o.jpg?resize=525%2C300&ssl=1 1.5x"},"classes":[]},{"id":6523,"url":"https:\/\/alpoma.net\/carto\/?p=6523","url_meta":{"origin":700,"position":3},"title":"Mapa de radiaci\u00f3n gamma natural en Espa\u00f1a","author":"alpoma","date":"octubre 4, 2016","format":false,"excerpt":"A ra\u00edz de una conversaci\u00f3n acerca del granito y el rad\u00f3n, record\u00e9 cierto mapa de inter\u00e9s sobre este tema y, de paso, pens\u00e9 en traerlo a La cartoteca. Continuamente recibimos radiaci\u00f3n de diversos tipos. Lo m\u00e1s conocido, y socorrido, es mencionar centrales nucleares o pruebas de radiodiagn\u00f3stico, pero no se\u2026","rel":"","context":"En \u00abCartograf\u00eda\u00bb","block_context":{"text":"Cartograf\u00eda","link":"https:\/\/alpoma.net\/carto\/?cat=9"},"img":{"alt_text":"","src":"https:\/\/i0.wp.com\/alpoma.net\/carto\/wp-content\/uploads\/2016\/10\/radon_espana.jpg?resize=350%2C200&ssl=1","width":350,"height":200,"srcset":"https:\/\/i0.wp.com\/alpoma.net\/carto\/wp-content\/uploads\/2016\/10\/radon_espana.jpg?resize=350%2C200&ssl=1 1x, https:\/\/i0.wp.com\/alpoma.net\/carto\/wp-content\/uploads\/2016\/10\/radon_espana.jpg?resize=525%2C300&ssl=1 1.5x, https:\/\/i0.wp.com\/alpoma.net\/carto\/wp-content\/uploads\/2016\/10\/radon_espana.jpg?resize=700%2C400&ssl=1 2x"},"classes":[]},{"id":675,"url":"https:\/\/alpoma.net\/carto\/?p=675","url_meta":{"origin":700,"position":4},"title":"Proyecto SANCHO de teledetecci\u00f3n aerost\u00e1tica","author":"alpoma","date":"octubre 18, 2008","format":false,"excerpt":"A lo largo de la semana he recibido algunas noticias de sumo inter\u00e9s, gracias a la lista de correo sobre teledetecci\u00f3n de RedIris, acerca de proyectos de los que no ten\u00eda informaci\u00f3n hasta ahora y que han llamado poderosamente mi atenci\u00f3n. Entre ellos, selecciono aqu\u00ed un proyecto de teledetecci\u00f3n aerost\u00e1tica:\u2026","rel":"","context":"En \u00abTeledetecci\u00f3n\u00bb","block_context":{"text":"Teledetecci\u00f3n","link":"https:\/\/alpoma.net\/carto\/?cat=3"},"img":{"alt_text":"","src":"","width":0,"height":0},"classes":[]},{"id":710,"url":"https:\/\/alpoma.net\/carto\/?p=710","url_meta":{"origin":700,"position":5},"title":"La historia a trav\u00e9s de mapas animados","author":"alpoma","date":"noviembre 16, 2008","format":false,"excerpt":"Esta iniciativa, en pleno desarrollo, me recuerda bastante a Maps of War, solo que con objetivos diferentes y un toque m\u00e1s acad\u00e9mico. Se trata de la creaci\u00f3n de un atlas hist\u00f3rico mundial a trav\u00e9s del empleo de tecnolog\u00eda flash para generar mapas interactivos muy atractivos. Actualmente, dado que se trata\u2026","rel":"","context":"En \u00abCartograf\u00eda\u00bb","block_context":{"text":"Cartograf\u00eda","link":"https:\/\/alpoma.net\/carto\/?cat=9"},"img":{"alt_text":"","src":"https:\/\/i0.wp.com\/alpoma.net\/carto\/wp-content\/uploads\/2008\/11\/3033937507_c154fbe42a_o.jpg?resize=350%2C200&ssl=1","width":350,"height":200,"srcset":"https:\/\/i0.wp.com\/alpoma.net\/carto\/wp-content\/uploads\/2008\/11\/3033937507_c154fbe42a_o.jpg?resize=350%2C200&ssl=1 1x, https:\/\/i0.wp.com\/alpoma.net\/carto\/wp-content\/uploads\/2008\/11\/3033937507_c154fbe42a_o.jpg?resize=525%2C300&ssl=1 1.5x"},"classes":[]}],"jetpack_sharing_enabled":true,"_links":{"self":[{"href":"https:\/\/alpoma.net\/carto\/index.php?rest_route=\/wp\/v2\/posts\/700","targetHints":{"allow":["GET"]}}],"collection":[{"href":"https:\/\/alpoma.net\/carto\/index.php?rest_route=\/wp\/v2\/posts"}],"about":[{"href":"https:\/\/alpoma.net\/carto\/index.php?rest_route=\/wp\/v2\/types\/post"}],"author":[{"embeddable":true,"href":"https:\/\/alpoma.net\/carto\/index.php?rest_route=\/wp\/v2\/users\/1"}],"replies":[{"embeddable":true,"href":"https:\/\/alpoma.net\/carto\/index.php?rest_route=%2Fwp%2Fv2%2Fcomments&post=700"}],"version-history":[{"count":0,"href":"https:\/\/alpoma.net\/carto\/index.php?rest_route=\/wp\/v2\/posts\/700\/revisions"}],"wp:attachment":[{"href":"https:\/\/alpoma.net\/carto\/index.php?rest_route=%2Fwp%2Fv2%2Fmedia&parent=700"}],"wp:term":[{"taxonomy":"category","embeddable":true,"href":"https:\/\/alpoma.net\/carto\/index.php?rest_route=%2Fwp%2Fv2%2Fcategories&post=700"},{"taxonomy":"post_tag","embeddable":true,"href":"https:\/\/alpoma.net\/carto\/index.php?rest_route=%2Fwp%2Fv2%2Ftags&post=700"}],"curies":[{"name":"wp","href":"https:\/\/api.w.org\/{rel}","templated":true}]}}