{"id":6988,"date":"2018-05-20T18:12:44","date_gmt":"2018-05-20T16:12:44","guid":{"rendered":"https:\/\/alpoma.net\/carto\/?p=6988"},"modified":"2018-05-20T18:12:44","modified_gmt":"2018-05-20T16:12:44","slug":"un-modelo-patentado-de-la-tierra-hueca-de-1912","status":"publish","type":"post","link":"https:\/\/alpoma.net\/carto\/?p=6988","title":{"rendered":"Un modelo (patentado) de la Tierra hueca de 1912"},"content":{"rendered":"<p>Desde el siglo XVIII, y hasta bien entrado el XX, la <strong><a href=\"https:\/\/en.wikipedia.org\/wiki\/Hollow_Earth#Concave_hollow_Earths\">teor\u00eda de la \u00abTierra hueca\u00bb<\/a><\/strong> tuvo cierto predicamento, con algunos ejemplos de defensa fan\u00e1tica incluidos. Nuestro conocimiento actual de la estructura del planeta Tierra hace que no tenga ya ning\u00fan sentido hablar de esa cuesti\u00f3n, pero hubo un tiempo, a principios del siglo XX, en que era muy comentada y aparec\u00eda en prensa cada poco (la idea fue popularizada por Julio Verne en su <em>Viaje al centro de la Tierra<\/em>, de 1864).<\/p>\n<p>La versi\u00f3n m\u00e1s radical de este modelo planteaba nuestro planeta como completamente hueco, dotado de una corteza m\u00e1s o menos gruesa, que habitamos nosotros en el exterior, pero que tambi\u00e9n sostendr\u00eda una civilizaci\u00f3n \u00ab<strong>intraterrestre<\/strong>\u00bb localizada en la cara interior de esa corteza y alimentada por una especie de <strong>sol interior<\/strong> en posici\u00f3n central, existiendo <strong>grandes agujeros en los polos<\/strong> que comunicar\u00edan el interior y el exterior en una especie de maravilla topol\u00f3gica ignota. <\/p>\n<p>Hay quien fue m\u00e1s all\u00e1 y afirm\u00f3 que, en realidad, somos nosotros los que vivimos en el interior de esa corteza. En fin, que no tiene caso hoy d\u00eda, pero hace alrededor de un siglo un estadounidense defensor de la teor\u00eda de la Tierra hueca, <strong>Marshall B. Gardner<\/strong>, autor en 1920 del libro <em><a href=\"http:\/\/www.sacred-texts.com\/earth\/jei\/\">A Journey to the Earth&#8217;s Interior<\/a><\/em>, se plante\u00f3 c\u00f3mo hacer m\u00e1s popular esta idea y, de paso, c\u00f3mo difundirla de forma pr\u00e1ctica. La soluci\u00f3n le lleg\u00f3 en forma de dise\u00f1o sobre <strong>un globo terrestre did\u00e1ctico que patent\u00f3 en 1912<\/strong> y que, como puede verse en la siguiente imagen <strong><a href=\"https:\/\/patents.google.com\/patent\/US1096102A\/en?inventor=Marshall+B+Gardner\">procedente del expediente original<\/a><\/strong>, deja bien claro lo que quer\u00eda mostrar. Toda una curiosidad cartogr\u00e1fica de la que, por cierto, desconozco si se ha conservado alguno de los modelos que presumiblemente se comercializaron (<em>pinchar en la imagen para ampliar<\/em>).<\/p>\n<p><a href=\"https:\/\/alpoma.net\/carto\/wp-content\/uploads\/2018\/05\/gardner-tierra-hueca.png\"><img loading=\"lazy\" decoding=\"async\" data-attachment-id=\"6990\" data-permalink=\"https:\/\/alpoma.net\/carto\/?attachment_id=6990\" data-orig-file=\"https:\/\/alpoma.net\/carto\/wp-content\/uploads\/2018\/05\/gardner-tierra-hueca.png\" data-orig-size=\"2320,3408\" data-comments-opened=\"0\" data-image-meta=\"{&quot;aperture&quot;:&quot;0&quot;,&quot;credit&quot;:&quot;&quot;,&quot;camera&quot;:&quot;&quot;,&quot;caption&quot;:&quot;&quot;,&quot;created_timestamp&quot;:&quot;0&quot;,&quot;copyright&quot;:&quot;&quot;,&quot;focal_length&quot;:&quot;0&quot;,&quot;iso&quot;:&quot;0&quot;,&quot;shutter_speed&quot;:&quot;0&quot;,&quot;title&quot;:&quot;&quot;,&quot;orientation&quot;:&quot;0&quot;}\" data-image-title=\"gardner-tierra-hueca\" data-image-description=\"\" data-image-caption=\"\" data-large-file=\"https:\/\/alpoma.net\/carto\/wp-content\/uploads\/2018\/05\/gardner-tierra-hueca-697x1024.png\" src=\"https:\/\/alpoma.net\/carto\/wp-content\/uploads\/2018\/05\/gardner-tierra-hueca-697x1024.png\" alt=\"\" width=\"697\" height=\"1024\" class=\"aligncenter size-large wp-image-6990\" srcset=\"https:\/\/alpoma.net\/carto\/wp-content\/uploads\/2018\/05\/gardner-tierra-hueca-697x1024.png 697w, https:\/\/alpoma.net\/carto\/wp-content\/uploads\/2018\/05\/gardner-tierra-hueca-204x300.png 204w, https:\/\/alpoma.net\/carto\/wp-content\/uploads\/2018\/05\/gardner-tierra-hueca-768x1128.png 768w\" sizes=\"auto, (max-width: 697px) 100vw, 697px\" \/><\/a><\/p>\n","protected":false},"excerpt":{"rendered":"<div class=\"mh-excerpt\"><p>Desde el siglo XVIII, y hasta bien entrado el XX, la teor\u00eda de la \u00abTierra hueca\u00bb tuvo cierto predicamento, con algunos ejemplos de defensa fan\u00e1tica <a class=\"mh-excerpt-more\" href=\"https:\/\/alpoma.net\/carto\/?p=6988\" title=\"Un modelo (patentado) de la Tierra hueca de 1912\">[&#8230;]<\/a><\/p>\n<\/div>","protected":false},"author":1,"featured_media":6991,"comment_status":"closed","ping_status":"closed","sticky":false,"template":"","format":"standard","meta":{"jetpack_post_was_ever_published":false,"_jetpack_newsletter_access":"","_jetpack_dont_email_post_to_subs":false,"_jetpack_newsletter_tier_id":0,"_jetpack_memberships_contains_paywalled_content":false,"_jetpack_memberships_contains_paid_content":false,"footnotes":""},"categories":[4],"tags":[],"class_list":["post-6988","post","type-post","status-publish","format-standard","has-post-thumbnail","hentry","category-viejos-mapas"],"jetpack_featured_media_url":"https:\/\/alpoma.net\/carto\/wp-content\/uploads\/2018\/05\/tierra-hueca-modelo-1913.png","jetpack_shortlink":"https:\/\/wp.me\/p93Co9-1OI","jetpack-related-posts":[{"id":7368,"url":"https:\/\/alpoma.net\/carto\/?p=7368","url_meta":{"origin":6988,"position":0},"title":"La teor\u00eda de la Tierra en expansi\u00f3n (1963)","author":"alpoma","date":"abril 12, 2019","format":false,"excerpt":"En mi creciente colecci\u00f3n de Atlas impresos hay algunos que, para m\u00ed, tienen un significado especial. Adem\u00e1s de los del siglo XIX, que son una delicia, hay algunos de mediados del siglo XX que son toda una joya del dise\u00f1o. Entre esos, mi favorito es el gigantesco volumen del \"Atlas\u2026","rel":"","context":"En \u00abViejos mapas\u00bb","block_context":{"text":"Viejos mapas","link":"https:\/\/alpoma.net\/carto\/?cat=4"},"img":{"alt_text":"","src":"https:\/\/i0.wp.com\/alpoma.net\/carto\/wp-content\/uploads\/2019\/04\/expansion-tierra.jpg?resize=350%2C200&ssl=1","width":350,"height":200},"classes":[]},{"id":203,"url":"https:\/\/alpoma.net\/carto\/?p=203","url_meta":{"origin":6988,"position":1},"title":"De la corteza al n\u00facleo","author":"alpoma","date":"junio 6, 2006","format":false,"excerpt":"\u00daltimamente tengo muy poco tiempo para posterar y por ello se me acumulan noticias y recursos interesantes que espero compartir con tod@s en La Cartoteca. Entre esas noticias, una me ha llamado particularmente la atenci\u00f3n esta semana. Publicada en Sondas Espaciales, informa sobre un fragmento de corteza terrestre que se\u2026","rel":"","context":"En \u00abGeograf\u00eda\u00bb","block_context":{"text":"Geograf\u00eda","link":"https:\/\/alpoma.net\/carto\/?cat=7"},"img":{"alt_text":"","src":"","width":0,"height":0},"classes":[]},{"id":3913,"url":"https:\/\/alpoma.net\/carto\/?p=3913","url_meta":{"origin":6988,"position":2},"title":"La Tierra sin oc\u00e9anos (1694)","author":"alpoma","date":"abril 29, 2013","format":false,"excerpt":"Esta curiosa vista de nuestro planeta llega gracias a Ptak Science Books y me ha sorprendido. De acuerdo, mapas en los que se imagine la Tierra sin oc\u00e9anos hay muchos pero, \u00a1estamos hablando de finales del siglo XVII! Muy audaz para la \u00e9poca, se puede ver California como una isla,\u2026","rel":"","context":"En \u00abViejos mapas\u00bb","block_context":{"text":"Viejos mapas","link":"https:\/\/alpoma.net\/carto\/?cat=4"},"img":{"alt_text":"","src":"https:\/\/i0.wp.com\/alpoma.net\/carto\/wp-content\/uploads\/2013\/04\/mapa_burnet.jpg?resize=350%2C200&ssl=1","width":350,"height":200,"srcset":"https:\/\/i0.wp.com\/alpoma.net\/carto\/wp-content\/uploads\/2013\/04\/mapa_burnet.jpg?resize=350%2C200&ssl=1 1x, https:\/\/i0.wp.com\/alpoma.net\/carto\/wp-content\/uploads\/2013\/04\/mapa_burnet.jpg?resize=525%2C300&ssl=1 1.5x"},"classes":[]},{"id":1405,"url":"https:\/\/alpoma.net\/carto\/?p=1405","url_meta":{"origin":6988,"position":3},"title":"Terra y la Tierra","author":"alpoma","date":"febrero 25, 2010","format":false,"excerpt":"La misi\u00f3n Terra (EOS AM-1), de la NASA, cumple ya una d\u00e9cada de vida monitorizando nuestro planeta, as\u00ed que no viene mal repasar un poco y de forma visual, c\u00f3mo nos ha contemplado esta plataforma orbital de teledetecci\u00f3n en estos a\u00f1os. En Earth Observatory se hace un completo repaso, con\u2026","rel":"","context":"En \u00abTeledetecci\u00f3n\u00bb","block_context":{"text":"Teledetecci\u00f3n","link":"https:\/\/alpoma.net\/carto\/?cat=3"},"img":{"alt_text":"","src":"https:\/\/i0.wp.com\/alpoma.net\/carto\/wp-content\/uploads\/2010\/02\/4386938267_9f8c560022_m.jpg?resize=350%2C200&ssl=1","width":350,"height":200},"classes":[]},{"id":434,"url":"https:\/\/alpoma.net\/carto\/?p=434","url_meta":{"origin":6988,"position":4},"title":"El resplandor de la civilizaci\u00f3n","author":"alpoma","date":"noviembre 21, 2007","format":false,"excerpt":"Si un artilugio enviado a la Tierra por una civilizaci\u00f3n no humana quisiera descubrir la existencia en nuestro planeta de vida inteligente, al darse un paseo por nuestras cercan\u00edas no tendr\u00eda ninguna dificultad hoy d\u00eda en lograr su objetivo. Por un lado, no tendr\u00eda m\u00e1s que \"escuchar\" la gran cantidad\u2026","rel":"","context":"En \u00abTeledetecci\u00f3n\u00bb","block_context":{"text":"Teledetecci\u00f3n","link":"https:\/\/alpoma.net\/carto\/?cat=3"},"img":{"alt_text":"","src":"https:\/\/i0.wp.com\/alpoma.net\/carto\/wp-content\/uploads\/2007\/11\/2053022412_032565ee68_o.jpg?resize=350%2C200&ssl=1","width":350,"height":200,"srcset":"https:\/\/i0.wp.com\/alpoma.net\/carto\/wp-content\/uploads\/2007\/11\/2053022412_032565ee68_o.jpg?resize=350%2C200&ssl=1 1x, https:\/\/i0.wp.com\/alpoma.net\/carto\/wp-content\/uploads\/2007\/11\/2053022412_032565ee68_o.jpg?resize=525%2C300&ssl=1 1.5x"},"classes":[]},{"id":6115,"url":"https:\/\/alpoma.net\/carto\/?p=6115","url_meta":{"origin":6988,"position":5},"title":"Patentes y modelos de utilidad sobre globos terr\u00e1queos","author":"alpoma","date":"mayo 16, 2015","format":false,"excerpt":"El cl\u00e1sico globo terr\u00e1queo que adorna una mesa o una estanter\u00eda es, como cualquier otro objeto humano, algo sujeto al escrutinio del ojo de los inventores. Recientemente estuve revisando diversas patentes y documentos sobre modelos de utilidad de la Oficina Espa\u00f1ola de Patentes y Marcas que tienen relaci\u00f3n con representaciones\u2026","rel":"","context":"En \u00abMiscel\u00e1nea\u00bb","block_context":{"text":"Miscel\u00e1nea","link":"https:\/\/alpoma.net\/carto\/?cat=1"},"img":{"alt_text":"","src":"https:\/\/i0.wp.com\/alpoma.net\/carto\/wp-content\/uploads\/2015\/05\/1.jpg?resize=350%2C200&ssl=1","width":350,"height":200,"srcset":"https:\/\/i0.wp.com\/alpoma.net\/carto\/wp-content\/uploads\/2015\/05\/1.jpg?resize=350%2C200&ssl=1 1x, https:\/\/i0.wp.com\/alpoma.net\/carto\/wp-content\/uploads\/2015\/05\/1.jpg?resize=525%2C300&ssl=1 1.5x"},"classes":[]}],"jetpack_sharing_enabled":true,"_links":{"self":[{"href":"https:\/\/alpoma.net\/carto\/index.php?rest_route=\/wp\/v2\/posts\/6988","targetHints":{"allow":["GET"]}}],"collection":[{"href":"https:\/\/alpoma.net\/carto\/index.php?rest_route=\/wp\/v2\/posts"}],"about":[{"href":"https:\/\/alpoma.net\/carto\/index.php?rest_route=\/wp\/v2\/types\/post"}],"author":[{"embeddable":true,"href":"https:\/\/alpoma.net\/carto\/index.php?rest_route=\/wp\/v2\/users\/1"}],"replies":[{"embeddable":true,"href":"https:\/\/alpoma.net\/carto\/index.php?rest_route=%2Fwp%2Fv2%2Fcomments&post=6988"}],"version-history":[{"count":0,"href":"https:\/\/alpoma.net\/carto\/index.php?rest_route=\/wp\/v2\/posts\/6988\/revisions"}],"wp:featuredmedia":[{"embeddable":true,"href":"https:\/\/alpoma.net\/carto\/index.php?rest_route=\/wp\/v2\/media\/6991"}],"wp:attachment":[{"href":"https:\/\/alpoma.net\/carto\/index.php?rest_route=%2Fwp%2Fv2%2Fmedia&parent=6988"}],"wp:term":[{"taxonomy":"category","embeddable":true,"href":"https:\/\/alpoma.net\/carto\/index.php?rest_route=%2Fwp%2Fv2%2Fcategories&post=6988"},{"taxonomy":"post_tag","embeddable":true,"href":"https:\/\/alpoma.net\/carto\/index.php?rest_route=%2Fwp%2Fv2%2Ftags&post=6988"}],"curies":[{"name":"wp","href":"https:\/\/api.w.org\/{rel}","templated":true}]}}