{"id":6958,"date":"2018-05-10T18:13:36","date_gmt":"2018-05-10T16:13:36","guid":{"rendered":"https:\/\/alpoma.net\/carto\/?p=6958"},"modified":"2018-05-10T18:13:36","modified_gmt":"2018-05-10T16:13:36","slug":"sobre-la-primera-medicion-de-la-altitud-del-pico-del-teide","status":"publish","type":"post","link":"https:\/\/alpoma.net\/carto\/?p=6958","title":{"rendered":"Sobre la primera medici\u00f3n de la altitud del pico del Teide"},"content":{"rendered":"<p>El s\u00edmbolo arquitect\u00f3nico m\u00e1s conocido de <strong>Par\u00eds<\/strong>, la capital francesa, es sin duda <strong>la torre Eiffel<\/strong>. Todo el mundo ha contemplado su silueta, ya sea al natural o en una postal, una revista o en la televisi\u00f3n. Lo que no es tan conocido es que el propio Gustave Eiffel encarg\u00f3 que en los pretiles de la primera l\u00ednea balconada de la torre se incluyeran los nombres de setenta y dos cient\u00edficos e ingenieros franceses, o bien que hubieran tenido una honda relaci\u00f3n con Francia.<\/p>\n<figure id=\"attachment_6959\" aria-describedby=\"caption-attachment-6959\" style=\"width: 832px\" class=\"wp-caption aligncenter\"><img loading=\"lazy\" decoding=\"async\" data-attachment-id=\"6959\" data-permalink=\"https:\/\/alpoma.net\/carto\/?attachment_id=6959\" data-orig-file=\"https:\/\/alpoma.net\/carto\/wp-content\/uploads\/2018\/05\/72-nombres-eiffel.jpg\" data-orig-size=\"1024,768\" data-comments-opened=\"0\" data-image-meta=\"{&quot;aperture&quot;:&quot;0&quot;,&quot;credit&quot;:&quot;&quot;,&quot;camera&quot;:&quot;&quot;,&quot;caption&quot;:&quot;&quot;,&quot;created_timestamp&quot;:&quot;0&quot;,&quot;copyright&quot;:&quot;&quot;,&quot;focal_length&quot;:&quot;0&quot;,&quot;iso&quot;:&quot;0&quot;,&quot;shutter_speed&quot;:&quot;0&quot;,&quot;title&quot;:&quot;&quot;,&quot;orientation&quot;:&quot;0&quot;}\" data-image-title=\"72-nombres-eiffel\" data-image-description=\"\" data-image-caption=\"&lt;p&gt;Imagen &lt;a href=&quot;https:\/\/www.flickr.com\/photos\/dalbera\/7810665474\/&quot;&gt;Jean-Pierre Dalb\u00e9ra&lt;\/a&gt;. CC-By.&lt;\/p&gt;\n\" data-large-file=\"https:\/\/alpoma.net\/carto\/wp-content\/uploads\/2018\/05\/72-nombres-eiffel-1024x768.jpg\" src=\"https:\/\/alpoma.net\/carto\/wp-content\/uploads\/2018\/05\/72-nombres-eiffel-1024x768.jpg\" alt=\"\" width=\"832\" height=\"624\" class=\"size-large wp-image-6959\" srcset=\"https:\/\/alpoma.net\/carto\/wp-content\/uploads\/2018\/05\/72-nombres-eiffel.jpg 1024w, https:\/\/alpoma.net\/carto\/wp-content\/uploads\/2018\/05\/72-nombres-eiffel-300x225.jpg 300w, https:\/\/alpoma.net\/carto\/wp-content\/uploads\/2018\/05\/72-nombres-eiffel-768x576.jpg 768w\" sizes=\"auto, (max-width: 832px) 100vw, 832px\" \/><figcaption id=\"caption-attachment-6959\" class=\"wp-caption-text\">Imagen <a href=\"https:\/\/www.flickr.com\/photos\/dalbera\/7810665474\/\"> Jean-Pierre Dalb\u00e9ra.<\/a> CC-By.<\/figcaption><\/figure>\n<p>Uno de los nombres que aparecen en la torre es el del marino, matem\u00e1tico y astr\u00f3nomo franc\u00e9s <strong><a href=\"https:\/\/es.wikipedia.org\/wiki\/Jean-Charles_de_Borda\">Jean-Charles de Borda<\/a><\/strong>, conocido como el <em>Caballero de Borda<\/em>. Una de las expediciones cient\u00edficas que llev\u00f3 a cabo Borda tuvo como destino en <strong>1776<\/strong> las <strong>Islas Canarias<\/strong>, al mando de las corbetas <em>La Boussole <\/em>y <em>L\u00b4Espi\u00e9gle<\/em>. En esa expedici\u00f3n participaron varios espa\u00f1oles, que se unieron a los franceses en C\u00e1diz, como Jos\u00e9 Varela y Luis de Arg\u00fcedas.<\/p>\n<p><figure id=\"attachment_6973\" aria-describedby=\"caption-attachment-6973\" style=\"width: 205px\" class=\"wp-caption alignright\"><img loading=\"lazy\" decoding=\"async\" data-attachment-id=\"6973\" data-permalink=\"https:\/\/alpoma.net\/carto\/?attachment_id=6973\" data-orig-file=\"https:\/\/alpoma.net\/carto\/wp-content\/uploads\/2018\/05\/teide_antiguo.jpg\" data-orig-size=\"496,726\" data-comments-opened=\"0\" data-image-meta=\"{&quot;aperture&quot;:&quot;0&quot;,&quot;credit&quot;:&quot;&quot;,&quot;camera&quot;:&quot;&quot;,&quot;caption&quot;:&quot;&quot;,&quot;created_timestamp&quot;:&quot;0&quot;,&quot;copyright&quot;:&quot;&quot;,&quot;focal_length&quot;:&quot;0&quot;,&quot;iso&quot;:&quot;0&quot;,&quot;shutter_speed&quot;:&quot;0&quot;,&quot;title&quot;:&quot;&quot;,&quot;orientation&quot;:&quot;0&quot;}\" data-image-title=\"teide_antiguo\" data-image-description=\"\" data-image-caption=\"&lt;p&gt;Antigua representaci\u00f3n del Teide.&lt;\/p&gt;\n\" data-large-file=\"https:\/\/alpoma.net\/carto\/wp-content\/uploads\/2018\/05\/teide_antiguo.jpg\" src=\"https:\/\/alpoma.net\/carto\/wp-content\/uploads\/2018\/05\/teide_antiguo-205x300.jpg\" alt=\"\" width=\"205\" height=\"300\" class=\"size-medium wp-image-6973\" srcset=\"https:\/\/alpoma.net\/carto\/wp-content\/uploads\/2018\/05\/teide_antiguo-205x300.jpg 205w, https:\/\/alpoma.net\/carto\/wp-content\/uploads\/2018\/05\/teide_antiguo.jpg 496w\" sizes=\"auto, (max-width: 205px) 100vw, 205px\" \/><figcaption id=\"caption-attachment-6973\" class=\"wp-caption-text\">Antigua representaci\u00f3n del Teide.<\/figcaption><\/figure>Aquella aventura cartogr\u00e1fica (se pretend\u00eda levantar una precisa carta de navegaci\u00f3n de las Canarias y parte del \u00c1frica occidental), en la que se emple\u00f3 la m\u00e1s moderna tecnolog\u00eda de su tiempo, hab\u00eda tenido varias expediciones predecesoras, como la que llev\u00f3 a cabo <strong>Louis \u00c9conches Feuill\u00e9e<\/strong> en 1724 para determinar la verdadera posici\u00f3n de los meridianos de la isla de El Hierro y del pico del Teide con respecto al observatorio Real de Par\u00eds, o las exploraciones de las fragatas <em>L\u00b4Isis<\/em> (1768-1769), que estudi\u00f3 el uso de relojes marinos para determinar la longitud geogr\u00e1fica en el mar, y <em>La Flore<\/em> (1771-1772).<\/p>\n<p><strong>Louis Feuill\u00e9e en su expedici\u00f3n de 1724 hab\u00eda realizado una primera medici\u00f3n de la altitud del pico del Teide<\/strong>, que hoy sabemos es de <strong>3.718 metros sobre el nivel del mar<\/strong>. El dato no se intentaba obtener por simple curiosidad, sino que era de vital importancia para obtener un punto de referencia adecuado para las cartas marinas de esa parte del Atl\u00e1ntico. Los m\u00e9todos trigonom\u00e9tricos empleados en aquella ocasi\u00f3n eran adecuados, pero no as\u00ed la exactitud de las mediciones realizadas, lo que dio como resultado un error bastante grande, resultando que el Teide ten\u00eda una altitud de 4.306,5 metros. La expedici\u00f3n de <em>La Flore<\/em> realiz\u00f3 otra medici\u00f3n, con un resultado de 3.395 metros. Estaba claro que algo fallaba y deb\u00eda realizarse una cuidadosa toma de datos para hallar la altitud correcta del pico. <\/p>\n<figure id=\"attachment_6977\" aria-describedby=\"caption-attachment-6977\" style=\"width: 1600px\" class=\"wp-caption aligncenter\"><img loading=\"lazy\" decoding=\"async\" data-attachment-id=\"6977\" data-permalink=\"https:\/\/alpoma.net\/carto\/?attachment_id=6977\" data-orig-file=\"https:\/\/alpoma.net\/carto\/wp-content\/uploads\/2018\/05\/borda-teide.jpg\" data-orig-size=\"1600,1105\" data-comments-opened=\"0\" data-image-meta=\"{&quot;aperture&quot;:&quot;0&quot;,&quot;credit&quot;:&quot;&quot;,&quot;camera&quot;:&quot;&quot;,&quot;caption&quot;:&quot;&quot;,&quot;created_timestamp&quot;:&quot;0&quot;,&quot;copyright&quot;:&quot;&quot;,&quot;focal_length&quot;:&quot;0&quot;,&quot;iso&quot;:&quot;0&quot;,&quot;shutter_speed&quot;:&quot;0&quot;,&quot;title&quot;:&quot;&quot;,&quot;orientation&quot;:&quot;1&quot;}\" data-image-title=\"borda-teide\" data-image-description=\"\" data-image-caption=\"&lt;p&gt;El Caballero de Borda y los miembros de su expedici\u00f3n durante las mediciones de la altitud del Teide. (Mus\u00e9e de Borda).&lt;\/p&gt;\n\" data-large-file=\"https:\/\/alpoma.net\/carto\/wp-content\/uploads\/2018\/05\/borda-teide-1024x707.jpg\" src=\"https:\/\/alpoma.net\/carto\/wp-content\/uploads\/2018\/05\/borda-teide.jpg\" alt=\"\" width=\"1600\" height=\"1105\" class=\"size-full wp-image-6977\" srcset=\"https:\/\/alpoma.net\/carto\/wp-content\/uploads\/2018\/05\/borda-teide.jpg 1600w, https:\/\/alpoma.net\/carto\/wp-content\/uploads\/2018\/05\/borda-teide-300x207.jpg 300w, https:\/\/alpoma.net\/carto\/wp-content\/uploads\/2018\/05\/borda-teide-768x530.jpg 768w, https:\/\/alpoma.net\/carto\/wp-content\/uploads\/2018\/05\/borda-teide-1024x707.jpg 1024w\" sizes=\"auto, (max-width: 1600px) 100vw, 1600px\" \/><figcaption id=\"caption-attachment-6977\" class=\"wp-caption-text\">El Caballero de Borda y los miembros de su expedici\u00f3n durante las mediciones de la altitud del Teide. (Mus\u00e9e de Borda).<\/figcaption><\/figure>\n<p>Llegado el Caballero de Borda a la isla de Tenerife, despleg\u00f3 todo su arsenal para dar con el valor adecuado. Una parte de la expedici\u00f3n march\u00f3 hasta la cima del Teide, lo hicieron armados con bar\u00f3metros, term\u00f3metros, una br\u00fajula de inclinaci\u00f3n y de declinaci\u00f3n, todos ellos instrumentos con los que tomaron datos a lo largo del recorrido para, con una f\u00f3rmula barom\u00e9trica, calcular altitudes sobre el nivel del mar. Por otro lado, tomaron los \u00e1ngulos desde la cima hasta puntos determinados de la isla. M\u00e1s tarde, realizaron la medici\u00f3n utilizando m\u00e9todos trigonom\u00e9tricos partiendo de las lecturas desde tres bases, lo que dio finalmente un resultado muy pr\u00f3ximo al real: <strong>3.715,583 metros<\/strong>. <\/p>\n<p>Cabe mencionar que la estancia del Caballero de Borda en las Canarias coincidi\u00f3 con una escala de avituallamiento del gran marino ingl\u00e9s <strong>James Cook<\/strong>, reuni\u00e9ndose ambos para comentar algunos aspectos de las experiencias cient\u00edficas que estaban llevando a cabo en torno a la medici\u00f3n de la altitud del Teide.<\/p>\n<p><strong>Referencia<\/strong>:<br \/>\nPara conocer en detalle los m\u00e9todos empleados por Borda en aquella expedici\u00f3n, no dudo en recomendar vivamente la lectura del libro \u00abLa carta n\u00e1utica de las islas Canarias del Caballero de Borda (1780)\u00bb, obra de <strong>Juan Antonio Garc\u00eda Cruz<\/strong>. (2017).<\/p>\n","protected":false},"excerpt":{"rendered":"<div class=\"mh-excerpt\"><p>El s\u00edmbolo arquitect\u00f3nico m\u00e1s conocido de Par\u00eds, la capital francesa, es sin duda la torre Eiffel. Todo el mundo ha contemplado su silueta, ya sea <a class=\"mh-excerpt-more\" href=\"https:\/\/alpoma.net\/carto\/?p=6958\" title=\"Sobre la primera medici\u00f3n de la altitud del pico del Teide\">[&#8230;]<\/a><\/p>\n<\/div>","protected":false},"author":1,"featured_media":6980,"comment_status":"closed","ping_status":"closed","sticky":false,"template":"","format":"standard","meta":{"jetpack_post_was_ever_published":false,"_jetpack_newsletter_access":"","_jetpack_dont_email_post_to_subs":false,"_jetpack_newsletter_tier_id":0,"_jetpack_memberships_contains_paywalled_content":false,"_jetpack_memberships_contains_paid_content":false,"footnotes":""},"categories":[7],"tags":[],"class_list":["post-6958","post","type-post","status-publish","format-standard","has-post-thumbnail","hentry","category-geografia"],"jetpack_featured_media_url":"https:\/\/alpoma.net\/carto\/wp-content\/uploads\/2018\/05\/caballero-de-borda.jpg","jetpack_shortlink":"https:\/\/wp.me\/p93Co9-1Oe","jetpack-related-posts":[{"id":537,"url":"https:\/\/alpoma.net\/carto\/?p=537","url_meta":{"origin":6958,"position":0},"title":"Cables submarinos 2008","author":"alpoma","date":"mayo 24, 2008","format":false,"excerpt":"Nueva edici\u00f3n del conocido mapa de cables submarinos de TeleGeography. Informaci\u00f3n detallada, ampliaciones, fondos de pantalla y opci\u00f3n de comprar el p\u00f3ster en: TeleGeography Research | Submarine Cable Map 2008 | V\u00eda gCaptain |","rel":"","context":"En \u00abCartograf\u00eda\u00bb","block_context":{"text":"Cartograf\u00eda","link":"https:\/\/alpoma.net\/carto\/?cat=9"},"img":{"alt_text":"","src":"https:\/\/i0.wp.com\/alpoma.net\/carto\/wp-content\/uploads\/2008\/05\/2518857380_1cfa07363d_o.gif?resize=350%2C200&ssl=1","width":350,"height":200},"classes":[]},{"id":316,"url":"https:\/\/alpoma.net\/carto\/?p=316","url_meta":{"origin":6958,"position":1},"title":"SkyORB","author":"alpoma","date":"marzo 21, 2007","format":false,"excerpt":"A trav\u00e9s de Applesfera he conocido una nueva aplicaci\u00f3n dedicada a mostrar el universo en nuestro ordenador. Se trata de SkyORB, un simulador espacial para Windows y Mac OS X que permite representar en 3D los objetos presentes en su completa base de datos actualizable, desde estrellas y planetas a\u2026","rel":"","context":"En \u00abMiscel\u00e1nea\u00bb","block_context":{"text":"Miscel\u00e1nea","link":"https:\/\/alpoma.net\/carto\/?cat=1"},"img":{"alt_text":"","src":"https:\/\/i0.wp.com\/alpoma.net\/carto\/wp-content\/uploads\/2007\/03\/429194737_018a6fdd32.jpg?resize=350%2C200&ssl=1","width":350,"height":200},"classes":[]},{"id":535,"url":"https:\/\/alpoma.net\/carto\/?p=535","url_meta":{"origin":6958,"position":2},"title":"Cartograf\u00eda de exoplanetas","author":"alpoma","date":"mayo 22, 2008","format":false,"excerpt":"Hubo un tiempo en el que se condideraba que el \u00fanico sistema planetario existente en el universo era el nuestro. Ahora, cuando la tecnolog\u00eda astron\u00f3mica est\u00e1 detectando exoplanetas continuamente, la lista de exoplanetas ha crecido tanto que representarlos en un mapa comienza a ser complejo. Se est\u00e1 llegando incluso a\u2026","rel":"","context":"En \u00abCartograf\u00eda\u00bb","block_context":{"text":"Cartograf\u00eda","link":"https:\/\/alpoma.net\/carto\/?cat=9"},"img":{"alt_text":"","src":"https:\/\/i0.wp.com\/alpoma.net\/carto\/wp-content\/uploads\/2008\/05\/2514015104_bbdf9a216d_o.jpg?resize=350%2C200&ssl=1","width":350,"height":200},"classes":[]},{"id":716,"url":"https:\/\/alpoma.net\/carto\/?p=716","url_meta":{"origin":6958,"position":3},"title":"HistoGrafica","author":"alpoma","date":"noviembre 21, 2008","format":false,"excerpt":"Si tuviera que describir de forma sencilla este proyecto, no dudar\u00eda en calificarlo como el Panoramio de las fotograf\u00edas del pasado. Ciertamente, al igual que en el conocido servicio de geoetiquetado citado, en HistoGrafica se comparten im\u00e1genes hist\u00f3ricas y se localizan en el espacio: HistoGrafica - Picture the Past","rel":"","context":"En \u00abEn l\u00ednea\u00bb","block_context":{"text":"En l\u00ednea","link":"https:\/\/alpoma.net\/carto\/?cat=5"},"img":{"alt_text":"","src":"https:\/\/i0.wp.com\/alpoma.net\/carto\/wp-content\/uploads\/2008\/11\/3047375547_49f6fce53f_o.jpg?resize=350%2C200&ssl=1","width":350,"height":200,"srcset":"https:\/\/i0.wp.com\/alpoma.net\/carto\/wp-content\/uploads\/2008\/11\/3047375547_49f6fce53f_o.jpg?resize=350%2C200&ssl=1 1x, https:\/\/i0.wp.com\/alpoma.net\/carto\/wp-content\/uploads\/2008\/11\/3047375547_49f6fce53f_o.jpg?resize=525%2C300&ssl=1 1.5x"},"classes":[]},{"id":2213,"url":"https:\/\/alpoma.net\/carto\/?p=2213","url_meta":{"origin":6958,"position":4},"title":"Calendar wizard","author":"alpoma","date":"enero 4, 2011","format":false,"excerpt":"Este a\u00f1o llega tarde para m\u00ed, porque ya tuve que preparar varios calendarios en diciembre y cre\u00e9 mi propia plantilla, pero de haber conocido esto antes seguro que lo hubiera empleado. Se trata de Adobe InDesign Calendar Wizard, una extensi\u00f3n javascript gratuita y de c\u00f3digo abierto para InDesign que permite\u2026","rel":"","context":"En \u00abMiscel\u00e1nea\u00bb","block_context":{"text":"Miscel\u00e1nea","link":"https:\/\/alpoma.net\/carto\/?cat=1"},"img":{"alt_text":"","src":"","width":0,"height":0},"classes":[]},{"id":44,"url":"https:\/\/alpoma.net\/carto\/?p=44","url_meta":{"origin":6958,"position":5},"title":"Mar fosforescente","author":"alpoma","date":"diciembre 9, 2005","format":false,"excerpt":"A trav\u00e9s de la lista de teledetecci\u00f3n de rediris, y en concreto por la nota escrita por Ramiro A.C. de la Universidad de Vigo, me llega una informaci\u00f3n muy interesante acerca de un fem\u00f3meno poco conocido: Fen\u00f3meno Lum\u00ednico en el Mar Un grupo de cient\u00edficos ha presentado la primera detecci\u00f3n\u2026","rel":"","context":"En \u00abGeograf\u00eda\u00bb","block_context":{"text":"Geograf\u00eda","link":"https:\/\/alpoma.net\/carto\/?cat=7"},"img":{"alt_text":"","src":"","width":0,"height":0},"classes":[]}],"jetpack_sharing_enabled":true,"_links":{"self":[{"href":"https:\/\/alpoma.net\/carto\/index.php?rest_route=\/wp\/v2\/posts\/6958","targetHints":{"allow":["GET"]}}],"collection":[{"href":"https:\/\/alpoma.net\/carto\/index.php?rest_route=\/wp\/v2\/posts"}],"about":[{"href":"https:\/\/alpoma.net\/carto\/index.php?rest_route=\/wp\/v2\/types\/post"}],"author":[{"embeddable":true,"href":"https:\/\/alpoma.net\/carto\/index.php?rest_route=\/wp\/v2\/users\/1"}],"replies":[{"embeddable":true,"href":"https:\/\/alpoma.net\/carto\/index.php?rest_route=%2Fwp%2Fv2%2Fcomments&post=6958"}],"version-history":[{"count":0,"href":"https:\/\/alpoma.net\/carto\/index.php?rest_route=\/wp\/v2\/posts\/6958\/revisions"}],"wp:featuredmedia":[{"embeddable":true,"href":"https:\/\/alpoma.net\/carto\/index.php?rest_route=\/wp\/v2\/media\/6980"}],"wp:attachment":[{"href":"https:\/\/alpoma.net\/carto\/index.php?rest_route=%2Fwp%2Fv2%2Fmedia&parent=6958"}],"wp:term":[{"taxonomy":"category","embeddable":true,"href":"https:\/\/alpoma.net\/carto\/index.php?rest_route=%2Fwp%2Fv2%2Fcategories&post=6958"},{"taxonomy":"post_tag","embeddable":true,"href":"https:\/\/alpoma.net\/carto\/index.php?rest_route=%2Fwp%2Fv2%2Ftags&post=6958"}],"curies":[{"name":"wp","href":"https:\/\/api.w.org\/{rel}","templated":true}]}}