{"id":69,"date":"2006-01-08T22:38:32","date_gmt":"2006-01-08T20:38:32","guid":{"rendered":"http:\/\/alpoma.net\/carto\/?p=69"},"modified":"2006-01-08T22:38:36","modified_gmt":"2006-01-08T20:38:36","slug":"un-mundo-deformado","status":"publish","type":"post","link":"https:\/\/alpoma.net\/carto\/?p=69","title":{"rendered":"Un mundo \u00abdeformado\u00bb"},"content":{"rendered":"<p>El proyecto <a href=\"http:\/\/wiki.chakuriki.net\/en\/index.php\/Main_Page\">Chakuwiki<\/a> pretende agrupar toda una serie de rumores, ideas err\u00f3neas, bulos y malas interpretaciones que la gente tiene acerca del mundo, de su forma y la distribuci\u00f3n en el espacio de ciudades, pa\u00edses y situaciones. <\/p>\n<p>Con respecto a Espa\u00f1a, por ejemplo, he aqu\u00ed algunas de las cosas que se creen ciertas, en algunos lugares, sobre todo en Estados Unidos: <\/p>\n<p>&#8211; Barcelona forma parte de M\u00e9xico.<br \/>\n&#8211; Espa\u00f1a no es un pa\u00eds, sino todo el conjunto de lugares donde se habla espa\u00f1ol.<br \/>\n&#8211; Muchos localizan Espa\u00f1a como parte de M\u00e9xico o de Puerto Rico.<br \/>\n&#8211; Portugal es una provincia de Espa\u00f1a.<br \/>\n&#8211; Espa\u00f1a es la capital de Hispania, por eso los hispanos hablan espa\u00f1ol.<\/p>\n<p>Muchos m\u00e1s errores, m\u00e1s exagerados, en la <a href=\"http:\/\/wiki.chakuriki.net\/en\/index.php\/Spain\">recopilaci\u00f3n de ChacuWiki<\/a>.<\/p>\n<p>Una de las cosas m\u00e1s curiosas del estudio es que, por incre\u00edble que parezca, hay personas que creen ciegamente en la existencia de tierras m\u00edticas, e incluso las colocan en un mapa mudo. Por ejemplo, se citan como reales la Tierra Media, Oz o la Atl\u00e1ntida.<\/p>\n<p>\u00a1\u00a1Vaya unas burradas!!<\/p>\n","protected":false},"excerpt":{"rendered":"<div class=\"mh-excerpt\"><p>El proyecto Chakuwiki pretende agrupar toda una serie de rumores, ideas err\u00f3neas, bulos y malas interpretaciones que la gente tiene acerca del mundo, de su <a class=\"mh-excerpt-more\" href=\"https:\/\/alpoma.net\/carto\/?p=69\" title=\"Un mundo \u00abdeformado\u00bb\">[&#8230;]<\/a><\/p>\n<\/div>","protected":false},"author":1,"featured_media":0,"comment_status":"open","ping_status":"open","sticky":false,"template":"","format":"standard","meta":{"jetpack_post_was_ever_published":false,"_jetpack_newsletter_access":"","_jetpack_dont_email_post_to_subs":false,"_jetpack_newsletter_tier_id":0,"_jetpack_memberships_contains_paywalled_content":false,"_jetpack_memberships_contains_paid_content":false,"footnotes":""},"categories":[5,7],"tags":[],"class_list":["post-69","post","type-post","status-publish","format-standard","hentry","category-en-linea","category-geografia"],"jetpack_featured_media_url":"","jetpack_shortlink":"https:\/\/wp.me\/p93Co9-17","jetpack-related-posts":[{"id":7254,"url":"https:\/\/alpoma.net\/carto\/?p=7254","url_meta":{"origin":69,"position":0},"title":"Libros sobre mapas para regarlar (o regalarte) esta temporada","author":"alpoma","date":"diciembre 14, 2018","format":false,"excerpt":"Al igual que hice el a\u00f1o pasado por estas fechas, he aqu\u00ed un peque\u00f1o repaso a los libros sobre mapas que m\u00e1s me han llamado la atenci\u00f3n este a\u00f1o 2018 de entre todos los que he comprado (la lista del a\u00f1o pasado sigue siendo igualmente v\u00e1lida e interesante). No significa\u2026","rel":"","context":"En \u00abMiscel\u00e1nea\u00bb","block_context":{"text":"Miscel\u00e1nea","link":"https:\/\/alpoma.net\/carto\/?cat=1"},"img":{"alt_text":"","src":"https:\/\/i0.wp.com\/alpoma.net\/carto\/wp-content\/uploads\/2018\/12\/atlas-curiosos.jpg?resize=350%2C200&ssl=1","width":350,"height":200,"srcset":"https:\/\/i0.wp.com\/alpoma.net\/carto\/wp-content\/uploads\/2018\/12\/atlas-curiosos.jpg?resize=350%2C200&ssl=1 1x, https:\/\/i0.wp.com\/alpoma.net\/carto\/wp-content\/uploads\/2018\/12\/atlas-curiosos.jpg?resize=525%2C300&ssl=1 1.5x, https:\/\/i0.wp.com\/alpoma.net\/carto\/wp-content\/uploads\/2018\/12\/atlas-curiosos.jpg?resize=700%2C400&ssl=1 2x, https:\/\/i0.wp.com\/alpoma.net\/carto\/wp-content\/uploads\/2018\/12\/atlas-curiosos.jpg?resize=1050%2C600&ssl=1 3x, https:\/\/i0.wp.com\/alpoma.net\/carto\/wp-content\/uploads\/2018\/12\/atlas-curiosos.jpg?resize=1400%2C800&ssl=1 4x"},"classes":[]},{"id":883,"url":"https:\/\/alpoma.net\/carto\/?p=883","url_meta":{"origin":69,"position":1},"title":"Descubriendo el mundo","author":"alpoma","date":"septiembre 17, 2009","format":false,"excerpt":"Hay muchas formas de visualizar c\u00f3mo ha ido evolucionando nuestro conocimiento de la Tierra. De una \u00e9poca en que gran parte de los mapas se llenaban de ignotos oc\u00e9anos plagados de monstruos o continentes inc\u00f3gnitos, m\u00e1s imaginarios que reales, se pas\u00f3 en apenas siglo y medio a llenar gran parte\u2026","rel":"","context":"En \u00abExperimentos\u00bb","block_context":{"text":"Experimentos","link":"https:\/\/alpoma.net\/carto\/?cat=10"},"img":{"alt_text":"","src":"","width":0,"height":0},"classes":[]},{"id":7624,"url":"https:\/\/alpoma.net\/carto\/?p=7624","url_meta":{"origin":69,"position":2},"title":"Portfolio fotogr\u00e1fico de Espa\u00f1a (1910-1915)","author":"alpoma","date":"febrero 4, 2020","format":false,"excerpt":"En la Barcelona de principios del siglo XX, al editor Alberto Mart\u00edn y a Ceferino Rocafort, que hab\u00eda participado en varios proyectos cartogr\u00e1ficos sobre las regiones espa\u00f1olas, se les ocurri\u00f3 una idea de negocio interesante. Los atlas nacionales estaban de moda y las grandes enciclopedias tambi\u00e9n, pero aunque en muchas\u2026","rel":"","context":"En \u00abViejos mapas\u00bb","block_context":{"text":"Viejos mapas","link":"https:\/\/alpoma.net\/carto\/?cat=4"},"img":{"alt_text":"","src":"https:\/\/i0.wp.com\/alpoma.net\/carto\/wp-content\/uploads\/2020\/02\/lam-leon-563.png?resize=350%2C200&ssl=1","width":350,"height":200,"srcset":"https:\/\/i0.wp.com\/alpoma.net\/carto\/wp-content\/uploads\/2020\/02\/lam-leon-563.png?resize=350%2C200&ssl=1 1x, https:\/\/i0.wp.com\/alpoma.net\/carto\/wp-content\/uploads\/2020\/02\/lam-leon-563.png?resize=525%2C300&ssl=1 1.5x, https:\/\/i0.wp.com\/alpoma.net\/carto\/wp-content\/uploads\/2020\/02\/lam-leon-563.png?resize=700%2C400&ssl=1 2x"},"classes":[]},{"id":572,"url":"https:\/\/alpoma.net\/carto\/?p=572","url_meta":{"origin":69,"position":3},"title":"La Memoria Ausente","author":"alpoma","date":"junio 30, 2008","format":false,"excerpt":"Me quito el sombrero ante esta iniciativa. Se trata de la edici\u00f3n, por parte de la Editorial 4 Gatos, de una obra sorprendente y de gran calidad: La Memoria Ausente, Cartograf\u00eda de Espa\u00f1a y Portugal en el Archivo Militar de Estocolmo, siglos XVII y XVIII. Fascinante por su contenido, admirable\u2026","rel":"","context":"En \u00abViejos mapas\u00bb","block_context":{"text":"Viejos mapas","link":"https:\/\/alpoma.net\/carto\/?cat=4"},"img":{"alt_text":"","src":"https:\/\/i0.wp.com\/alpoma.net\/carto\/wp-content\/uploads\/2008\/06\/2625532302_ee264f65c0_o.jpg?resize=350%2C200&ssl=1","width":350,"height":200,"srcset":"https:\/\/i0.wp.com\/alpoma.net\/carto\/wp-content\/uploads\/2008\/06\/2625532302_ee264f65c0_o.jpg?resize=350%2C200&ssl=1 1x, https:\/\/i0.wp.com\/alpoma.net\/carto\/wp-content\/uploads\/2008\/06\/2625532302_ee264f65c0_o.jpg?resize=525%2C300&ssl=1 1.5x"},"classes":[]},{"id":357,"url":"https:\/\/alpoma.net\/carto\/?p=357","url_meta":{"origin":69,"position":4},"title":"\u00bfEs m\u00e1s largo el Amazonas que el Nilo?","author":"alpoma","date":"junio 23, 2007","format":false,"excerpt":"Hoy toca mirarse un poco al espejo. En la edici\u00f3n de hoy de La Raz\u00f3n, aparece un art\u00edculo de Ernesto Villar en el que es citado el presente blog... ;) \u00bfEs m\u00e1s largo el Amazonas que el Nilo? La pol\u00e9mica sobre cu\u00e1l es el r\u00edo m\u00e1s largo del mundo no\u2026","rel":"","context":"En \u00abGeograf\u00eda\u00bb","block_context":{"text":"Geograf\u00eda","link":"https:\/\/alpoma.net\/carto\/?cat=7"},"img":{"alt_text":"","src":"","width":0,"height":0},"classes":[]},{"id":6315,"url":"https:\/\/alpoma.net\/carto\/?p=6315","url_meta":{"origin":69,"position":5},"title":"El tiempo, un d\u00eda cualquiera de 1936&#8230;","author":"alpoma","date":"noviembre 5, 2015","format":false,"excerpt":"No es un mapa especialmente atractivo, ni siquiera intuitivo, no es m\u00e1s que un ejercicio de did\u00e1ctica de la geograf\u00eda para la escuela nacido en un d\u00eda perdido en el infausto a\u00f1o de 1936 y, sin embargo, es entra\u00f1able y encantador. Me refiero a esta peque\u00f1a joya... Extra\u00eddo de Escuelas\u2026","rel":"","context":"En \u00abViejos mapas\u00bb","block_context":{"text":"Viejos mapas","link":"https:\/\/alpoma.net\/carto\/?cat=4"},"img":{"alt_text":"","src":"https:\/\/i0.wp.com\/alpoma.net\/carto\/wp-content\/uploads\/2015\/11\/meteo_1936_cartoteca.jpg?resize=350%2C200&ssl=1","width":350,"height":200},"classes":[]}],"jetpack_sharing_enabled":true,"_links":{"self":[{"href":"https:\/\/alpoma.net\/carto\/index.php?rest_route=\/wp\/v2\/posts\/69","targetHints":{"allow":["GET"]}}],"collection":[{"href":"https:\/\/alpoma.net\/carto\/index.php?rest_route=\/wp\/v2\/posts"}],"about":[{"href":"https:\/\/alpoma.net\/carto\/index.php?rest_route=\/wp\/v2\/types\/post"}],"author":[{"embeddable":true,"href":"https:\/\/alpoma.net\/carto\/index.php?rest_route=\/wp\/v2\/users\/1"}],"replies":[{"embeddable":true,"href":"https:\/\/alpoma.net\/carto\/index.php?rest_route=%2Fwp%2Fv2%2Fcomments&post=69"}],"version-history":[{"count":0,"href":"https:\/\/alpoma.net\/carto\/index.php?rest_route=\/wp\/v2\/posts\/69\/revisions"}],"wp:attachment":[{"href":"https:\/\/alpoma.net\/carto\/index.php?rest_route=%2Fwp%2Fv2%2Fmedia&parent=69"}],"wp:term":[{"taxonomy":"category","embeddable":true,"href":"https:\/\/alpoma.net\/carto\/index.php?rest_route=%2Fwp%2Fv2%2Fcategories&post=69"},{"taxonomy":"post_tag","embeddable":true,"href":"https:\/\/alpoma.net\/carto\/index.php?rest_route=%2Fwp%2Fv2%2Ftags&post=69"}],"curies":[{"name":"wp","href":"https:\/\/api.w.org\/{rel}","templated":true}]}}