{"id":675,"date":"2008-10-18T23:34:27","date_gmt":"2008-10-18T21:34:27","guid":{"rendered":"http:\/\/alpoma.net\/carto\/?p=675"},"modified":"2008-10-18T23:35:09","modified_gmt":"2008-10-18T21:35:09","slug":"proyecto-sancho-de-teledeteccion-aerostatica","status":"publish","type":"post","link":"https:\/\/alpoma.net\/carto\/?p=675","title":{"rendered":"Proyecto SANCHO de teledetecci\u00f3n aerost\u00e1tica"},"content":{"rendered":"<p><img decoding=\"async\" src=\"http:\/\/farm4.static.flickr.com\/3022\/2952038273_dbbdd3135b_m.jpg\" alt=\"img\" class=\"dch\"\/>A lo largo de la semana he recibido algunas noticias de sumo inter\u00e9s, gracias a la <em>lista de correo sobre teledetecci\u00f3n de RedIris<\/em>, acerca de proyectos de los que no ten\u00eda informaci\u00f3n hasta ahora y que han llamado poderosamente mi atenci\u00f3n. Entre ellos, selecciono aqu\u00ed un <strong>proyecto de teledetecci\u00f3n aerost\u00e1tica<\/strong>:<\/p>\n<blockquote><p>SANCHO es un sistema aerost\u00e1tico no tripulado destinado a utilizarse en aplicaciones medioambientales, de vigilancia y de seguridad. Asimismo, el dirigible puede ser empleado para otros fines, como repetidor de telecomunicaciones o como referencia para posicionamiento.<\/p>\n<p>Los objetivos de este programa se centran en el desarrollo de servicios pre-operacionales basados en estas plataformas, mejorar y validar los sistemas de observaci\u00f3n, comunicaciones y localizaci\u00f3n, y finalmente el desarrollo de nuevas tecnolog\u00edas para integrar veh\u00edculos no tripulados en el tr\u00e1fico a\u00e9reo de una manera segura, eficaz y reglamentada.<\/p>\n<p>El segundo prototipo entrar\u00e1 el funcionamiento en 2008 y podr\u00e1 operar desde 1.5 km de altitud, ser\u00e1 ligero y f\u00e1cil de transportar. En 2009 se dispondr\u00e1 de uno mayor que llegar\u00e1 a los 4 km de altitud y tendr\u00e1 una cobertura de unos 30 km. Para el a\u00f1o 2012 est\u00e1 prevista una plataforma estratosf\u00e9rica (20 km o m\u00e1s de altitud).<\/p>\n<p>SANCHO es una iniciativa de INSA e ISDEFE, con el apoyo del INTA, el Centro de Astrobiolog\u00eda y la colaboraci\u00f3n de la Universidad de Le\u00f3n.<\/p><\/blockquote>\n<p><strong>Informaci\u00f3n completa en<\/strong>: <a href=\"http:\/\/www.sancho.aero\/node\/11\" class=\"enlaces\">Sistema Aerost\u00e1tico de Navegaci\u00f3n, Comunicaciones y Herramientas de Observaci\u00f3n (SANCHO)<\/a><\/p>\n","protected":false},"excerpt":{"rendered":"<div class=\"mh-excerpt\"><p>A lo largo de la semana he recibido algunas noticias de sumo inter\u00e9s, gracias a la lista de correo sobre teledetecci\u00f3n de RedIris, acerca de <a class=\"mh-excerpt-more\" href=\"https:\/\/alpoma.net\/carto\/?p=675\" title=\"Proyecto SANCHO de teledetecci\u00f3n aerost\u00e1tica\">[&#8230;]<\/a><\/p>\n<\/div>","protected":false},"author":1,"featured_media":4861,"comment_status":"open","ping_status":"open","sticky":false,"template":"","format":"standard","meta":{"jetpack_post_was_ever_published":false,"_jetpack_newsletter_access":"","_jetpack_dont_email_post_to_subs":false,"_jetpack_newsletter_tier_id":0,"_jetpack_memberships_contains_paywalled_content":false,"_jetpack_memberships_contains_paid_content":false,"footnotes":""},"categories":[3],"tags":[],"class_list":["post-675","post","type-post","status-publish","format-standard","has-post-thumbnail","hentry","category-teledeteccion"],"jetpack_featured_media_url":"https:\/\/alpoma.net\/carto\/wp-content\/uploads\/2008\/10\/2952038273_dbbdd3135b_m.jpg","jetpack_shortlink":"https:\/\/wp.me\/p93Co9-aT","jetpack-related-posts":[{"id":3420,"url":"https:\/\/alpoma.net\/carto\/?p=3420","url_meta":{"origin":675,"position":0},"title":"[Libro\/descarga] Sat\u00e9lites de Teledetecci\u00f3n para la Gesti\u00f3n del Territorio.","author":"alpoma","date":"junio 30, 2012","format":false,"excerpt":"Toda una delicia... ;-) Ya se encuentra disponible el libro Sat\u00e9lites de Teledetecci\u00f3n para la Gesti\u00f3n del Territorio. Este documento, que fue planteado como uno de los objetivos iniciales del proyecto SATELMAC, permite acceder a informaci\u00f3n relacionada con los sat\u00e9lites operativos m\u00e1s importante que en hay en la actualidad y\u2026","rel":"","context":"En \u00abTeledetecci\u00f3n\u00bb","block_context":{"text":"Teledetecci\u00f3n","link":"https:\/\/alpoma.net\/carto\/?cat=3"},"img":{"alt_text":"satelites_de_teledeteccion_para_la_gestion_del_territorio","src":"https:\/\/i0.wp.com\/farm9.staticflickr.com\/8015\/7471780246_a9836197dd_m.jpg?resize=350%2C200","width":350,"height":200},"classes":[]},{"id":1576,"url":"https:\/\/alpoma.net\/carto\/?p=1576","url_meta":{"origin":675,"position":1},"title":"Gu\u00eda Did\u00e1ctica de Teledetecci\u00f3n y Medio Ambiente","author":"alpoma","date":"abril 26, 2010","format":false,"excerpt":"La Asociaci\u00f3n Espa\u00f1ola de Teledetecci\u00f3n dispone para su descarga de un documento de sumo inter\u00e9s. Se trata de un archivo de 67 p\u00e1ginas, en el que han actuado como editories Javier Mart\u00ednez Vega y M. Pilar Mart\u00edn Isabel y cuya descarga, lectura y disfrute recomiendo vivamente: Esta gu\u00eda did\u00e1ctica de\u2026","rel":"","context":"En \u00abEn l\u00ednea\u00bb","block_context":{"text":"En l\u00ednea","link":"https:\/\/alpoma.net\/carto\/?cat=5"},"img":{"alt_text":"Portada","src":"https:\/\/i0.wp.com\/farm5.static.flickr.com\/4010\/4554203941_5c5b273edb_o.jpg?resize=350%2C200","width":350,"height":200},"classes":[]},{"id":3126,"url":"https:\/\/alpoma.net\/carto\/?p=3126","url_meta":{"origin":675,"position":2},"title":"[Libro gratuito] Pasado, presente y futuro de las IDEs","author":"alpoma","date":"febrero 3, 2012","format":false,"excerpt":"Lo acabo de descargar y, por lo poco que he visto hasta ahora, es realmente interesante. Se trata de un libro de Javier Valencia sobre Infraestructuras de Datos Espaciales que, en su versi\u00f3n digital, se puede descargar gratuitamente desde Bubok: Pasado, presente y futuro de las Infraestructuras de Datos Espaciales.\u2026","rel":"","context":"En \u00abSIG\u00bb","block_context":{"text":"SIG","link":"https:\/\/alpoma.net\/carto\/?cat=2"},"img":{"alt_text":"portada","src":"https:\/\/i0.wp.com\/farm8.staticflickr.com\/7016\/6813653063_249b6382e2_m.jpg?resize=350%2C200","width":350,"height":200},"classes":[]},{"id":7097,"url":"https:\/\/alpoma.net\/carto\/?p=7097","url_meta":{"origin":675,"position":3},"title":"Plataforma EOS: procesamiento de im\u00e1genes de sat\u00e9lite en el navegador","author":"alpoma","date":"agosto 13, 2018","format":false,"excerpt":"Recientemente recib\u00ed una invitaci\u00f3n para conocer esta plataforma de acceso a datos de sat\u00e9lite y procesamiento de los mismos. Despu\u00e9s de probarlo durante un tiempo, me he decidido a describirlo brevemente (EOS Data Analytics mantiene el proyecto en beta p\u00fablica temporalmente, por lo que se puede probar sin problemas y,\u2026","rel":"","context":"En \u00abSIG\u00bb","block_context":{"text":"SIG","link":"https:\/\/alpoma.net\/carto\/?cat=2"},"img":{"alt_text":"","src":"https:\/\/i0.wp.com\/alpoma.net\/carto\/wp-content\/uploads\/2018\/08\/EOS-logo.jpg?resize=350%2C200&ssl=1","width":350,"height":200},"classes":[]},{"id":2904,"url":"https:\/\/alpoma.net\/carto\/?p=2904","url_meta":{"origin":675,"position":4},"title":"Peque\u00f1a raci\u00f3n de publicaciones digitales","author":"alpoma","date":"diciembre 1, 2011","format":false,"excerpt":"Marchando tres cartopublicaciones listas para descargar: Aplicaciones del sensor MODIS para el monitoreo del territorio. (PDF) - Instituto Nacional de Ecolog\u00eda de M\u00e9xico: \"Las experiencias derivadas de los trabajos con MODIS han permitido explorar una gran cantidad de aplicaciones potenciales que, al acercarse el fin de sus operaciones, podr\u00edan aplicarse\u2026","rel":"","context":"En \u00abSIG\u00bb","block_context":{"text":"SIG","link":"https:\/\/alpoma.net\/carto\/?cat=2"},"img":{"alt_text":"","src":"","width":0,"height":0},"classes":[]},{"id":254,"url":"https:\/\/alpoma.net\/carto\/?p=254","url_meta":{"origin":675,"position":5},"title":"Proyecto Epidemio","author":"alpoma","date":"septiembre 8, 2006","format":false,"excerpt":"La Agencia Espacial Europea, a trav\u00e9s del Proyecto Epidemio, pretende utilizar conjuntamente datos de campo con informaci\u00f3n de sat\u00e9lite para investigar diversos campos en geograf\u00eda m\u00e9dica, como la dispersi\u00f3n geogr\u00e1fica de casos de meningitis y los posibles factores ambientales asociados: Very serious human diseases, such as malaria and meningitis, are\u2026","rel":"","context":"En \u00abGeograf\u00eda\u00bb","block_context":{"text":"Geograf\u00eda","link":"https:\/\/alpoma.net\/carto\/?cat=7"},"img":{"alt_text":"epidemio_logo","src":"https:\/\/i0.wp.com\/static.flickr.com\/96\/237793668_2aeb707c58_t.jpg?resize=350%2C200","width":350,"height":200},"classes":[]}],"jetpack_sharing_enabled":true,"_links":{"self":[{"href":"https:\/\/alpoma.net\/carto\/index.php?rest_route=\/wp\/v2\/posts\/675","targetHints":{"allow":["GET"]}}],"collection":[{"href":"https:\/\/alpoma.net\/carto\/index.php?rest_route=\/wp\/v2\/posts"}],"about":[{"href":"https:\/\/alpoma.net\/carto\/index.php?rest_route=\/wp\/v2\/types\/post"}],"author":[{"embeddable":true,"href":"https:\/\/alpoma.net\/carto\/index.php?rest_route=\/wp\/v2\/users\/1"}],"replies":[{"embeddable":true,"href":"https:\/\/alpoma.net\/carto\/index.php?rest_route=%2Fwp%2Fv2%2Fcomments&post=675"}],"version-history":[{"count":0,"href":"https:\/\/alpoma.net\/carto\/index.php?rest_route=\/wp\/v2\/posts\/675\/revisions"}],"wp:featuredmedia":[{"embeddable":true,"href":"https:\/\/alpoma.net\/carto\/index.php?rest_route=\/wp\/v2\/media\/4861"}],"wp:attachment":[{"href":"https:\/\/alpoma.net\/carto\/index.php?rest_route=%2Fwp%2Fv2%2Fmedia&parent=675"}],"wp:term":[{"taxonomy":"category","embeddable":true,"href":"https:\/\/alpoma.net\/carto\/index.php?rest_route=%2Fwp%2Fv2%2Fcategories&post=675"},{"taxonomy":"post_tag","embeddable":true,"href":"https:\/\/alpoma.net\/carto\/index.php?rest_route=%2Fwp%2Fv2%2Ftags&post=675"}],"curies":[{"name":"wp","href":"https:\/\/api.w.org\/{rel}","templated":true}]}}