{"id":6631,"date":"2017-06-23T17:45:11","date_gmt":"2017-06-23T15:45:11","guid":{"rendered":"http:\/\/alpoma.net\/carto\/?p=6631"},"modified":"2017-06-23T17:45:11","modified_gmt":"2017-06-23T15:45:11","slug":"encuentro-nacional-de-geobloggers","status":"publish","type":"post","link":"https:\/\/alpoma.net\/carto\/?p=6631","title":{"rendered":"Encuentro nacional de Geobloggers"},"content":{"rendered":"<p>A trav\u00e9s de <strong><a href=\"https:\/\/twitter.com\/gersonbeltran\" target=\"_blank\">Gers\u00f3n Beltr\u00e1n<\/a><\/strong> me lleg\u00f3 esta ma\u00f1ana la noticia acerca del inminente <strong>I Encuentro Nacional de Geobloggers<\/strong> que se celebrar\u00e1 en Valencia este pr\u00f3ximo<strong> 5 de julio de 2017<\/strong>. Si tienes oportunidad, no lo dudes: ac\u00e9rcate a Valencia ese d\u00eda porque vas a disfrutar como nunca entre un mont\u00f3n de gente a la que lo \u00abgeo\u00bb y lo \u00abcarto\u00bb les apasiona. Como el propio Gers\u00f3n Beltr\u00e1n explica: <\/p>\n<blockquote><p>Se trata de reunir a los geobloggers m\u00e1s destacados del mundo GEO para intercambiar experiencias y generar sinergias entre los distintos profesionales de un sector que agrupa a diversas disciplinas como la geograf\u00eda, la geodesia,la geom\u00e1tica, la topograf\u00eda, etc, siempre con el elemento com\u00fan de la importancia del d\u00f3nde en este mundo globalizado&#8230;<\/p><\/blockquote>\n<hr \/>\n<p><strong>M\u00e1s informaci\u00f3n en<\/strong>:<\/p>\n<ul>\n<li><a href=\"https:\/\/gersonbeltran.com\/2017\/06\/16\/i-encuentro-nacional-geobloggers\/\" target=\"_blank\">I Encuentro Nacional de Geobloggers<\/a><\/li>\n<li><a href=\"https:\/\/interesporlageomatica.com\/2017\/06\/20\/i-encuentro-nacional-de-geobloggers-de-una-idea-a-realidad\/\" target=\"_blank\">I Encuentro Nacional de Geobloggers, de una idea a realidad<\/a><\/li>\n<\/ul>\n<p><img loading=\"lazy\" decoding=\"async\" data-attachment-id=\"6634\" data-permalink=\"https:\/\/alpoma.net\/carto\/?attachment_id=6634\" data-orig-file=\"https:\/\/alpoma.net\/carto\/wp-content\/uploads\/2017\/06\/geobloggers.jpeg\" data-orig-size=\"500,546\" data-comments-opened=\"0\" data-image-meta=\"{&quot;aperture&quot;:&quot;0&quot;,&quot;credit&quot;:&quot;&quot;,&quot;camera&quot;:&quot;&quot;,&quot;caption&quot;:&quot;&quot;,&quot;created_timestamp&quot;:&quot;0&quot;,&quot;copyright&quot;:&quot;&quot;,&quot;focal_length&quot;:&quot;0&quot;,&quot;iso&quot;:&quot;0&quot;,&quot;shutter_speed&quot;:&quot;0&quot;,&quot;title&quot;:&quot;&quot;,&quot;orientation&quot;:&quot;0&quot;}\" data-image-title=\"geobloggers\" data-image-description=\"\" data-image-caption=\"\" data-large-file=\"https:\/\/alpoma.net\/carto\/wp-content\/uploads\/2017\/06\/geobloggers.jpeg\" src=\"http:\/\/alpoma.net\/carto\/wp-content\/uploads\/2017\/06\/geobloggers.jpeg\" alt=\"\" width=\"500\" height=\"546\" class=\"aligncenter size-full wp-image-6634\" srcset=\"https:\/\/alpoma.net\/carto\/wp-content\/uploads\/2017\/06\/geobloggers.jpeg 500w, https:\/\/alpoma.net\/carto\/wp-content\/uploads\/2017\/06\/geobloggers-275x300.jpeg 275w\" sizes=\"auto, (max-width: 500px) 100vw, 500px\" \/><\/p>\n","protected":false},"excerpt":{"rendered":"<div class=\"mh-excerpt\"><p>A trav\u00e9s de Gers\u00f3n Beltr\u00e1n me lleg\u00f3 esta ma\u00f1ana la noticia acerca del inminente I Encuentro Nacional de Geobloggers que se celebrar\u00e1 en Valencia este <a class=\"mh-excerpt-more\" href=\"https:\/\/alpoma.net\/carto\/?p=6631\" title=\"Encuentro nacional de Geobloggers\">[&#8230;]<\/a><\/p>\n<\/div>","protected":false},"author":1,"featured_media":6632,"comment_status":"open","ping_status":"open","sticky":false,"template":"","format":"standard","meta":{"jetpack_post_was_ever_published":false,"_jetpack_newsletter_access":"","_jetpack_dont_email_post_to_subs":false,"_jetpack_newsletter_tier_id":0,"_jetpack_memberships_contains_paywalled_content":false,"_jetpack_memberships_contains_paid_content":false,"footnotes":""},"categories":[1],"tags":[210],"class_list":["post-6631","post","type-post","status-publish","format-standard","has-post-thumbnail","hentry","category-general","tag-geobloggers"],"jetpack_featured_media_url":"https:\/\/alpoma.net\/carto\/wp-content\/uploads\/2017\/06\/I-Encuentro-Nacional-de-Geobloggers.png","jetpack_shortlink":"https:\/\/wp.me\/p93Co9-1IX","jetpack-related-posts":[{"id":1886,"url":"https:\/\/alpoma.net\/carto\/?p=1886","url_meta":{"origin":6631,"position":0},"title":"Sobre turismo y geolocalizaci\u00f3n","author":"alpoma","date":"septiembre 17, 2010","format":false,"excerpt":"Interesante presentaci\u00f3n de Borja Rodr\u00edguez y Gerson Beltr\u00e1n sobre el pasado, presente y futuro de la geolocalizaci\u00f3n, realidad aumentada y los flujos de datos en tiempo real aplicados al turismo. Informaci\u00f3n en tiempo real, geolocalizaci\u00f3n y realidad aumentadaVer m\u00e1s presentaciones de Geoturismo. | V\u00eda wwwhat\u00b4s new |","rel":"","context":"En \u00abEn l\u00ednea\u00bb","block_context":{"text":"En l\u00ednea","link":"https:\/\/alpoma.net\/carto\/?cat=5"},"img":{"alt_text":"","src":"","width":0,"height":0},"classes":[]},{"id":1046,"url":"https:\/\/alpoma.net\/carto\/?p=1046","url_meta":{"origin":6631,"position":1},"title":"GEO-blogs del mundo&#8230; \u00a1un\u00edos!","author":"alpoma","date":"noviembre 1, 2009","format":false,"excerpt":"S\u00ed, de acuerdo, he de reconocer que el t\u00edtulo es grandilocuente y, sin embargo, \u00bfhabr\u00e1 mejor forma de llamar la atenci\u00f3n sobre tan loable inicativa? La propuesta surge de la inquieta mente que est\u00e1 detr\u00e1s de El mundo de los mapas, unos de los cartoblogs de referencia en castellano. \u00bfY\u2026","rel":"","context":"En \u00abEn l\u00ednea\u00bb","block_context":{"text":"En l\u00ednea","link":"https:\/\/alpoma.net\/carto\/?cat=5"},"img":{"alt_text":"","src":"https:\/\/i0.wp.com\/alpoma.net\/carto\/wp-content\/uploads\/2009\/11\/4065112447_b11c83ab66_o.jpg?resize=350%2C200&ssl=1","width":350,"height":200,"srcset":"https:\/\/i0.wp.com\/alpoma.net\/carto\/wp-content\/uploads\/2009\/11\/4065112447_b11c83ab66_o.jpg?resize=350%2C200&ssl=1 1x, https:\/\/i0.wp.com\/alpoma.net\/carto\/wp-content\/uploads\/2009\/11\/4065112447_b11c83ab66_o.jpg?resize=525%2C300&ssl=1 1.5x"},"classes":[]},{"id":661,"url":"https:\/\/alpoma.net\/carto\/?p=661","url_meta":{"origin":6631,"position":2},"title":"GeoCommons Maker!","author":"alpoma","date":"octubre 2, 2008","format":false,"excerpt":"Si tuviera que referirme a este proyecto de forma muy breve, dir\u00eda que se trata de la comidilla de la geoblogosfera. Todo el mundo habla de ello, y no sin raz\u00f3n. Acaba de nacer en medio de referencias y comentarios por todas partes. \u00bfQu\u00e9 es GeoCommons? Para empezar hay que\u2026","rel":"","context":"En \u00abEn l\u00ednea\u00bb","block_context":{"text":"En l\u00ednea","link":"https:\/\/alpoma.net\/carto\/?cat=5"},"img":{"alt_text":"","src":"","width":0,"height":0},"classes":[]},{"id":279,"url":"https:\/\/alpoma.net\/carto\/?p=279","url_meta":{"origin":6631,"position":3},"title":"Geomaticblog","author":"alpoma","date":"noviembre 17, 2006","format":false,"excerpt":"\u00bfQu\u00e9 sucede cuando un grupo de amigos apasionados por la tecnolog\u00eda geoespacial -ll\u00e1mese geom\u00e1tica o como se quiera- se unen para crear un blog? La respuesta a esta pregunta es muy sencilla: crean un espacio apasionante como geomaticblog. Acabo de repasar sus contenidos y me encanta, es un blog que\u2026","rel":"","context":"En \u00abMiscel\u00e1nea\u00bb","block_context":{"text":"Miscel\u00e1nea","link":"https:\/\/alpoma.net\/carto\/?cat=1"},"img":{"alt_text":"","src":"","width":0,"height":0},"classes":[]},{"id":2120,"url":"https:\/\/alpoma.net\/carto\/?p=2120","url_meta":{"origin":6631,"position":4},"title":"Uso de Google Fusion Tables en cartograf\u00eda","author":"alpoma","date":"diciembre 7, 2010","format":false,"excerpt":"Google Fusion Tables es una de esas herramientas \"escondidas\" del gigante de las b\u00fasquedas que va m\u00e1s all\u00e1 de lo que ofrece Google Spreadsheets, aunque su funcionamiento ofrece bastantes similitudes. Lo m\u00e1s ventajoso de Fusion Tables es, sobre todo, que permite manejar hojas de c\u00e1lculo, archivos CSV y KML de\u2026","rel":"","context":"En \u00abExperimentos\u00bb","block_context":{"text":"Experimentos","link":"https:\/\/alpoma.net\/carto\/?cat=10"},"img":{"alt_text":"","src":"","width":0,"height":0},"classes":[]},{"id":2129,"url":"https:\/\/alpoma.net\/carto\/?p=2129","url_meta":{"origin":6631,"position":5},"title":"\u00bfComo importar un Shapefile en Google Fusion Tables?","author":"alpoma","date":"diciembre 13, 2010","format":false,"excerpt":"Ni me lo hab\u00eda planteado, aunque anteriormente le\u00ed que era posible, tampoco hice mucho caso, pero hoy Geo @ ObjectGraph ha publicado una nueva entrega de sus aventuras con Google Fusion Tables, como complemento al art\u00edculo relacionado con este asunto que visit\u00f3 La Cartoteca hace poco y me ha sorprendido\u2026","rel":"","context":"En \u00abExperimentos\u00bb","block_context":{"text":"Experimentos","link":"https:\/\/alpoma.net\/carto\/?cat=10"},"img":{"alt_text":"","src":"","width":0,"height":0},"classes":[]}],"jetpack_sharing_enabled":true,"_links":{"self":[{"href":"https:\/\/alpoma.net\/carto\/index.php?rest_route=\/wp\/v2\/posts\/6631","targetHints":{"allow":["GET"]}}],"collection":[{"href":"https:\/\/alpoma.net\/carto\/index.php?rest_route=\/wp\/v2\/posts"}],"about":[{"href":"https:\/\/alpoma.net\/carto\/index.php?rest_route=\/wp\/v2\/types\/post"}],"author":[{"embeddable":true,"href":"https:\/\/alpoma.net\/carto\/index.php?rest_route=\/wp\/v2\/users\/1"}],"replies":[{"embeddable":true,"href":"https:\/\/alpoma.net\/carto\/index.php?rest_route=%2Fwp%2Fv2%2Fcomments&post=6631"}],"version-history":[{"count":0,"href":"https:\/\/alpoma.net\/carto\/index.php?rest_route=\/wp\/v2\/posts\/6631\/revisions"}],"wp:featuredmedia":[{"embeddable":true,"href":"https:\/\/alpoma.net\/carto\/index.php?rest_route=\/wp\/v2\/media\/6632"}],"wp:attachment":[{"href":"https:\/\/alpoma.net\/carto\/index.php?rest_route=%2Fwp%2Fv2%2Fmedia&parent=6631"}],"wp:term":[{"taxonomy":"category","embeddable":true,"href":"https:\/\/alpoma.net\/carto\/index.php?rest_route=%2Fwp%2Fv2%2Fcategories&post=6631"},{"taxonomy":"post_tag","embeddable":true,"href":"https:\/\/alpoma.net\/carto\/index.php?rest_route=%2Fwp%2Fv2%2Ftags&post=6631"}],"curies":[{"name":"wp","href":"https:\/\/api.w.org\/{rel}","templated":true}]}}